{"id":191606,"date":"2025-06-20T18:44:10","date_gmt":"2025-06-20T18:44:10","guid":{"rendered":"https:\/\/www.europesays.com\/fr\/191606\/"},"modified":"2025-06-20T18:44:10","modified_gmt":"2025-06-20T18:44:10","slug":"la-rumeur-enflamme-les-reseaux-sociaux-y-a-t-il-vraiment-un-cas-de-dengue-autochtone-dans-les-alpes-maritimes","status":"publish","type":"post","link":"https:\/\/www.europesays.com\/fr\/191606\/","title":{"rendered":"La rumeur enflamme les r\u00e9seaux sociaux: y a-t-il vraiment un cas de dengue autochtone dans les Alpes-Maritimes?"},"content":{"rendered":"<p>Contrairement \u00e0 une rumeur circulant ces derniers jours,<strong> \u00ab\u00a0aucun cas autochtone de dengue n\u2019a \u00e9t\u00e9 d\u00e9tect\u00e9 \u00e0 Vence, ni dans aucune autre commune des Alpes-Maritimes\u00a0\u00bb, <\/strong>confirme l\u2019Agence r\u00e9gionale de sant\u00e9 (ARS) Provence-Alpes-C\u00f4te d\u2019Azur. L\u2019organisme, sollicit\u00e9 \u00e0 ce sujet par Nice-Matin, se veut formel et rassurant.<\/p>\n<p>La confusion pourrait venir d\u2019un <strong>cas import\u00e9 effectivement d\u00e9cel\u00e9 \u00e0 Vence d\u00e9but juin<\/strong> \u2013\u00a0et notamment relay\u00e9 sur les r\u00e9seaux sociaux par le conseiller municipal d\u2019opposition Patrice Miran:<strong> la personne concern\u00e9e a contract\u00e9 la maladie \u00e0 l\u2019\u00e9tranger<\/strong>, dans une zone o\u00f9 le virus circule activement, avant de revenir en France.<\/p>\n<p>Il est important de rappeler la diff\u00e9rence entre cas import\u00e9 et cas autochtone. Un cas autochtone d\u00e9signe une personne infect\u00e9e par la dengue en France m\u00e9tropolitaine, sans avoir voyag\u00e9 dans les quinze jours pr\u00e9c\u00e9dant les sympt\u00f4mes.<\/p>\n<p>Autrement dit, l\u2019infection aurait \u00e9t\u00e9 transmise localement par un moustique tigre contamin\u00e9. Ce n\u2019est pas le cas ici. <strong>\u00c0 ce jour, aucun signalement de ce type n\u2019a \u00e9t\u00e9 recens\u00e9 dans le d\u00e9partement.<\/strong><\/p>\n<p>Vigilance <\/p>\n<p>Le nombre de cas import\u00e9s augmente n\u00e9anmoins d\u2019ann\u00e9e en ann\u00e9e, en raison de la recrudescence mondiale de la dengue, favoris\u00e9e notamment par le r\u00e9chauffement climatique, qui \u00e9largit les zones de circulation du moustique vecteur.<\/p>\n<p>La dengue est une maladie virale tropicale, parfois grave, transmise par la piq\u00fbre d\u2019un moustique infect\u00e9, notamment le moustique tigre, d\u00e9sormais implant\u00e9 dans de nombreuses r\u00e9gions fran\u00e7aises. Elle ne se transmet pas directement de personne \u00e0 personne.<\/p>\n<p>La vigilance reste de mise, surtout en p\u00e9riode estivale, mais aucune alerte sanitaire locale n\u2019est actuellement en cours \u00e0 Vence ou dans les Alpes-Maritimes.<\/p>\n","protected":false},"excerpt":{"rendered":"Contrairement \u00e0 une rumeur circulant ces derniers jours, \u00ab\u00a0aucun cas autochtone de dengue n\u2019a \u00e9t\u00e9 d\u00e9tect\u00e9 \u00e0 Vence,&hellip;\n","protected":false},"author":2,"featured_media":191607,"comment_status":"","ping_status":"","sticky":false,"template":"","format":"standard","meta":{"footnotes":""},"categories":[10],"tags":[1011,27,72,71],"class_list":{"0":"post-191606","1":"post","2":"type-post","3":"status-publish","4":"format-standard","5":"has-post-thumbnail","7":"category-sante","8":"tag-fr","9":"tag-france","10":"tag-health","11":"tag-sante"},"share_on_mastodon":{"url":"https:\/\/pubeurope.com\/@fr\/114717174336450731","error":""},"_links":{"self":[{"href":"https:\/\/www.europesays.com\/fr\/wp-json\/wp\/v2\/posts\/191606","targetHints":{"allow":["GET"]}}],"collection":[{"href":"https:\/\/www.europesays.com\/fr\/wp-json\/wp\/v2\/posts"}],"about":[{"href":"https:\/\/www.europesays.com\/fr\/wp-json\/wp\/v2\/types\/post"}],"author":[{"embeddable":true,"href":"https:\/\/www.europesays.com\/fr\/wp-json\/wp\/v2\/users\/2"}],"replies":[{"embeddable":true,"href":"https:\/\/www.europesays.com\/fr\/wp-json\/wp\/v2\/comments?post=191606"}],"version-history":[{"count":0,"href":"https:\/\/www.europesays.com\/fr\/wp-json\/wp\/v2\/posts\/191606\/revisions"}],"wp:featuredmedia":[{"embeddable":true,"href":"https:\/\/www.europesays.com\/fr\/wp-json\/wp\/v2\/media\/191607"}],"wp:attachment":[{"href":"https:\/\/www.europesays.com\/fr\/wp-json\/wp\/v2\/media?parent=191606"}],"wp:term":[{"taxonomy":"category","embeddable":true,"href":"https:\/\/www.europesays.com\/fr\/wp-json\/wp\/v2\/categories?post=191606"},{"taxonomy":"post_tag","embeddable":true,"href":"https:\/\/www.europesays.com\/fr\/wp-json\/wp\/v2\/tags?post=191606"}],"curies":[{"name":"wp","href":"https:\/\/api.w.org\/{rel}","templated":true}]}}