{"id":191614,"date":"2025-06-20T18:48:10","date_gmt":"2025-06-20T18:48:10","guid":{"rendered":"https:\/\/www.europesays.com\/fr\/191614\/"},"modified":"2025-06-20T18:48:10","modified_gmt":"2025-06-20T18:48:10","slug":"m-macron-a-annonce-le-lancement-du-projet-davion-spatial-vortex-pour-la-defense","status":"publish","type":"post","link":"https:\/\/www.europesays.com\/fr\/191614\/","title":{"rendered":"M. Macron a annonc\u00e9 le lancement du projet d&rsquo;avion spatial VORTEX pour la d\u00e9fense"},"content":{"rendered":"<p><img fetchpriority=\"high\" decoding=\"async\" src=\"https:\/\/www.europesays.com\/fr\/wp-content\/uploads\/2025\/06\/vortex-20250620.jpg\" alt=\"\" width=\"600\" height=\"358\" class=\"alignnone size-full wp-image-82570\"  \/><\/p>\n<p>L\u2019actualisation de la Revue nationale strat\u00e9gique, dont le contenu devrait \u00eatre d\u00e9voil\u00e9 en juillet, fera la part belle aux enjeux li\u00e9s \u00e0 l\u2019espace. C\u2019est en effet ce qu\u2019a laiss\u00e9 entendre le pr\u00e9sident Macron, ce 20 juin, et ce que sugg\u00e8rent les projets que le minist\u00e8re des Arm\u00e9es vient de lancer, \u00e0 l\u2019occasion du salon international de l\u2019a\u00e9ronautique et de l\u2019espace du Bourget.<\/p>\n<p>En effet, la Direction g\u00e9n\u00e9rale de l\u2019armement [DGA] a notifi\u00e9 \u00e0 la soci\u00e9t\u00e9 Eutelsat un accord-cadre en vue du lancement du programme NEXUS [Neo-Espace pour de multiples Usages S\u00e9curis\u00e9s], lequel vise \u00e0 compl\u00e9ter, par des moyens plac\u00e9s sur une orbite basse, les capacit\u00e9s offertes par les satellites militaires de t\u00e9l\u00e9communications g\u00e9ostationnaires Syracuse 4A et 4B. <\/p>\n<p>Un second contrat a \u00e9t\u00e9 notifi\u00e9 \u00e0 l\u2019entreprise Greenerwaves afin de doter les forces fran\u00e7aises d\u2019antennes satellitaires \u00ab\u00a0particuli\u00e8rement performantes et accessibles\u00a0\u00bb. Il s\u2019agit de la concr\u00e9tisation d\u2019un projet lanc\u00e9 par l\u2019Agence de l\u2019innovation de d\u00e9fense [AID] en 2019. \u00c0 l\u2019\u00e9poque, l\u2019objectif \u00e9tait de mettre au point de nouveaux terminaux SATCOM compacts en s\u2019appuyant sur les propri\u00e9t\u00e9s des \u00ab\u00a0m\u00e9tasurfaces reconfigurables\u00a0\u00bb, qui permettent de contr\u00f4ler les ondes \u00e9lectromagn\u00e9tiques gr\u00e2ce \u00e0 des algorithmes. <\/p>\n<p>En mati\u00e8re de surveillance spatiale, la DGA a attribu\u00e9, pour le compte du Commandement de l\u2019Espace [CdE], le march\u00e9 RIVESALT [Reconnaissance et Identification pour la Vigilance de l\u2019Environnement Spatial \u00e0 toutes les ALTitudes] \u00e0 la soci\u00e9t\u00e9 Aldoria. Aucun d\u00e9tail suppl\u00e9mentaire n\u2019a \u00e9t\u00e9 donn\u00e9 sur ce programme. <\/p>\n<p>Autre projet annonc\u00e9 : l\u2019optimisation du d\u00e9veloppement de nanosatellites, au travers d\u2019une note d\u2019orientation industrielle contenant \u00ab\u00a0plusieurs mesures concr\u00e8tes\u00a0\u00bb \u00e9labor\u00e9es par la DGA. <\/p>\n<p>Enfin, d\u00e9fendu depuis longtemps par \u00c9ric Trappier, le PDG de Dassault Aviation et souhait\u00e9 par l\u2019arm\u00e9e de l\u2019Air &amp; de l\u2019Espace, le projet d\u2019avion spatial VORTEX a officiellement \u00e9t\u00e9 lanc\u00e9. C\u2019est en effet ce qu\u2019a annonc\u00e9 [et justifi\u00e9] M. Macron, \u00e0 l\u2019occasion de sa visite au salon du Bourget. <\/p>\n<p>\u00ab\u00a0Notre Europe doit d\u00e9cider de redevenir une puissance spatiale, la France en \u00e9tant au c\u0153ur. Et d\u2019abord [sur le plan] militaire. Ce qui implique de nous doter, en Europ\u00e9ens, de capacit\u00e9s de surveillance de l\u2019espace, de commandement des op\u00e9rations, de r\u00e9activit\u00e9, de d\u00e9couragement de l\u2019ennemi, avec une plus grande r\u00e9silience de nos capacit\u00e9s souveraines. Et l\u00e0-dessus, on en parlait encore hier avec le ministre [S\u00e9bastien Lecornu], le D\u00e9l\u00e9gu\u00e9 g\u00e9n\u00e9ral pour l\u2019armement et le chef d\u2019\u00e9tat-major des arm\u00e9es, on doit aller encore plus vite et plus fort\u00a0\u00bb, a d\u2019abord affirm\u00e9 le locataire de l\u2019\u00c9lys\u00e9e. <\/p>\n<p>Apr\u00e8s avoir \u00e9voqu\u00e9 la \u00ab\u00a0revisite\u00a0\u00bb de la Loi de programmation militaire [dont il  donnera le d\u00e9tail le 13 juillet] et rappel\u00e9 qu\u2019il consid\u00e9rait la Russie comme une \u00ab\u00a0menace existentielle\u00a0\u00bb pour les Europ\u00e9ens, M. Macron a soutenu la n\u00e9cessit\u00e9 de \u00ab\u00a0monter l\u2019investissement dans le spatial\u00a0\u00bb de d\u00e9fense. <\/p>\n<p>\u00ab\u00a0L\u00e0 aussi, nous attendons de l\u2019innovation et c\u2019est tout le sens du projet d\u2019avion spatial port\u00e9 par Dassault [Aviation], baptis\u00e9 VORTEX [V\u00e9hicule Orbital R\u00e9utilisable de Transport et d\u2019EXploration]. Il porte des possibilit\u00e9s d\u2019avant-garde pour notre d\u00e9fense. Ce qui a \u00e9t\u00e9 sign\u00e9 pendant ce salon est fondamental et c\u2019est, pour moi, une avanc\u00e9e importante\u00a0\u00bb, a d\u00e9clar\u00e9 le chef de l\u2019\u00c9tat, sans plus de pr\u00e9cisions. <\/p>\n<p>Le projet VORTEX avait \u00e9t\u00e9 succinctement \u00e9voqu\u00e9 par M. Trappier, dans les pages du quotidien Le Figaro, le 17 juin. \u00ab\u00a0Il s\u2019agit \u00e0 terme d\u2019un \u2018avion spatial\u2019, un v\u00e9hicule habit\u00e9, capable de man\u0153uvrer dans l\u2019espace et de revenir sur Terre, une sorte de navette spatiale. [\u2026] Nous y allons par \u00e9tapes, avec un d\u00e9monstrateur que nous testerons en suborbital, puis en orbital, puis avec un \u00e9quipage. Nous aurons besoin d\u2019un petit lanceur tr\u00e8s flexible pour le lancer\u00a0\u00bb, avait-il expliqu\u00e9, apr\u00e8s avoir \u00e9voqu\u00e9 des travaux men\u00e9s avec la DGA et le Centre national d\u2019 \u00e9tudes spatiales [CNES]. <\/p>\n<p>Pour le moment, le minist\u00e8re des Arm\u00e9es n\u2019a pas encore donn\u00e9 de d\u00e9tails [calendrier, co\u00fbts, attentes] sur ce projet\u2026 qui, s\u2019il se concr\u00e9tise, dotera la France d\u2019une capacit\u00e9 identique \u00e0 celles mises en \u0153uvre par les \u00c9tats-Unis [avec le drone spatial X-37B] et la Chine [avec le CSSHQ]. <\/p>\n<p>Pour l\u2019arm\u00e9e de l\u2019Air &amp; de l\u2019Espace, un tel engin permettrait de placer des charges utiles en orbite \u00e0 moindre co\u00fbts, de r\u00e9cup\u00e9rer des objets, voire man\u0153uvrer autour de satellites potentiellement hostiles. <\/p>\n<p>Pour ce projet, Dassault Aviation entend suivre un \u00ab\u00a0processus d\u2019innovation incr\u00e9mental visant \u00e0 initier, adapter et acc\u00e9l\u00e9rer le d\u00e9veloppement des capacit\u00e9s des avions spatiaux\u00a0\u00bb. Quatre \u00e9tapes sont pr\u00e9vues : VORTEX D [d\u00e9monstrateur \u00e0 l\u2019\u00e9chelle 1\/3], VORTEX S [\u00ab\u00a0Smart Free Flyer\u00a0\u00bb \u00e0 l\u2019\u00e9chelle 2\/3], VORTEX C [cargo] et VORTEX M [vol habit\u00e9]. <\/p>\n<p>La phase VORTEX D visera \u00e0 lever les risques \u00ab\u00a0li\u00e9s \u00e0 la configuration de l\u2019avion spatial dans les phases critiques d\u2019une rentr\u00e9e hypersonique\u00a0\u00bb, valider les principes de contr\u00f4le de vol et \u00e0 tester plusieurs syst\u00e8mes et nouvelles technologies cl\u00e9s. <\/p>\n<p>\u2014\u2013<\/p>\n","protected":false},"excerpt":{"rendered":"L\u2019actualisation de la Revue nationale strat\u00e9gique, dont le contenu devrait \u00eatre d\u00e9voil\u00e9 en juillet, fera la part belle&hellip;\n","protected":false},"author":2,"featured_media":191615,"comment_status":"","ping_status":"","sticky":false,"template":"","format":"standard","meta":{"footnotes":""},"categories":[6],"tags":[33024,33025,33026,35,33027,20286,33,34,1073,33028,386,1011,27,33029],"class_list":{"0":"post-191614","1":"post","2":"type-post","3":"status-publish","4":"format-standard","5":"has-post-thumbnail","7":"category-economie","8":"tag-aae","9":"tag-armee-de-lair-de-lespace","10":"tag-avion-spatial","11":"tag-business","12":"tag-commandement-de-lespace","13":"tag-dassault-aviation","14":"tag-economie","15":"tag-economy","16":"tag-emmanuel-macron","17":"tag-eric-trappier","18":"tag-espace","19":"tag-fr","20":"tag-france","21":"tag-vortex"},"share_on_mastodon":{"url":"https:\/\/pubeurope.com\/@fr\/114717190057997144","error":""},"_links":{"self":[{"href":"https:\/\/www.europesays.com\/fr\/wp-json\/wp\/v2\/posts\/191614","targetHints":{"allow":["GET"]}}],"collection":[{"href":"https:\/\/www.europesays.com\/fr\/wp-json\/wp\/v2\/posts"}],"about":[{"href":"https:\/\/www.europesays.com\/fr\/wp-json\/wp\/v2\/types\/post"}],"author":[{"embeddable":true,"href":"https:\/\/www.europesays.com\/fr\/wp-json\/wp\/v2\/users\/2"}],"replies":[{"embeddable":true,"href":"https:\/\/www.europesays.com\/fr\/wp-json\/wp\/v2\/comments?post=191614"}],"version-history":[{"count":0,"href":"https:\/\/www.europesays.com\/fr\/wp-json\/wp\/v2\/posts\/191614\/revisions"}],"wp:featuredmedia":[{"embeddable":true,"href":"https:\/\/www.europesays.com\/fr\/wp-json\/wp\/v2\/media\/191615"}],"wp:attachment":[{"href":"https:\/\/www.europesays.com\/fr\/wp-json\/wp\/v2\/media?parent=191614"}],"wp:term":[{"taxonomy":"category","embeddable":true,"href":"https:\/\/www.europesays.com\/fr\/wp-json\/wp\/v2\/categories?post=191614"},{"taxonomy":"post_tag","embeddable":true,"href":"https:\/\/www.europesays.com\/fr\/wp-json\/wp\/v2\/tags?post=191614"}],"curies":[{"name":"wp","href":"https:\/\/api.w.org\/{rel}","templated":true}]}}