{"id":191616,"date":"2025-06-20T18:49:09","date_gmt":"2025-06-20T18:49:09","guid":{"rendered":"https:\/\/www.europesays.com\/fr\/191616\/"},"modified":"2025-06-20T18:49:09","modified_gmt":"2025-06-20T18:49:09","slug":"le-cyberespace-autre-front-de-la-guerre-entre-israel-et-liran-liberation","status":"publish","type":"post","link":"https:\/\/www.europesays.com\/fr\/191616\/","title":{"rendered":"Le cyberespace, autre front de la guerre entre Isra\u00ebl et l\u2019Iran \u2013 Lib\u00e9ration"},"content":{"rendered":"<p class=\"sc-ksZaOG ehjQrN text-element\">Alors que les frappes a\u00e9riennes font rage entre Isra\u00ebl et l\u2019Iran depuis <a href=\"https:\/\/www.liberation.fr\/international\/moyen-orient\/guerre-israel-iran-quelles-sont-les-forces-americaines-deployees-au-moyen-orient-20250619_N4AYJPOJLVF6BKZGMNMSKFLHQI\/\" target=\"_blank\" rel=\"noreferrer noopener\" title=\"https:\/\/www.liberation.fr\/international\/moyen-orient\/guerre-israel-iran-quelles-sont-les-forces-americaines-deployees-au-moyen-orient-20250619_N4AYJPOJLVF6BKZGMNMSKFLHQI\/\">l\u2019offensive d\u00e9clench\u00e9e le 13 juin par l\u2019Etat h\u00e9breu<\/a>, le conflit trouve aussi, sans surprise, des \u00e9chos dans le cyberespace. Mercredi 18 juin, l\u2019agence de presse iranienne Fars \u00e9voquait \u00abplus de 6 700 attaques par d\u00e9ni de service distribu\u00e9\u00bb (DDoS, c\u2019est-\u00e0-dire par saturation des serveurs sous un afflux de connexions, pour les rendre indisponibles) essuy\u00e9es en trois jours ; dans la foul\u00e9e, T\u00e9h\u00e9ran a encore restreint l\u2019acc\u00e8s \u00e0 Internet dans le pays. Surtout, mardi et mercredi, un groupe de pirates informatiques nomm\u00e9 Gonjeshke Darande \u2013 soit \u00abMoineau pr\u00e9dateur\u00bb en farsi \u2013 a revendiqu\u00e9 deux importantes cyberattaques men\u00e9es contre des acteurs financiers.<\/p>\n<p class=\"sc-ksZaOG ehjQrN text-element\">La premi\u00e8re, mardi 17 juin, a vis\u00e9 l\u2019une des principales banques iraniennes, la Sepah, avec pour effet, selon l\u2019agence Fars, \u00abdes perturbations des services en ligne\u00bb. Le lendemain, Gonjeshke Darande affirmait avoir compromis Nobitex, la plus grande plateforme d\u2019\u00e9change de cryptomonnaies du pays, accus\u00e9e d\u2019\u00eatre \u00abau c\u0153ur des efforts d\u00e9ploy\u00e9s par le r\u00e9gime<\/p>\n","protected":false},"excerpt":{"rendered":"Alors que les frappes a\u00e9riennes font rage entre Isra\u00ebl et l\u2019Iran depuis l\u2019offensive d\u00e9clench\u00e9e le 13 juin par&hellip;\n","protected":false},"author":2,"featured_media":191617,"comment_status":"","ping_status":"","sticky":false,"template":"","format":"standard","meta":{"footnotes":""},"categories":[5],"tags":[11,16968,1011,27,14,31951,12,28],"class_list":{"0":"post-191616","1":"post","2":"type-post","3":"status-publish","4":"format-standard","5":"has-post-thumbnail","7":"category-international","8":"tag-actualites","9":"tag-cybercriminalite","10":"tag-fr","11":"tag-france","12":"tag-international","13":"tag-iran-israel-guerre","14":"tag-news","15":"tag-world"},"share_on_mastodon":{"url":"https:\/\/pubeurope.com\/@fr\/114717193882534506","error":""},"_links":{"self":[{"href":"https:\/\/www.europesays.com\/fr\/wp-json\/wp\/v2\/posts\/191616","targetHints":{"allow":["GET"]}}],"collection":[{"href":"https:\/\/www.europesays.com\/fr\/wp-json\/wp\/v2\/posts"}],"about":[{"href":"https:\/\/www.europesays.com\/fr\/wp-json\/wp\/v2\/types\/post"}],"author":[{"embeddable":true,"href":"https:\/\/www.europesays.com\/fr\/wp-json\/wp\/v2\/users\/2"}],"replies":[{"embeddable":true,"href":"https:\/\/www.europesays.com\/fr\/wp-json\/wp\/v2\/comments?post=191616"}],"version-history":[{"count":0,"href":"https:\/\/www.europesays.com\/fr\/wp-json\/wp\/v2\/posts\/191616\/revisions"}],"wp:featuredmedia":[{"embeddable":true,"href":"https:\/\/www.europesays.com\/fr\/wp-json\/wp\/v2\/media\/191617"}],"wp:attachment":[{"href":"https:\/\/www.europesays.com\/fr\/wp-json\/wp\/v2\/media?parent=191616"}],"wp:term":[{"taxonomy":"category","embeddable":true,"href":"https:\/\/www.europesays.com\/fr\/wp-json\/wp\/v2\/categories?post=191616"},{"taxonomy":"post_tag","embeddable":true,"href":"https:\/\/www.europesays.com\/fr\/wp-json\/wp\/v2\/tags?post=191616"}],"curies":[{"name":"wp","href":"https:\/\/api.w.org\/{rel}","templated":true}]}}