{"id":191618,"date":"2025-06-20T18:50:10","date_gmt":"2025-06-20T18:50:10","guid":{"rendered":"https:\/\/www.europesays.com\/fr\/191618\/"},"modified":"2025-06-20T18:50:10","modified_gmt":"2025-06-20T18:50:10","slug":"la-demande-de-nouvelles-fouilles-rejetee-par-la-justice","status":"publish","type":"post","link":"https:\/\/www.europesays.com\/fr\/191618\/","title":{"rendered":"la demande de nouvelles fouilles rejet\u00e9e par la justice"},"content":{"rendered":"<p>Alors que l\u2019avocate d\u2019une amie de Delphine Jubillar avait r\u00e9clam\u00e9 de nouvelles recherches pour retrouver le corps de la disparue, cette demande a \u00e9t\u00e9 rejet\u00e9e par la justice.<\/p>\n<p class=\"fig-paragraph\">Le proc\u00e8s Jubillar ne sera vraisemblablement pas report\u00e9. Et pour cause\u00a0: ce vendredi 20 juin, la pr\u00e9sidente de la cour d\u2019assises du Tarn a refus\u00e9 d\u2019ordonner de nouvelles fouilles dans ce dossier, a indiqu\u00e9 au Figaro une source proche du dossier, confirmant une information du\u00a0<a href=\"https:\/\/www.leparisien.fr\/faits-divers\/affaire-jubillar-la-justice-rejette-la-demande-de-nouvelles-fouilles-20-06-2025-U6TZDAE5RRDUPCOAD3TMKHVFZA.php\" target=\"_blank\" rel=\"nofollow noopener\" data-gtm-custom-categorie=\"navigation\" data-gtm-custom-action=\"crossclick\" data-gtm-custom-label=\"Contextuel\" data-gtm-event=\"customEventSPE\">Parisien<\/a> . Les recherches en question avaient \u00e9t\u00e9 r\u00e9clam\u00e9es par l\u2019avocate d\u2019une amie de l\u2019infirmi\u00e8re disparue, Me Pauline Rongier.<\/p>\n<p class=\"fig-paragraph\">Un mois plus t\u00f4t, la p\u00e9naliste avait fustig\u00e9 une instruction \u00abincompl\u00e8te\u00bb et avait demand\u00e9 de nouvelles recherches dans un bois situ\u00e9 \u00e0 une trentaine de kilom\u00e8tres de Cagnac-les-Mines, pr\u00e8s du hameau de Cazouls, sur la commune de Mirandol-Bourgnounac. Sans donner plus d\u2019explications, la justice a d\u00e9cid\u00e9 de ne pas ouvrir un suppl\u00e9ment d\u2019information.<\/p>\n<p>\u00abUn faux positif\u00bb<\/p>\n<p class=\"fig-paragraph\">\u00c0 en croire Me Rongier, les donn\u00e9es GPS du t\u00e9l\u00e9phone de C\u00e9dric Jubillar lors de la nuit de la disparition n\u2019auraient pas \u00e9t\u00e9 suffisamment exploit\u00e9es\u00a0: si l\u2019analyse de ces donn\u00e9es montre en effet \u00abune interruption d\u2019activit\u00e9 globale\u00bb sur le portable du peintre plaquiste entre &#8211; tr\u00e8s pr\u00e9cis\u00e9ment &#8211; 22h08 et 3h53, une \u00abdonn\u00e9e d\u2019emplacement\u00bb \u00e9merge \u00e0 3h21. Autrement dit, si le t\u00e9l\u00e9phone du principal suspect \u00e9tait, la nuit des faits, \u00e9teint, \u00e0 3h21, un point GPS correspondant aux coordonn\u00e9es GPS du portable de C\u00e9dric Jubillar appara\u00eet dans les analyses r\u00e9alis\u00e9es par les sp\u00e9cialistes.<\/p>\n<p class=\"fig-paragraph\">\u00abCette information est issue d\u2019une expertise r\u00e9alis\u00e9e en mai 2021\u00bb, explique l\u2019un des avocats de C\u00e9dric Jubillar, Me Emmanuelle Franck, \u00abmais ce point GPS a toujours \u00e9t\u00e9 consid\u00e9r\u00e9 par les experts comme un faux positif technique\u00bb, souligne l\u2019avocate.<\/p>\n<p class=\"fig-paragraph\">Dans sa demande d\u2019acte, Me Rongier s\u2019\u00e9tonne \u00e9galement de constater que ce point GPS enregistr\u00e9 \u00e0 3h21 correspond au point GPS du portable de C\u00e9dric Jubillar datant de la veille, \u00e0 la mi-journ\u00e9e. \u00abMon client se rendait au travail \u00e0 ce moment-l\u00e0, sur un chantier, non loin de cette zone\u00bb, affirme Me Franck. Cinq ans apr\u00e8s la disparition de la m\u00e8re de famille, son corps n\u2019a toujours pas \u00e9t\u00e9 retrouv\u00e9. Le proc\u00e8s de son mari doit se tenir \u00e0 partir du 22 septembre 2025, \u00e0 Albi.<\/p>\n","protected":false},"excerpt":{"rendered":"Alors que l\u2019avocate d\u2019une amie de Delphine Jubillar avait r\u00e9clam\u00e9 de nouvelles recherches pour retrouver le corps de&hellip;\n","protected":false},"author":2,"featured_media":191619,"comment_status":"","ping_status":"","sticky":false,"template":"","format":"standard","meta":{"footnotes":""},"categories":[4],"tags":[119,11,3694,33030,271,2951,33031,3695,3696,118,1011,27,2825,1253,303,12,1072,2694,25,2949],"class_list":{"0":"post-191618","1":"post","2":"type-post","3":"status-publish","4":"format-standard","5":"has-post-thumbnail","7":"category-france","8":"tag-accident","9":"tag-actualites","10":"tag-affaires","11":"tag-cedric-jubillar","12":"tag-crime","13":"tag-criminalite","14":"tag-delphine-jubillar","15":"tag-enquetes","16":"tag-evenements","17":"tag-faits-divers","18":"tag-fr","19":"tag-france","20":"tag-insecurite","21":"tag-islamisme","22":"tag-justice","23":"tag-news","24":"tag-police","25":"tag-proces","26":"tag-republique-francaise","27":"tag-violences"},"share_on_mastodon":{"url":"https:\/\/pubeurope.com\/@fr\/114717197873676665","error":""},"_links":{"self":[{"href":"https:\/\/www.europesays.com\/fr\/wp-json\/wp\/v2\/posts\/191618","targetHints":{"allow":["GET"]}}],"collection":[{"href":"https:\/\/www.europesays.com\/fr\/wp-json\/wp\/v2\/posts"}],"about":[{"href":"https:\/\/www.europesays.com\/fr\/wp-json\/wp\/v2\/types\/post"}],"author":[{"embeddable":true,"href":"https:\/\/www.europesays.com\/fr\/wp-json\/wp\/v2\/users\/2"}],"replies":[{"embeddable":true,"href":"https:\/\/www.europesays.com\/fr\/wp-json\/wp\/v2\/comments?post=191618"}],"version-history":[{"count":0,"href":"https:\/\/www.europesays.com\/fr\/wp-json\/wp\/v2\/posts\/191618\/revisions"}],"wp:featuredmedia":[{"embeddable":true,"href":"https:\/\/www.europesays.com\/fr\/wp-json\/wp\/v2\/media\/191619"}],"wp:attachment":[{"href":"https:\/\/www.europesays.com\/fr\/wp-json\/wp\/v2\/media?parent=191618"}],"wp:term":[{"taxonomy":"category","embeddable":true,"href":"https:\/\/www.europesays.com\/fr\/wp-json\/wp\/v2\/categories?post=191618"},{"taxonomy":"post_tag","embeddable":true,"href":"https:\/\/www.europesays.com\/fr\/wp-json\/wp\/v2\/tags?post=191618"}],"curies":[{"name":"wp","href":"https:\/\/api.w.org\/{rel}","templated":true}]}}