{"id":191626,"date":"2025-06-20T18:54:15","date_gmt":"2025-06-20T18:54:15","guid":{"rendered":"https:\/\/www.europesays.com\/fr\/191626\/"},"modified":"2025-06-20T18:54:15","modified_gmt":"2025-06-20T18:54:15","slug":"nancy-thermal-deux-filles-de-13-ans-filmees-par-un-homme-alors-quelles-se-changeaient-elles-ont-hurle","status":"publish","type":"post","link":"https:\/\/www.europesays.com\/fr\/191626\/","title":{"rendered":"Nancy Thermal. Deux filles de 13 ans film\u00e9es par un homme alors qu&rsquo;elles se changeaient : \u00ab\u00a0Elles ont hurl\u00e9\u00a0\u00bb"},"content":{"rendered":"<p>            Par<br \/>\n        <strong><br \/>\n            <a href=\"https:\/\/actu.fr\/auteur\/pierre-emile-bouchy-actu-fr\" title=\"Consulter tous les articles de Paul-Emile Bouchy\" rel=\"nofollow noopener\" target=\"_blank\">Paul-Emile Bouchy<\/a><br \/>\n        <\/strong><\/p>\n<p>        Publi\u00e9 le<\/p>\n<p>            20 juin 2025 \u00e0 18h40        <\/p>\n<p>Alors qu<a href=\"https:\/\/actu.fr\/grand-est\/nancy_54395\/nancy-thermal-alors-qu-elle-se-change-elle-surprend-un-homme-qui-la-filme-j-ai-vu-un-truc-qui-depassait_61638424.html\" rel=\"nofollow noopener\" target=\"_blank\">\u2019une femme avait d\u00e9j\u00e0 surpris un homme qui la filmait pendant qu\u2019elle se changeait<\/a> en septembre\u00a02024, des faits similaires se sont \u00e0 nouveau produits \u00e0 <a href=\"https:\/\/actu.fr\/tag\/nancy-thermal\" rel=\"nofollow noopener\" target=\"_blank\">Nancy Thermal<\/a> vendredi 13\u00a0juin.<\/p>\n<p class=\" wall-content\"><strong>Deux filles \u00e2g\u00e9es de 13\u00a0ans ont \u00e9t\u00e9 film\u00e9es par un homme de 18\u00a0ans<\/strong> pendant qu\u2019elles \u00e9taient dans leur cabine.\u00a0Lorraine Actu\u00a0a rencontr\u00e9 la maman de l\u2019une d\u2019entre elles.<\/p>\n<p>Un smartphone qui filme sous la cloison de la cabine<\/p>\n<p class=\" wall-content\">Vendredi 13\u00a0juin, alors que <a href=\"https:\/\/actu.fr\/meteo\/jusqu-a-40-degres-prevus-en-france-cette-semaine-voici-a-quoi-s-attendre-en-lorraine-d-apres-cet-expert_62752429.html\" rel=\"nofollow noopener\" target=\"_blank\">des fortes chaleurs s\u2019abattent sur Nancy et la Lorraine<\/a>, la maman de Victorine* l\u2019autorise \u00e0 aller \u00e0 la piscine de Nancy Thermal avec une copine.<\/p>\n<p class=\" wall-content\">Peu de temps apr\u00e8s, elle re\u00e7oit un appel de sa fille\u2009: \u00ab\u2009Elle me dit\u2009: \u00ab\u2009Maman, il m\u2019est arriv\u00e9 quelque chose. Il faut que j\u2019aille \u00e0 l\u2019h\u00f4tel de police boulevard Lobau\u2009\u00bb. Je ne comprends pas trop et j\u2019insiste pour qu\u2019elle me raconte.\u2009\u00bb<\/p>\n<p class=\" wall-content\">Sa fille lui raconte alors que quelqu\u2019un l\u2019a film\u00e9 avec sa copine pendant qu\u2019elles se changeaient. \u00ab<strong>\u2009Elles ont vu un smartphone appara\u00eetre sous la cloison de la cabine.<\/strong> Elles ont hurl\u00e9, se sont vite rhabill\u00e9es et ont r\u00e9ussi \u00e0 l\u2019attraper. Les vigiles sont arriv\u00e9s et ont alert\u00e9 la police\u2009\u00bb.<\/p>\n<p>Vid\u00e9os : en ce moment sur ActuPlusieurs filles film\u00e9es par le suspect depuis le d\u00e9but de la semaine<\/p>\n<p class=\" wall-content\">La police indique que le jeune homme a \u00e9t\u00e9 plac\u00e9 en garde \u00e0 vue et a reconnu les faits. <strong>Il s\u2019adonnait \u00e0 cela depuis le d\u00e9but de la semaine et plusieurs vid\u00e9os ont \u00e9t\u00e9 retrouv\u00e9es dans son t\u00e9l\u00e9phone<\/strong> qui a \u00e9t\u00e9 saisi.<\/p>\n<p class=\" wall-content\">Il sera pr\u00e9sent\u00e9 en comparution sur reconnaissance pr\u00e9alable de culpabilit\u00e9 pour <strong>\u00ab\u2009atteinte \u00e0 l\u2019intimit\u00e9 par photographie\u2009\u00bb<\/strong>.<\/p>\n<p>Nancy Thermal parle d\u2019une \u00ab\u2009exception\u2009\u00bb<\/p>\n<p class=\" wall-content\">La maman de Victorine nous assure que sa fille \u00ab\u2009va bien\u2009\u00bb apr\u00e8s avoir \u00e9t\u00e9 interrog\u00e9e par la police\u2009: \u00ab<strong>\u2009C\u2019est insupportable. J\u2019envisage de porter plainte contre le jeune homme et aussi contre Nancy Thermal.<\/strong> Je ne comprends pas pourquoi ils ne s\u00e9parent pas les vestiaires femmes et hommes.\u2009\u00bb<\/p>\n<p class=\" wall-content\">Contact\u00e9 par\u00a0Lorraine Actu, le complexe aquatique explique que<strong> ces faits restent \u00ab\u2009une exception\u2009\u00bb<\/strong>\u2009: \u00ab\u2009L\u2019\u00e9tablissement a des cam\u00e9ras de vid\u00e9o surveillance qui permettent d\u2019identifier avec certitude et sans contestation possible la personne et de l\u2019interpeller. L\u00e0 o\u00f9 d\u2019autres \u00e9tablissements n\u2019ont parfois pas ces moyens. De plus, Nancy Thermal a en permanence un ou plusieurs agents de s\u00e9curit\u00e9 et des \u00e9quipes mobilis\u00e9es pour intervenir rapidement en cas de probl\u00e8me.\u2009\u00bb<\/p>\n<p class=\" wall-content\">Concernant le fait de s\u00e9parer les cabines des hommes et celles des femmes, <strong>Nancy Thermal indique que \u00ab\u2009la configuration du site ne permet pas un r\u00e9am\u00e9nagement des vestiaires\u2009\u00bb<\/strong> et ajoute d\u00e9tenir \u00ab\u200916 cabines qui ferment \u00e0 cl\u00e9 et qui ont des murs de haut en bas pour ceux qui le souhaitent\u2009\u00bb.<\/p>\n<p class=\" wall-content\">*Le pr\u00e9nom a \u00e9t\u00e9 modifi\u00e9.<\/p>\n<p class=\" wall-content\">Suivez toute l\u2019actualit\u00e9 de vos villes et m\u00e9dias favoris en vous inscrivant \u00e0 <a href=\"https:\/\/moncompte.actu.fr\" title=\"D\u00e9couvez Mon Actu\" rel=\"nofollow noopener\" data-trk=\"{&quot;cta&quot;:{&quot;action&quot;:&quot;https:\\\/\\\/moncompte.actu.fr&quot;,&quot;category&quot;:&quot;mon compte&quot;,&quot;from&quot;:&quot;article footer&quot;,&quot;name&quot;:&quot;Mon actu&quot;,&quot;type&quot;:&quot;cta&quot;}}\" target=\"_blank\">Mon Actu<\/a>.<\/p>\n","protected":false},"excerpt":{"rendered":"Par Paul-Emile Bouchy Publi\u00e9 le 20 juin 2025 \u00e0 18h40 Alors qu\u2019une femme avait d\u00e9j\u00e0 surpris un homme&hellip;\n","protected":false},"author":2,"featured_media":191627,"comment_status":"","ping_status":"","sticky":false,"template":"","format":"standard","meta":{"footnotes":""},"categories":[9635],"tags":[1111,11,1777,674,118,1011,27,775,1702,33033,12,1072,25],"class_list":{"0":"post-191626","1":"post","2":"type-post","3":"status-publish","4":"format-standard","5":"has-post-thumbnail","7":"category-nancy","8":"tag-actu","9":"tag-actualites","10":"tag-eu","11":"tag-europe","12":"tag-faits-divers","13":"tag-fr","14":"tag-france","15":"tag-grand-est","16":"tag-nancy","17":"tag-nancy-thermal","18":"tag-news","19":"tag-police","20":"tag-republique-francaise"},"share_on_mastodon":{"url":"https:\/\/pubeurope.com\/@fr\/114717213647384992","error":""},"_links":{"self":[{"href":"https:\/\/www.europesays.com\/fr\/wp-json\/wp\/v2\/posts\/191626","targetHints":{"allow":["GET"]}}],"collection":[{"href":"https:\/\/www.europesays.com\/fr\/wp-json\/wp\/v2\/posts"}],"about":[{"href":"https:\/\/www.europesays.com\/fr\/wp-json\/wp\/v2\/types\/post"}],"author":[{"embeddable":true,"href":"https:\/\/www.europesays.com\/fr\/wp-json\/wp\/v2\/users\/2"}],"replies":[{"embeddable":true,"href":"https:\/\/www.europesays.com\/fr\/wp-json\/wp\/v2\/comments?post=191626"}],"version-history":[{"count":0,"href":"https:\/\/www.europesays.com\/fr\/wp-json\/wp\/v2\/posts\/191626\/revisions"}],"wp:featuredmedia":[{"embeddable":true,"href":"https:\/\/www.europesays.com\/fr\/wp-json\/wp\/v2\/media\/191627"}],"wp:attachment":[{"href":"https:\/\/www.europesays.com\/fr\/wp-json\/wp\/v2\/media?parent=191626"}],"wp:term":[{"taxonomy":"category","embeddable":true,"href":"https:\/\/www.europesays.com\/fr\/wp-json\/wp\/v2\/categories?post=191626"},{"taxonomy":"post_tag","embeddable":true,"href":"https:\/\/www.europesays.com\/fr\/wp-json\/wp\/v2\/tags?post=191626"}],"curies":[{"name":"wp","href":"https:\/\/api.w.org\/{rel}","templated":true}]}}