{"id":191638,"date":"2025-06-20T19:00:11","date_gmt":"2025-06-20T19:00:11","guid":{"rendered":"https:\/\/www.europesays.com\/fr\/191638\/"},"modified":"2025-06-20T19:00:11","modified_gmt":"2025-06-20T19:00:11","slug":"pres-de-rouen-la-toiture-dun-entrepot-desaffecte-prend-feu-les-pompiers-sur-place","status":"publish","type":"post","link":"https:\/\/www.europesays.com\/fr\/191638\/","title":{"rendered":"Pr\u00e8s de Rouen, la toiture d&rsquo;un entrep\u00f4t d\u00e9saffect\u00e9 prend feu : les pompiers sur place"},"content":{"rendered":"<p>            Par<br \/>\n        <strong><br \/>\n            <a href=\"https:\/\/actu.fr\/auteur\/yann-rivallan\" title=\"Consulter tous les articles de Yann Rivallan\" rel=\"nofollow noopener\" target=\"_blank\">Yann Rivallan<\/a><br \/>\n        <\/strong><\/p>\n<p>        Publi\u00e9 le<\/p>\n<p>            20 juin 2025 \u00e0 20h39        <\/p>\n<p>\u00c0 la suite de <strong>l\u2019incendie de la toiture d\u2019un entrep\u00f4t d\u00e9saffect\u00e9<\/strong>, les pompiers sont mobilis\u00e9s route de Dieppe \u00e0 <a href=\"https:\/\/actu.fr\/normandie\/notre-dame-de-bondeville_76474\" rel=\"nofollow noopener\" target=\"_blank\">Notre-Dame-de-Bondeville<\/a>, vendredi 20\u00a0juin 2025.<\/p>\n<p class=\" wall-content\">S\u2019il est impossible de dire pour l\u2019heure quelle est l\u2019origine exacte de ce feu, le service d\u00e9partemental d\u2019incendie et de secours (Sdis) pr\u00e9cise qu\u2019une fum\u00e9e noire \u00ab\u2009sortait de la toiture\u2009\u00bb \u00e0 leur arriv\u00e9e sur les lieux, peu apr\u00e8s 18h.<\/p>\n<p>Pas de victimes<\/p>\n<p class=\" wall-content\">D\u00e8s lors, les 19 pompiers et 6 engins mobilis\u00e9s tentent de circonscrire les flammes \u00e0 l\u2019aide d\u2019une \u00ab\u2009lance canon sur \u00e9chelle\u2009\u00bb, nous pr\u00e9cise-t-on.<\/p>\n<p class=\" wall-content\">\u00c0 20h30, le Sdis pr\u00e9cisait que \u00ab\u2009l\u2019extinction se poursuit au moyen de deux lances \u00e0 incendie\u2009\u00bb. D\u2019apr\u00e8s les secours sur place, <strong>le plancher du b\u00e2timent menace de s\u2019effondrer<\/strong> et \u00ab\u2009un barri\u00e9rage sera \u00e9tabli par la municipalit\u00e9 afin de s\u00e9curiser le site\u2009\u00bb.<\/p>\n<p class=\" wall-content\">Selon un premier bilan provisoire, cet incendie n\u2019a fait <strong>aucune victime<\/strong>.<\/p>\n<p class=\" wall-content\">Suivez toute l\u2019actualit\u00e9 de vos villes et m\u00e9dias favoris en vous inscrivant \u00e0 <a href=\"https:\/\/moncompte.actu.fr\" title=\"D\u00e9couvez Mon Actu\" rel=\"nofollow noopener\" data-trk=\"{&quot;cta&quot;:{&quot;action&quot;:&quot;https:\\\/\\\/moncompte.actu.fr&quot;,&quot;category&quot;:&quot;mon compte&quot;,&quot;from&quot;:&quot;article footer&quot;,&quot;name&quot;:&quot;Mon actu&quot;,&quot;type&quot;:&quot;cta&quot;}}\" target=\"_blank\">Mon Actu<\/a>.<\/p>\n","protected":false},"excerpt":{"rendered":"Par Yann Rivallan Publi\u00e9 le 20 juin 2025 \u00e0 20h39 \u00c0 la suite de l\u2019incendie de la toiture&hellip;\n","protected":false},"author":2,"featured_media":191639,"comment_status":"","ping_status":"","sticky":false,"template":"","format":"standard","meta":{"footnotes":""},"categories":[9587],"tags":[1111,11,1777,674,118,1011,27,1310,12,5161,1311,25,9590],"class_list":{"0":"post-191638","1":"post","2":"type-post","3":"status-publish","4":"format-standard","5":"has-post-thumbnail","7":"category-rouen","8":"tag-actu","9":"tag-actualites","10":"tag-eu","11":"tag-europe","12":"tag-faits-divers","13":"tag-fr","14":"tag-france","15":"tag-incendie","16":"tag-news","17":"tag-normandie","18":"tag-pompiers","19":"tag-republique-francaise","20":"tag-rouen"},"share_on_mastodon":{"url":"https:\/\/pubeurope.com\/@fr\/114717237157583247","error":""},"_links":{"self":[{"href":"https:\/\/www.europesays.com\/fr\/wp-json\/wp\/v2\/posts\/191638","targetHints":{"allow":["GET"]}}],"collection":[{"href":"https:\/\/www.europesays.com\/fr\/wp-json\/wp\/v2\/posts"}],"about":[{"href":"https:\/\/www.europesays.com\/fr\/wp-json\/wp\/v2\/types\/post"}],"author":[{"embeddable":true,"href":"https:\/\/www.europesays.com\/fr\/wp-json\/wp\/v2\/users\/2"}],"replies":[{"embeddable":true,"href":"https:\/\/www.europesays.com\/fr\/wp-json\/wp\/v2\/comments?post=191638"}],"version-history":[{"count":0,"href":"https:\/\/www.europesays.com\/fr\/wp-json\/wp\/v2\/posts\/191638\/revisions"}],"wp:featuredmedia":[{"embeddable":true,"href":"https:\/\/www.europesays.com\/fr\/wp-json\/wp\/v2\/media\/191639"}],"wp:attachment":[{"href":"https:\/\/www.europesays.com\/fr\/wp-json\/wp\/v2\/media?parent=191638"}],"wp:term":[{"taxonomy":"category","embeddable":true,"href":"https:\/\/www.europesays.com\/fr\/wp-json\/wp\/v2\/categories?post=191638"},{"taxonomy":"post_tag","embeddable":true,"href":"https:\/\/www.europesays.com\/fr\/wp-json\/wp\/v2\/tags?post=191638"}],"curies":[{"name":"wp","href":"https:\/\/api.w.org\/{rel}","templated":true}]}}