{"id":191642,"date":"2025-06-20T19:04:23","date_gmt":"2025-06-20T19:04:23","guid":{"rendered":"https:\/\/www.europesays.com\/fr\/191642\/"},"modified":"2025-06-20T19:04:23","modified_gmt":"2025-06-20T19:04:23","slug":"tribunal-administratif-dott-conteste-son-eviction-du-marche-grenoblois","status":"publish","type":"post","link":"https:\/\/www.europesays.com\/fr\/191642\/","title":{"rendered":"Tribunal administratif : Dott conteste son \u00e9viction du march\u00e9 grenoblois"},"content":{"rendered":"<p><img loading=\"lazy\" decoding=\"async\" alt=\"\u00a9 Thomas Richardson - L'op\u00e9rateur de trottinettes et v\u00e9los \u00e9lectriques en libre service, Dott, n'a pas \u00e9t\u00e9 retenu par le Syndicat mixte des mobilit\u00e9s de l'aire grenobloise pour continuer au-del\u00e0 du 1er juillet 2025.\" data-zoom-src=\"https:\/\/www.europesays.com\/fr\/wp-content\/uploads\/2025\/06\/initial-img-20250620-111341.jpg\" data-zoomable=\"\" height=\"702\" src=\"https:\/\/www.europesays.com\/fr\/wp-content\/uploads\/2025\/06\/initial-img-20250620-111341.jpg\" width=\"1248\"\/>  <\/p>\n<p class=\"article-desc\">\u00a9 Thomas Richardson &#8211; L&rsquo;op\u00e9rateur de trottinettes et v\u00e9los \u00e9lectriques en libre service, Dott, n&rsquo;a pas \u00e9t\u00e9 retenu par le Syndicat mixte des mobilit\u00e9s de l&rsquo;aire grenobloise pour continuer au-del\u00e0 du 1er juillet 2025. <\/p>\n<p>Le 1er juillet 2025, ce sera un nouvel op\u00e9rateur qui proposera ses <strong>trottinettes et v\u00e9los \u00e9lectriques en libre-service<\/strong> sur le territoire de la <strong>M\u00e9tropole de Grenoble<\/strong>. Le <strong>Syndicat mixte des mobilit\u00e9s de l&rsquo;aire grenobloise<\/strong> (Smmag) a fait son choix en avril dernier parmi cinq candidats dont<a href=\"https:\/\/mesinfos.fr\/auvergne-rhone-alpes\/metropole-de-grenoble-nouveau-service-de-trottinettes-et-de-velos-electriques-109471.html\" rel=\"noopener\" target=\"_blank\"> l&rsquo;op\u00e9rateur sortant<\/a>, <strong>Dott<\/strong>. Ce dernier a ainsi \u00e9t\u00e9 <strong>\u00e9vinc\u00e9 <\/strong>au profit de l&rsquo;op\u00e9rateur <strong>VOI<\/strong>. <\/p>\n<p>Dott saisit le tribunal administratif de Grenoble apr\u00e8s avoir \u00e9t\u00e9 \u00e9vinc\u00e9 par le Syndicat mixte des mobilit\u00e9s de l&rsquo;aire grenobloise <\/p>\n<p>Le 28 mai, Dott a intent\u00e9 un <strong>recours en r\u00e9f\u00e9r\u00e9<\/strong> devant le <a href=\"https:\/\/mesinfos.fr\/38000-grenoble\/tribunal-administratif-de-grenoble-des-nouvelles-permanences-d-avocats-215974.html\" rel=\"noopener\" target=\"_blank\">tribunal administratif de Grenoble <\/a>et <strong>l&rsquo;audience <\/strong>a eu lieu ce <strong>vendredi 20 juin<\/strong>. L&rsquo;op\u00e9rateur \u00e9conduit demande au juge de<strong> suspendre en urgence la d\u00e9cision<\/strong> du Smmag ayant conduit au choix de l&rsquo;op\u00e9rateur VOI et que l&rsquo;ensemble des <strong>offres <\/strong>des candidats soient <strong>r\u00e9examin\u00e9es <\/strong>par le Smmag dans un d\u00e9lai de <strong>quatre semaines<\/strong>. <\/p>\n<p>La <strong>d\u00e9cision du juge <\/strong>devrait \u00eatre rendue la <strong>semaine prochaine<\/strong> avant vendredi. <\/p>\n<p><strong>Nicolas Gorse<\/strong>, directeur g\u00e9n\u00e9ral de Dott France, \u00e9tait pr\u00e9sent \u00e0 l&rsquo;audience et a t\u00e9moign\u00e9 devant le juge sur le fait que ce recours \u00e9tait une premi\u00e8re : \u00ab\u00a0C&rsquo;est la premi\u00e8re fois que je suis engag\u00e9 dans ce type de d\u00e9marche. Je le fais pour nos collaborateurs dont 33% sont issus de la r\u00e9insertion sociale.\u00a0\u00bb Me Antoine Pretot, avocat repr\u00e9sentant Dott, a insist\u00e9 sur ce point : \u00ab\u00a0Depuis cinq ans, en France, Dott n&rsquo;a jamais fait de recours. Et, aujourd&rsquo;hui, Dott n&rsquo;est pas le seul \u00e0 contester la proc\u00e9dure du Smmag. Un autre soumissionnaire a d\u00e9pos\u00e9 un recours hier contre le rejet de son offre.\u00a0\u00bb<\/p>\n<p>L&rsquo;avocat a ensuite d\u00e9roul\u00e9 ses arguments pour tenter de convaincre le juge du caract\u00e8re urgent \u00e0 suspendre la d\u00e9cision du Smmag. Il a ainsi invoqu\u00e9 un <strong>d\u00e9ficit d&rsquo;exploitation<\/strong> directement li\u00e9 \u00e0 la d\u00e9cision du <a href=\"https:\/\/mesinfos.fr\/38000-grenoble\/aire-grenobloise-greve-et-perturbations-dans-les-transports-en-commun-les-20-et-21-juin-224867.html\" rel=\"noopener\" target=\"_blank\">Smmag<\/a>. <\/p>\n<blockquote>\n<p>\u00ab\u00a0La d\u00e9cision de rejet de l&rsquo;offre de Dott entra\u00eene une importante perte de march\u00e9 avec, pour cons\u00e9quence, une diminution du chiffre d&rsquo;affaires de 2,5 millions d&rsquo;euros pour le semestre et quatre \u00e0 cinq millions d&rsquo;euros par an. Le d\u00e9ficit d&rsquo;exploitation s&rsquo;\u00e9l\u00e8ve \u00e0 plus d&rsquo;un million d&rsquo;euros par an en 2025 et en 2026. L&rsquo;urgence est qualifi\u00e9e car le r\u00e9sultat n\u00e9gatif est li\u00e9 \u00e0 cette d\u00e9cision.\u00a0\u00bb <\/p>\n<\/blockquote>\n<p>  Le juge exprime son \u00e9tonnement <img decoding=\"async\" alt=\"\" data-zoomable=\"\" height=\"1502\" loading=\"lazy\" src=\"https:\/\/www.europesays.com\/fr\/wp-content\/uploads\/2025\/06\/dott.jpg\" title=\"\u00a9 Thomas Richardson - A droite, Nicolas Gorse, directeur g\u00e9n\u00e9ral de Dott France, \u00e9tait pr\u00e9sent \u00e0 l'audience, au c\u00f4t\u00e9 de la responsable r\u00e9gionale et de la responsable juridique, ainsi que de Me Antoine Pretot.\" width=\"2000\"\/> \u00a9 Thomas Richardson &#8211; A droite, Nicolas Gorse, directeur g\u00e9n\u00e9ral de Dott France, \u00e9tait pr\u00e9sent \u00e0 l&rsquo;audience, au c\u00f4t\u00e9 de la responsable r\u00e9gionale et de la responsable juridique, ainsi que de Me Antoine Pretot. <\/p>\n<p>Me Pretot a \u00e9galement plaid\u00e9 pour les <strong>42 collaborateurs <\/strong>de Dott. \u00ab\u00a0Cette d\u00e9cision du Smmag a des cons\u00e9quences catastrophiques pour leur emploi.\u00a0\u00bb L&rsquo;avocat estime que moins de dix r\u00e9pondent aux conditions pour \u00eatre repris par VOI. \u00ab\u00a0VOI demande que les personnes aient le permis de conduire et des connaissances en m\u00e9canique. Or, Dott a 14 m\u00e9caniciens dont seulement deux ont le permis de conduire.\u00a0\u00bb Quant au fait de proposer aux 42 collaborateurs de travailler dans d&rsquo;autres villes o\u00f9 Dott est op\u00e9rateur, Me Pretot r\u00e9pond : \u00ab\u00a0Ces employ\u00e9s travaillent \u00e0 Grenoble, Dott ne peut pas d\u00e9cider qu&rsquo;ils iront vivre ailleurs.\u00a0\u00bb Selon Dott, un <strong>plan de sauvegarde de l&#8217;emploi<\/strong> repr\u00e9senterait un <strong>co\u00fbt <\/strong>d&rsquo;<strong>un million d&rsquo;euros<\/strong>.<\/p>\n<p>Le pr\u00e9sident du tribunal a exprim\u00e9 publiquement son \u00e9tonnement lors de l&rsquo;audience : \u00ab\u00a0Je suis \u00e9tonn\u00e9 quand une entreprise \u00e9vinc\u00e9e argumente sur le fait d&rsquo;elle va licencier des employ\u00e9s. Cela m&rsquo;interroge&#8230;\u00a0\u00bb <\/p>\n<p>Dott d\u00e9nonce \u00e9galement un <strong>manque de transparence<\/strong> dans la d\u00e9cision du Smmag et estime que son offre a \u00e9t\u00e9 \u00e9cart\u00e9e pour des raisons \u00ab\u00a0incompr\u00e9hensibles\u00a0\u00bb. En particulier au regard des crit\u00e8res de la<strong> responsabilit\u00e9 soci\u00e9tale et environnementale<\/strong>. \u00ab\u00a0Nous avons perdu face \u00e0 un concurrent qui propose des nouveaux v\u00e9hicules fabriqu\u00e9s en Chine alors que nous avons propos\u00e9 des v\u00e9hicules reconditionn\u00e9s\u00a0\u00bb, a d\u00e9clar\u00e9 Nicolas Gorse \u00e0 l&rsquo;audience soulignant \u00e9galement le fait que Dott avait cr\u00e9\u00e9 42 emplois soit le double de ce que proposerait VOI.<\/p>\n<p> Le Smmag refuse de donner un avantage \u00e0 l&rsquo;op\u00e9rateur sortant <\/p>\n<p>Faux a r\u00e9pondu le repr\u00e9sentant du Smmag \u00e0 l&rsquo;audience, avan\u00e7ant le nombre de <strong>48 ETP<\/strong> que compterait cr\u00e9er VOI. Quant au fait de proposer des v\u00e9los reconditionn\u00e9s, le Smmag estime que prendre en compte cette offre reviendrait \u00e0 donner un \u00ab\u00a0avantage \u00e0 l&rsquo;op\u00e9rateur sortant\u00a0\u00bb. <\/p>\n<p>Le Smmag estime, par ailleurs, que tout appel \u00e0 manifestation d&rsquo;int\u00e9r\u00eat fait le \u00ab\u00a0jeu de la concurrence\u00a0\u00bb. <\/p>\n<blockquote>\n<p>\u00ab\u00a0La perte financi\u00e8re du fait du rejet de l&rsquo;offre n&rsquo;est pas suffisante, car cela fait reposer sur les seules \u00e9paules du Smmag la bonne sant\u00e9 financi\u00e8re d&rsquo;une entreprise priv\u00e9e. Cela ne doit pas mener \u00e0 attribuer le march\u00e9 grenoblois syst\u00e9matiquement au m\u00eame op\u00e9rateur sous pr\u00e9texte que ce dernier per\u00e7oit une manne financi\u00e8re qui lui permet de survivre.\u00a0\u00bb <\/p>\n<\/blockquote>\n","protected":false},"excerpt":{"rendered":"\u00a9 Thomas Richardson &#8211; L&rsquo;op\u00e9rateur de trottinettes et v\u00e9los \u00e9lectriques en libre service, Dott, n&rsquo;a pas \u00e9t\u00e9 retenu&hellip;\n","protected":false},"author":2,"featured_media":191643,"comment_status":"","ping_status":"","sticky":false,"template":"","format":"standard","meta":{"footnotes":""},"categories":[9566],"tags":[1111,11,2430,33034,1777,674,1011,27,2731,12,25,13025,33035],"class_list":{"0":"post-191642","1":"post","2":"type-post","3":"status-publish","4":"format-standard","5":"has-post-thumbnail","7":"category-grenoble","8":"tag-actu","9":"tag-actualites","10":"tag-auvergne-rhone-alpes","11":"tag-dott","12":"tag-eu","13":"tag-europe","14":"tag-fr","15":"tag-france","16":"tag-grenoble","17":"tag-news","18":"tag-republique-francaise","19":"tag-smmag","20":"tag-tribunal-administratif-de-grenoble"},"share_on_mastodon":{"url":"https:\/\/pubeurope.com\/@fr\/114717252993300097","error":""},"_links":{"self":[{"href":"https:\/\/www.europesays.com\/fr\/wp-json\/wp\/v2\/posts\/191642","targetHints":{"allow":["GET"]}}],"collection":[{"href":"https:\/\/www.europesays.com\/fr\/wp-json\/wp\/v2\/posts"}],"about":[{"href":"https:\/\/www.europesays.com\/fr\/wp-json\/wp\/v2\/types\/post"}],"author":[{"embeddable":true,"href":"https:\/\/www.europesays.com\/fr\/wp-json\/wp\/v2\/users\/2"}],"replies":[{"embeddable":true,"href":"https:\/\/www.europesays.com\/fr\/wp-json\/wp\/v2\/comments?post=191642"}],"version-history":[{"count":0,"href":"https:\/\/www.europesays.com\/fr\/wp-json\/wp\/v2\/posts\/191642\/revisions"}],"wp:featuredmedia":[{"embeddable":true,"href":"https:\/\/www.europesays.com\/fr\/wp-json\/wp\/v2\/media\/191643"}],"wp:attachment":[{"href":"https:\/\/www.europesays.com\/fr\/wp-json\/wp\/v2\/media?parent=191642"}],"wp:term":[{"taxonomy":"category","embeddable":true,"href":"https:\/\/www.europesays.com\/fr\/wp-json\/wp\/v2\/categories?post=191642"},{"taxonomy":"post_tag","embeddable":true,"href":"https:\/\/www.europesays.com\/fr\/wp-json\/wp\/v2\/tags?post=191642"}],"curies":[{"name":"wp","href":"https:\/\/api.w.org\/{rel}","templated":true}]}}