{"id":191648,"date":"2025-06-20T19:07:13","date_gmt":"2025-06-20T19:07:13","guid":{"rendered":"https:\/\/www.europesays.com\/fr\/191648\/"},"modified":"2025-06-20T19:07:13","modified_gmt":"2025-06-20T19:07:13","slug":"alsace-trop-chaud-pour-le-velo-cinq-idees-pour-pedaler-au-frais-ce-week-end","status":"publish","type":"post","link":"https:\/\/www.europesays.com\/fr\/191648\/","title":{"rendered":"Alsace. Trop chaud pour le v\u00e9lo ? Cinq id\u00e9es pour p\u00e9daler au frais ce week-end"},"content":{"rendered":"<p>  <strong>1. Plonger dans les for\u00eats des Vosges du nord, depuis Walbourg<\/strong><\/p>\n<p>En empruntant l\u2019ancienne voie de chemin de fer Walbourg-Lembach, ferm\u00e9e aux voyageurs depuis 1947 et aujourd\u2019hui requalifi\u00e9e en voie verte, cet itin\u00e9raire passe d\u2019abord au beau milieu des champs, avant de rejoindre, dans un second temps, les for\u00eats ombrag\u00e9es des Vosges du nord. Sans grande difficult\u00e9 car relativement plate, et \u00e0 l\u2019\u00e9cart de la circulation, sauf dans les villages, cette sortie dessert aussi plusieurs points d\u2019int\u00e9r\u00eat o\u00f9 l\u2019on pourra s\u2019arr\u00eater en chemin : le <a href=\"http:\/\/2mcladn.fr\/\" rel=\"nofollow noopener\" target=\"_blank\">mus\u00e9e m\u00e9morial<\/a> de Walbourg qui <a href=\"https:\/\/www.dna.fr\/culture-loisirs\/2025\/05\/15\/l-extension-du-musee-memorial-a-ete-inauguree?fbclid=IwY2xjawKZctBleHRuA2FlbQIxMQBicmlkETAyWFNDMERKV0ZzY3BuZGJNAR7wLNMhpfBnItxx4moco7laJw1dwhB1_iw4mx94PLdMe7xFBKeexsyUj3quWg_aem_tjFas4CuZuE2uPJJ1Jai1w\" rel=\"nofollow noopener\" target=\"_blank\">vient d\u2019inaugurer son extension<\/a>, le parc d\u2019attraction <a href=\"https:\/\/www.didiland.fr\/\" rel=\"nofollow noopener\" target=\"_blank\">Didiland<\/a> appr\u00e9ci\u00e9 des familles \u00e0 Morsbronn-Les-Bains, ou encore le <a href=\"https:\/\/musee-1870-woerth.com\/\" rel=\"nofollow noopener\" target=\"_blank\">mus\u00e9e de la bataille du 6 ao\u00fbt 1870<\/a> \u00e0 Woerth qui consacre <a href=\"https:\/\/www.dna.fr\/culture-loisirs\/2025\/03\/30\/le-musee-ouvre-sa-saison-avec-une-expo-consacree-aux-turcos\" rel=\"nofollow noopener\" target=\"_blank\">son exposition temporaire<\/a> aux Turcos, ces soldats\u00a0originaires d\u2019Afrique du nord qui se sont battus au sein de l\u2019arm\u00e9e fran\u00e7aise.<\/p>\n<p>Apr\u00e8s Woerth, la voie verte s\u2019enfonce dans la for\u00eat avant de d\u00e9boucher \u00e0 Lembach, connu pour ses maisons \u00e0 colombages et pour <a href=\"https:\/\/www.lignemaginot.fr\/\" rel=\"nofollow noopener\" target=\"_blank\">l\u2019ouvrage du Four \u00e0 chaux<\/a>, sur la ligne Maginot, que l\u2019on atteint apr\u00e8s un petit d\u00e9tour d\u2019un kilom\u00e8tres et un bon faux-plat montant.<\/p>\n<p>Les plus press\u00e9s continueront directement pour les cinq derniers kilom\u00e8tres en direction de l\u2019\u00e9tang du Fleckenstein, point final de cette sortie, o\u00f9 l\u2019on pourra passer la nuit au frais <a href=\"https:\/\/www.lembach.fr\/camping\/\" rel=\"nofollow noopener\" target=\"_blank\">au camping<\/a> pour une somme modique (5,80 \u20ac\/adulte, 3 \u20ac\/enfant, 3,50 \u20ac\/tente), se restaurer \u00e0 <a href=\"https:\/\/www.pizzas-express.fr\/\" rel=\"nofollow noopener\" target=\"_blank\">La Buvette<\/a> ou simplement <a href=\"https:\/\/www.massif-des-vosges.fr\/sit\/219006430-baignade-du-fleckenstein\/\" rel=\"nofollow noopener\" target=\"_blank\">se baigner<\/a>, avant de prendre le chemin du retour jusqu\u2019\u00e0 Walbourg.<\/p>\n<p class=\"insetTitle\">En pratique<\/p>\n<ul>\n<li><strong>Y aller<\/strong> : trains directs pour Walbourg depuis Strasbourg (dur\u00e9e du trajet : 30 min) et Haguenau (7 min). Fiche horaire <a href=\"https:\/\/ter-fiches-horaires.sncf.fr\/publish\/A34%20Strasbourg%20Haguenau%20Wissembourg%20et%20cars%20(du%201er%20mars%20au%2004%20juillet%202025)MOD2703.pdf\" rel=\"nofollow noopener\" target=\"_blank\">ici<\/a>.<\/li>\n<li><strong>L\u2019itin\u00e9raire<\/strong> : depuis la gare de Walbourg, utiliser la piste cyclable pour rejoindre le village, d\u2019o\u00f9 l\u2019on r\u00e9cup\u00e8re l\u2019itin\u00e9raire cyclable n\u00b020 qui arrive de Haguenau. Prendre la direction de Durrenbach, Woerth puis Lembach. Une fois \u00e0 Lembach, continuer tout droit en direction du ch\u00e2teau du Fleckenstein. S&rsquo;arr\u00eater au niveau de l\u2019\u00e9tang. La majorit\u00e9 du parcours se fait en site propre, sur l\u2019ancienne voie de chemin de fer. Retour par le m\u00eame chemin.<\/li>\n<li><strong>Distance totale <\/strong>: 22 km aller simple (de Walbourg \u00e0 l\u2019\u00e9tang du Fleckenstein)<\/li>\n<li><strong>D\u00e9nivel\u00e9 <\/strong>: 80 m\u00e8tres (en mont\u00e9e \u00e0 l\u2019aller, en descente au retour).<\/li>\n<li><strong>Un lien<\/strong> : cette sortie emprunte la derni\u00e8re partie de la v\u00e9loroute de la vall\u00e9e de la Sauer, pr\u00e9sent\u00e9e <a href=\"https:\/\/www.alsaceavelo.fr\/403000138-veloroute-de-la-vallee-de-la-sauer\/\" rel=\"nofollow noopener\" target=\"_blank\">ici<\/a>.<\/li>\n<\/ul>\n<p>    &#13;<br \/>\n    &#13;<br \/>\n    &#13;<br \/>\n    <a href=\"https:\/\/cdn-s-www.dna.fr\/images\/f228f6c5-107e-4a39-95d1-86eff13cace5\/NW_raw\/la-voie-verte-au-bord-du-canal-de-la-marne-au-rhin-permet-d-acceder-facilement-au-plan-incline-d-arzviller-photo-archives-jean-mars-loos-1747841578.jpg\" title=\"La voie verte au bord du canal de la Marne-au-Rhin permet d&#039;acc\u00e9der facilement au plan inclin\u00e9 d&#039;Arzviller. Photo archives Jean-Mars Loos\" class=\"chocolat-image GA-tracking\" data-ga_type=\"click\" data-ga_category=\"D\u00e9tail\" data-ga_action=\"zoomer\" data-ga_label=\"aggrandir image\" rel=\"nofollow noopener\" target=\"_blank\">&#13;<br \/>\n        <img src=\"https:\/\/www.europesays.com\/fr\/wp-content\/uploads\/2025\/06\/la-voie-verte-au-bord-du-canal-de-la-marne-au-rhin-permet-d-acceder-facilement-au-plan-incline-d-arz.jpeg\"   alt=\"La voie verte au bord du canal de la Marne-au-Rhin permet d'acc\u00e9der facilement au plan inclin\u00e9 d'Arzviller. Photo archives Jean-Mars Loos\" fetchpriority=\"high\" decoding=\"async\" data-mobile=\"NW_listA_M|1747841578\" data-base=\"NW_listA|1747841578\"\/>&#13;<br \/>\n    <\/a>&#13;<\/p>\n<p>La voie verte au bord du canal de la Marne-au-Rhin permet d&rsquo;acc\u00e9der facilement au plan inclin\u00e9 d&rsquo;Arzviller. Photo archives Jean-Mars Loos<\/p>\n<p>  <strong>2. Longer le canal de la Marne-au-Rhin, depuis Saverne<\/strong><\/p>\n<p>C\u2019est sans doute la sortie la plus facile de notre s\u00e9lection : de Saverne au plan inclin\u00e9 d\u2019Arzviller, on suit simplement la voie verte du canal de la Marne-au-Rhin, en empruntant un bout de l\u2019<a href=\"https:\/\/fr.eurovelo.com\/ev5\" rel=\"nofollow noopener\" target=\"_blank\">Eurov\u00e9lo n\u00b05<\/a>, l\u2019itin\u00e9raire cyclable reliant l\u2019Angleterre \u00e0 l\u2019Italie. Le d\u00e9nivel\u00e9 est tellement liss\u00e9 qu\u2019on le sent \u00e0 peine, et la plupart du temps, les berges sont ombrag\u00e9es. Les plus motiv\u00e9s ont la possibilit\u00e9 de prolonger le plaisir en ajoutant une vingtaine de kilom\u00e8tres pour rejoindre Sarrebourg, via <a href=\"https:\/\/www.dna.fr\/culture-loisirs\/2023\/08\/13\/l-alsace-a-velo-(5-7)-un-petit-tour-dans-la-vallee-des-eclusiers\" rel=\"nofollow noopener\" target=\"_blank\">la vall\u00e9e des \u00e9clusiers<\/a>, d\u2019o\u00f9 ils pourront prendre un train direct pour revenir \u00e0 Saverne ou Strasbourg.<\/p>\n<p>Sur le chemin, et en \u00e9change d\u2019un petit d\u00e9tour avec 100 m\u00e8tres de mont\u00e9e, on peut d\u00e9couvrir une vue panoramique sur la vall\u00e9e en grimpant jusqu\u2019au <a href=\"https:\/\/www.paysdephalsbourg.com\/je-decouvre\/les-incontournables\/?fiche=847000605&amp;id=258\" rel=\"nofollow noopener\" target=\"_blank\">ch\u00e2teau de Lutzelbourg<\/a> depuis le village du m\u00eame nom. Sinon, on continue sur la voie verte jusqu\u2019\u00e0 l\u2019\u00e9cluse n\u00b018, avant de suivre la direction du plan inclin\u00e9 d\u2019Arzviller : l\u2019itin\u00e9raire quitte alors le chemin de halage pour rejoindre, en 1,5 kilom\u00e8tre, cet ascenseur \u00e0 b\u00e2teau unique en son genre qui permet, depuis sa mise en service en 1969, de remplacer les 17 \u00e9cluses qui \u00e9taient n\u00e9cessaires pour combler 44 m\u00e8tres de d\u00e9nivel\u00e9. Sur place, plusieurs activit\u00e9s sont possibles : visite du <a href=\"https:\/\/www.plan-incline.com\" rel=\"nofollow noopener\" target=\"_blank\">plan inclin\u00e9<\/a>, mais aussi <a href=\"https:\/\/luge-plan-incline.com\/\" rel=\"nofollow noopener\" target=\"_blank\">luge sur rail<\/a> ou encore d\u00e9couverte d\u2019une <a href=\"https:\/\/www.cristallehrer.com\/\" rel=\"nofollow noopener\" target=\"_blank\">cristallerie<\/a>. Le <a href=\"https:\/\/campingduplanincline.com\/\" rel=\"nofollow noopener\" target=\"_blank\">camping du plan inclin\u00e9<\/a> est l\u2019endroit id\u00e9al pour planter sa tente, piquer une t\u00eate gr\u00e2ce \u00e0 sa piscine et passer la nuit. Le retour se fait par le m\u00eame itin\u00e9raire, en faux-plat descendant cette fois-ci.<\/p>\n<p class=\"insetTitle\">En pratique<\/p>\n<ul>\n<li><strong>Y aller<\/strong> : trains directs depuis Strasbourg (dur\u00e9e du trajet : 25 min), Brumath, Hochfelden, etc. Fiche horaire <a href=\"https:\/\/ter-fiches-horaires.sncf.fr\/publish\/A03%20Strasbourg%20Saverne%20Sarrebourg%20(du%204%20%20mai%20au%204%20juillet%202025).pdf\" rel=\"nofollow noopener\" target=\"_blank\">ici<\/a>. Possibilit\u00e9 de rentrer directement \u00e0 Saverne et Strasbourg en train depuis la gare de Lutzelbourg.<\/li>\n<li><strong>L\u2019itin\u00e9raire<\/strong> : depuis la gare de Saverne, rejoindre le canal au centre-ville en remontant la rue de la Gare et la Grand-Rue. Traverser le pont et prendre tout de suite \u00e0 droite la piste cyclable (balisage Eurov\u00e9lo 5 et voie verte 52). Itin\u00e9raire en site propre sur le chemin de halage.\u00a0<\/li>\n<li><strong>Distance <\/strong>: 15 km aller simple (de Saverne au plan inclin\u00e9 d\u2019Arzviller)<\/li>\n<li><strong>D\u00e9nivel\u00e9 <\/strong>: 50 m\u00e8tres (en mont\u00e9e \u00e0 l\u2019aller, en descente au retour).<\/li>\n<li><strong>Un lien<\/strong> : la sortie propos\u00e9e emprunte une partie de l\u2019itin\u00e9raire Saverne-Sarrebourg, pr\u00e9sent\u00e9 <a href=\"https:\/\/www.francevelotourisme.com\/itineraire\/le-canal-de-la-marne-au-rhin-a-velo\/sarrebourg-saverne\" rel=\"nofollow noopener\" target=\"_blank\">ici<\/a> sur le site de France v\u00e9lo tourisme.<\/li>\n<\/ul>\n<p>    &#13;<br \/>\n    &#13;<br \/>\n    &#13;<br \/>\n    <a href=\"https:\/\/cdn-s-www.dna.fr\/images\/4873c33d-6a81-4958-aa4d-e63b5b47f967\/NW_raw\/la-quot-boucle-des-chamois-quot-dans-la-vallee-de-munster-est-une-balade-familiale-et-souvent-ombragee-photo-archives-jean-mars-loos-1747841578.jpg\" title=\"La &quot;boucle des chamois&quot;, dans la vall\u00e9e de Munster, est une balade familiale et souvent ombrag\u00e9e. Photo archives Jean-Mars Loos\" class=\"chocolat-image GA-tracking\" data-ga_type=\"click\" data-ga_category=\"D\u00e9tail\" data-ga_action=\"zoomer\" data-ga_label=\"aggrandir image\" rel=\"nofollow noopener\" target=\"_blank\">&#13;<br \/>\n        <img src=\"https:\/\/www.europesays.com\/fr\/wp-content\/uploads\/2025\/06\/la-quot-boucle-des-chamois-quot-dans-la-vallee-de-munster-est-une-balade-familiale-et-souvent-ombrag.jpeg\"   alt=\"La &quot;boucle des chamois&quot;, dans la vall\u00e9e de Munster, est une balade familiale et souvent ombrag\u00e9e. Photo archives Jean-Mars Loos\" fetchpriority=\"high\" decoding=\"async\" data-mobile=\"NW_listA_M|1747841578\" data-base=\"NW_listA|1747841578\"\/>&#13;<br \/>\n    <\/a>&#13;<\/p>\n<p>La \u00ab\u00a0boucle des chamois\u00a0\u00bb, dans la vall\u00e9e de Munster, est une balade familiale et souvent ombrag\u00e9e. Photo archives Jean-Mars Loos<\/p>\n<p>  <strong>3. Remonter la Fecht jusqu\u2019en fond de vall\u00e9e, au d\u00e9part de Munster<\/strong><\/p>\n<p>M\u00eame si elle comporte un peu de d\u00e9nivel\u00e9, cette \u201cboucle des chamois\u201d de 15 kilom\u00e8tres dans la vall\u00e9e de Munster est tout \u00e0 fait adapt\u00e9e aux familles. En remontant la Fecht, que l\u2019on traverse \u00e0 plusieurs reprises en suivant le balisage jaune fluo pos\u00e9 par l\u2019office de tourisme, on s\u2019enfonce vers les sommets, tant\u00f4t au milieu des champs, tant\u00f4t sous les arbres.<\/p>\n<p>A l\u2019\u00e9cart des gros axes de circulation, l\u2019itin\u00e9raire passe d\u2019abord par Luttenbach-pr\u00e8s-Munster, village ayant abrit\u00e9 le ch\u00e2teau de l\u2019\u00e9pouse du baron Pierre de Coubertin, p\u00e8re des Jeux olympiques modernes. Des\u00a0<a href=\"http:\/\/www.dna.fr\/sport\/2021\/07\/25\/quand-coubertin-menait-la-vie-de-chateau-a-luttenbach\" rel=\"nofollow noopener\" target=\"_blank\">vestiges du ch\u00e2teau sont toujours visibles<\/a> dans l\u2019enceinte du camping des Amis de la nature, que l\u2019on croise sur notre chemin.<\/p>\n<p>Un peu plus loin, \u00e0 Muhlbach-sur-Munster cette fois, on peut faire un stop au <a href=\"https:\/\/www.vallee-munster.eu\/sit\/les-musees-de-la-vallee-de-munster\/F231010963_musee-de-la-schlitte-et-des-metiers-du-bois-muhlbach-sur-munster\/\" rel=\"nofollow noopener\" target=\"_blank\">mus\u00e9e de la schlitte<\/a> et des m\u00e9tiers du bois, qui met en valeur le travail des <a href=\"https:\/\/www.dna.fr\/societe\/2022\/10\/15\/derniers-temoins-5-risquer-sa-vie-pour-du-bois-de-chauffage-le-quotidien-des-schlitteurs-vosgiens\" rel=\"nofollow noopener\" target=\"_blank\">schlitteurs<\/a>, ces b\u00fbcherons qui maniaient au p\u00e9ril de leur vie, jusque dans les ann\u00e9es 1960, d&rsquo;\u00e9normes tra\u00eeneaux pour descendre le bois de chauffage des montagnes.<\/p>\n<p>A Metzeral, une halte \u00e0 la ferme du Buhl (31 rue de l\u2019Altenhof) ou \u00e0 la ferme Matter (2 rue de la Carri\u00e8re) permettra de faire le plein de fromage et notamment, si l\u2019on n\u2019a pas peur de l\u2019odeur, de munster, avant de redescendre jusqu\u2019au point de d\u00e9part par un itin\u00e9raire parall\u00e8le \u00e0 celui de la mont\u00e9e en suivant le m\u00eame balisage.<\/p>\n<p>On peut aussi choisir de prolonger la sortie de quelques kilom\u00e8tres jusqu\u2019\u00e0 Mittlach, en suivant le balisage de la v\u00e9loroute de la vall\u00e9e de Munster (n\u00b021) : ce paisible village de 300 \u00e2mes, \u00e0 l\u2019ombre du Rothenbachkopf, \u201cpetit Cervin\u201d local aux 1316 m\u00e8tres, accueille le <a href=\"https:\/\/www.mittlach.fr\/musee-ambulance-alpine\/\" rel=\"nofollow noopener\" target=\"_blank\">mus\u00e9e de l\u2019ambulance alpine<\/a>, en face duquel se trouve une belle aire de jeux verdoyante. De l\u00e0, trois derniers kilom\u00e8tres permettent d\u2019arriver jusqu\u2019au <a href=\"https:\/\/www.camping-alsace.info\/\" rel=\"nofollow noopener\" target=\"_blank\">camping municipal<\/a> de Mittlach, plant\u00e9 dans la for\u00eat \u00e0 650 m\u00e8tres d\u2019altitude tout au bout de la vall\u00e9e, o\u00f9 l\u2019on est assur\u00e9 de passer la nuit au frais \u00e0 un prix d\u00e9fiant toute concurrence (3,98\u20ac\/adulte, 2\u20ac\/enfant, 2\u20ac\/tente).<\/p>\n<p>Quelle que soit la fin d\u2019itin\u00e9raire choisie, le train permet de rentrer \u00e0 Munster ou Colmar depuis la gare de Metzeral.<\/p>\n<p class=\"insetTitle\">En pratique<\/p>\n<ul>\n<li><strong>Y aller<\/strong> : trains directs pour Munster depuis Colmar (dur\u00e9e du trajet : 24 min). Fiche horaire <a href=\"https:\/\/ter-fiches-horaires.sncf.fr\/publish\/A19%20Colmar%20Metz%C3%83%C2%A9ral%20et%20cars%20MOD1905%20(du%2015%20d%C3%83%C2%A9cembre%202024%20au%2029%20juin%202025).pdf\" rel=\"nofollow noopener\" target=\"_blank\">ici<\/a>.<\/li>\n<li><strong>L\u2019itin\u00e9raire<\/strong> : depuis la gare de Munster, prendre \u00e0 gauche puis traverser les voies pour rejoindre, apr\u00e8s le lyc\u00e9e, l\u2019itin\u00e9raire cyclable n\u00b021, en direction de Metzeral. Suivre ensuite les balisages jaune fluo \u201cboucle des chamois\u201d.<\/li>\n<li><strong>Distance <\/strong>: boucle de 15 km (jusqu\u2019\u00e0 Metzeral).<\/li>\n<li><strong>D\u00e9nivel\u00e9 <\/strong>: 130 m\u00e8tres jusqu\u2019\u00e0 Metzeral (en mont\u00e9e \u00e0 l\u2019aller, en descente au retour).<\/li>\n<li><strong>Un lien<\/strong> : cette sortie suit le balisage de la \u201cboucle des chamois\u201d, pr\u00e9sent\u00e9 <a href=\"https:\/\/www.vallee-munster.eu\/sit\/velos-vtt-circuits-cyclo\/F231011156_parcours-cyclo-boucle-des-chamois-munster\/\" rel=\"nofollow noopener\" target=\"_blank\">ici<\/a>.<\/li>\n<\/ul>\n<p>    &#13;<br \/>\n    &#13;<br \/>\n    &#13;<br \/>\n    <a href=\"https:\/\/cdn-s-www.dna.fr\/images\/e3b50f97-0f80-48af-9fc0-ae6ce9185529\/NW_raw\/une-fois-arrive-au-lac-de-kruth-on-peut-se-baigner-ou-faire-du-pedalo-photo-archives-vincent-voegtlin-1747841578.jpg\" title=\"Une fois arriv\u00e9 au lac de Kruth, on peut se baigner ou faire du p\u00e9dalo. Photo archives Vincent Voegtlin\" class=\"chocolat-image GA-tracking\" data-ga_type=\"click\" data-ga_category=\"D\u00e9tail\" data-ga_action=\"zoomer\" data-ga_label=\"aggrandir image\" rel=\"nofollow noopener\" target=\"_blank\">&#13;<br \/>\n        <img src=\"https:\/\/www.europesays.com\/fr\/wp-content\/uploads\/2025\/06\/une-fois-arrive-au-lac-de-kruth-on-peut-se-baigner-ou-faire-du-pedalo-photo-archives-vincent-voegtli.jpeg\"   alt=\"Une fois arriv\u00e9 au lac de Kruth, on peut se baigner ou faire du p\u00e9dalo. Photo archives Vincent Voegtlin\" fetchpriority=\"high\" decoding=\"async\" data-mobile=\"NW_listA_M|1747841578\" data-base=\"NW_listA|1747841578\"\/>&#13;<br \/>\n    <\/a>&#13;<\/p>\n<p>Une fois arriv\u00e9 au lac de Kruth, on peut se baigner ou faire du p\u00e9dalo. Photo archives Vincent Voegtlin<\/p>\n<p>  <strong>4<\/strong><strong>. Piquer une t\u00eate dans le lac de Kruth, au d\u00e9part de Thann<\/strong><\/p>\n<p>C\u2019est un peu le m\u00eame parcours que celui de la vall\u00e9e de Munster, en plus long mais avec une r\u00e9compense au bout : la possibilit\u00e9 de piquer une t\u00eate dans le lac de Kruth. Avant d\u2019y arriver, il faudra un peu pousser sur les p\u00e9dales, puisque 240 m\u00e8tres de d\u00e9nivel\u00e9 s\u00e9parent Thann du lac, soit un peu plus d\u2019une fois et demi la hauteur de la fl\u00e8che de la cath\u00e9drale de Strasbourg ou l\u2019\u00e9quivalent de deux tours de l\u2019Europe \u00e0 Mulhouse. Si cela vous semble insurmontable, pas de panique : le train dessert toutes les communes de la vall\u00e9e et permet de raccourcir la sortie selon votre envie, en d\u00e9marrant par exemple \u00e0 Willer-sur-Thur (\u00e0 18 km du lac), Saint-Amarin (13 km) ou Fellering (8 km).\u00a0<\/p>\n<p>La majorit\u00e9 de la v\u00e9loroute de la vall\u00e9e de la Thur, puisque c\u2019est le nom de cet itin\u00e9raire (n\u00b033), emprunte des petites routes secondaires \u00e0 l\u2019arri\u00e8re des villages. Bien au calme et \u00e0 l\u2019\u00e9cart de la circulation, on y trouve aussi plusieurs aires de pique-nique, souvent \u00e0 la lisi\u00e8re de la for\u00eat. Le site touristique majeur sur cet itin\u00e9raire est bien entendu l\u2019\u00e9comus\u00e9e textile du <a href=\"https:\/\/www.parc-wesserling.fr\/\" rel=\"nofollow noopener\" target=\"_blank\">Parc de Wesserling<\/a>, avec son ch\u00e2teau, ses jardins, ses 60 000 m\u00b2 d\u2019usines, et <a href=\"https:\/\/www.dna.fr\/culture-loisirs\/2025\/04\/24\/une-nouvelle-saison-qui-s-ouvre-et-une-offre-touristique-qui-s-etoffe-au-parc-ecomuseal-textile\" rel=\"nofollow noopener\" target=\"_blank\">plusieurs nouveaut\u00e9s<\/a> \u00e0 d\u00e9couvrir cette ann\u00e9e.<\/p>\n<p>Apr\u00e8s une derni\u00e8re c\u00f4te pour arriver sur le barrage du lac, <a href=\"https:\/\/www.dna.fr\/environnement\/2020\/05\/14\/diaporama-le-barrage-de-kruth-fait-sa-mue\" rel=\"nofollow noopener\" target=\"_blank\">r\u00e9cemment restaur\u00e9<\/a>, on arrive \u00e0 destination : outre la possibilit\u00e9 de se baigner (baignade tol\u00e9r\u00e9e mais non surveill\u00e9e), plusieurs activit\u00e9s sont propos\u00e9es au <a href=\"https:\/\/parcarbreaventure.com\/\" rel=\"nofollow noopener\" target=\"_blank\">Parc arbre aventure<\/a> : parcours accrobranche, laser game, escape game, ou encore location de cano\u00ebs et p\u00e9dalos.<\/p>\n<p>En amont du lac, on peut planter sa tente au <a href=\"https:\/\/schlossberg.fr\/\" rel=\"nofollow noopener\" target=\"_blank\">camping du Schlossberg<\/a>, \u00e9loign\u00e9 d\u2019\u00e0 peine 3 km de la gare de Kruth d\u2019o\u00f9 l\u2019on pourra rentrer en train.<\/p>\n<p class=\"insetTitle\">En pratique<\/p>\n<ul>\n<li><strong>Y aller<\/strong> : trains ou tram-train directs pour Thann depuis Mulhouse (dur\u00e9e du trajet : 24 ou 44 min). Fiche horaire <a href=\"https:\/\/ter-fiches-horaires.sncf.fr\/publish\/A17_Mulhouse%20Thann%20Kruth%20et%20cars%20%20(du%2015%20d%C3%83%C2%A9cembre%202024%20au%2029%20juin%202025).pdf\" rel=\"nofollow noopener\" target=\"_blank\">ici<\/a>. Possibilit\u00e9 de s\u2019avancer dans la vall\u00e9e en train pour r\u00e9duire la distance, et\/ou de rentrer directement en train depuis Kruth pour le retour.<\/li>\n<li><strong>L\u2019itin\u00e9raire<\/strong> : depuis Thann gare, rejoindre le centre-ville via la rue du G\u00e9n\u00e9ral-de-Gaulle, puis prendre la premi\u00e8re \u00e0 droite en direction de la m\u00e9diath\u00e8que, traverser le pont pour rattraper la v\u00e9loroute de la vall\u00e9e de la Thur (itin\u00e9raire cyclable n\u00b033) que l\u2019on suivra jusqu\u2019au lac de Kruth.<\/li>\n<li><strong>Distance <\/strong>: 24 km aller simple (de Thann au lac de Kruth).<\/li>\n<li><strong>D\u00e9nivel\u00e9 <\/strong>: 240 m\u00e8tres (en mont\u00e9e \u00e0 l\u2019aller, en descente au retour).<\/li>\n<li><strong>Un lien<\/strong> : la v\u00e9loroute de la vall\u00e9e de la Thur, que notre itin\u00e9raire emprunte au d\u00e9part de Thann, est pr\u00e9sent\u00e9e dans son int\u00e9gralit\u00e9 <a href=\"https:\/\/www.alsaceavelo.fr\/403000142-veloroute-de-la-vallee-de-la-thur\/\" rel=\"nofollow noopener\" target=\"_blank\">ici<\/a>.<\/li>\n<\/ul>\n<p>    &#13;<br \/>\n    &#13;<br \/>\n    &#13;<br \/>\n    <a href=\"https:\/\/cdn-s-www.dna.fr\/images\/31402317-d536-4585-a797-61a23e4fd80a\/NW_raw\/la-route-des-cretes-est-un-parcours-plutot-sportif-mais-accessible-grace-a-la-navette-des-cretes-photo-archives-gregoire-gauchet-1747841578.jpg\" title=\"La route des cr\u00eates est un parcours plut\u00f4t sportif mais accessible gr\u00e2ce \u00e0 la navette des cr\u00eates. Photo archives Gr\u00e9goire Gauchet\" class=\"chocolat-image GA-tracking\" data-ga_type=\"click\" data-ga_category=\"D\u00e9tail\" data-ga_action=\"zoomer\" data-ga_label=\"aggrandir image\" rel=\"nofollow noopener\" target=\"_blank\">&#13;<br \/>\n        <img src=\"https:\/\/www.europesays.com\/fr\/wp-content\/uploads\/2025\/06\/la-route-des-cretes-est-un-parcours-plutot-sportif-mais-accessible-grace-a-la-navette-des-cretes-pho.jpeg\"   alt=\"La route des cr\u00eates est un parcours plut\u00f4t sportif mais accessible gr\u00e2ce \u00e0 la navette des cr\u00eates. Photo archives Gr\u00e9goire Gauchet\" fetchpriority=\"high\" decoding=\"async\" data-mobile=\"NW_listA_M|1747841578\" data-base=\"NW_listA|1747841578\"\/>&#13;<br \/>\n    <\/a>&#13;<\/p>\n<p>La route des cr\u00eates est un parcours plut\u00f4t sportif mais accessible gr\u00e2ce \u00e0 la navette des cr\u00eates. Photo archives Gr\u00e9goire Gauchet<\/p>\n<p>  <strong>5. Perdre au moins six degr\u00e9s sur la route des Cr\u00eates, gr\u00e2ce \u00e0 la navette<\/strong><\/p>\n<p>Petit cours de sciences pour commencer : <a href=\"https:\/\/meteofrance.com\/actualites-et-dossiers\/comprendre-la-meteo\/pourquoi-les-temperatures-peuvent-etre-tres-differentes\" rel=\"nofollow noopener\" target=\"_blank\">comme le rappelle M\u00e9t\u00e9o-France<\/a>, la temp\u00e9rature d\u00e9cro\u00eet avec l\u2019altitude d\u2019environ 0,65\u00b0C tous les 100 m\u00e8tres. Autrement dit, lorsqu\u2019il fait 30\u00b0C en plaine d\u2019Alsace, situ\u00e9e entre 110 et 250 m\u00e8tres d\u2019altitude de Lauterbourg \u00e0 Saint-Louis, il ne fera que 24\u00b0C au niveau de la route des Cr\u00eates, globalement perch\u00e9e entre 1000 et 1300 m\u00e8tres. D\u2019o\u00f9 l\u2019id\u00e9e de cette derni\u00e8re sortie : si par d\u00e9finition les hautes chaumes n\u2019offrent pas toujours d\u2019ombre, du fait de l\u2019absence de for\u00eat sur les plus hauts sommets, l\u2019altitude permet de rouler \u00e0 des temp\u00e9ratures bien plus convenables qu\u2019en plaine.<\/p>\n<p>Que l\u2019on choisisse de parcourir toute la route des Cr\u00eates du col des Bagenelles au Grand Ballon, ou de n\u2019en faire qu\u2019une partie en montant gr\u00e2ce \u00e0 la <a href=\"https:\/\/www.fluo.grandest.fr\/actualites\/navette-des-cretes\/\" rel=\"nofollow noopener\" target=\"_blank\">navette des cr\u00eates<\/a> avant de redescendre \u00e0 v\u00e9lo, on est \u00e0 peu pr\u00e8s assur\u00e9 de ne pas mourir de chaud. Il est important de pr\u00e9ciser que cet itin\u00e9raire se fait sur une route ouverte aux v\u00e9hicules motoris\u00e9s et est parfois tr\u00e8s fr\u00e9quent\u00e9, notamment les week-ends. Pour \u00e9viter les coups de soleil, le trafic et les orages de l\u2019apr\u00e8s-midi, mieux vaut partir et rentrer t\u00f4t.<\/p>\n<p>Tout au long du parcours, on pourra se ravitailler, dormir et m\u00eame parfois recharger la batterie de son v\u00e9lo dans les nombreuses <a href=\"https:\/\/www.fermeaubergealsace.fr\/\" rel=\"nofollow noopener\" target=\"_blank\">fermes-auberges<\/a> r\u00e9parties sur les hauts. En montagne, pas de camping et il est parfois interdit de planter sa tente dans les espaces naturels : pour s\u2019assurer de la r\u00e9glementation, le mieux est de consulter <a href=\"https:\/\/quietudeattitude.fr\/ballons-vosges\/je-localise-les-zones-sensibles\/\" rel=\"nofollow noopener\" target=\"_blank\">la carte<\/a> du programme Qui\u00e9tude attitude, port\u00e9 par le Parc naturel r\u00e9gional des Ballons des Vosges. Notez que la station du Markstein a am\u00e9nag\u00e9 <a href=\"https:\/\/www.dna.fr\/culture-loisirs\/2023\/08\/29\/une-aire-de-bivouac-a-la-station-du-markstein\" rel=\"nofollow noopener\" target=\"_blank\">une aire de bivouac<\/a>.<\/p>\n<p class=\"insetTitle\">En pratique<\/p>\n<ul>\n<li><strong>Y aller<\/strong> : en navette des cr\u00eates au d\u00e9part des gares de Colmar, Munster, Bollwiller, Thann, Cernay et Mulhouse. Possibilit\u00e9 de prendre son v\u00e9lo \u00e0 bord (sauf v\u00e9los \u00e9lectriques) en r\u00e9servant la veille avant 16h. Horaires, r\u00e9servations et infos pratiques <a href=\"https:\/\/www.fluo.grandest.fr\/actualites\/navette-des-cretes\/\" rel=\"nofollow noopener\" target=\"_blank\">ici<\/a>.<\/li>\n<li><strong>L\u2019itin\u00e9raire<\/strong> : on peut choisir de faire toute la route des Cr\u00eates du col des Bagenelles au Grand Ballon (ou inversement), de n\u2019en faire qu\u2019une partie, de redescendre en bus ou \u00e0 v\u00e9lo\u2026<\/li>\n<li><strong>Distance <\/strong>: 55 km aller simple (du col des Bagenelles au col du Grand Ballon).<\/li>\n<li><strong>D\u00e9nivel\u00e9 <\/strong>: 900 m\u00e8tres (du col des Bagenelles au col du Grand Ballon). Possibilit\u00e9 de le r\u00e9duire en ne faisant qu\u2019une partie de la route.<\/li>\n<li><strong>Un lien<\/strong> : une pr\u00e9sentation g\u00e9n\u00e9rale de la route des Cr\u00eates est faite <a href=\"https:\/\/www.parc-ballons-vosges.fr\/decouvrir\/activites-nature\/randonner-dans-le-parc\/balades-libres\/balades-le-long-de-la-route-des-cretes\/\" rel=\"nofollow noopener\" target=\"_blank\">sur le site<\/a> du Parc naturel r\u00e9gional des Ballons des Vosges.<\/li>\n<\/ul>\n<p>  <strong>Les astuces \u00e0 conna\u00eetre<\/strong><\/p>\n<ul>\n<li><strong>Trouver son itin\u00e9raire cyclable<\/strong><\/li>\n<\/ul>\n<p>Le site <a href=\"https:\/\/www.alsaceavelo.fr\/\" rel=\"nofollow noopener\" target=\"_blank\">Alsace \u00e0 v\u00e9lo<\/a> propose de nombreux itin\u00e9raires v\u00e9lo en Alsace. On peut aussi consulter la carte des itin\u00e9raires sur le site <a href=\"http:\/\/inforoute.alsace.eu\" rel=\"nofollow noopener\" target=\"_blank\">inforoute.alsace.eu<\/a>, rubrique v\u00e9lo, ou en PDF directement <a href=\"https:\/\/inforoute.alsace.eu\/mod_turbolead\/getvue.php\/1796_view.pdf\" rel=\"nofollow noopener\" target=\"_blank\">ici<\/a>. On peut aussi trouver des informations sur les sites de<a href=\"https:\/\/www.francevelotourisme.com\/\" rel=\"nofollow noopener\" target=\"_blank\"> France v\u00e9lo tourisme<\/a>, <a href=\"https:\/\/www.ma-voie-verte.fr\/\" rel=\"nofollow noopener\" target=\"_blank\">Ma voie verte<\/a> ou de l\u2019<a href=\"https:\/\/www.af3v.org\/\" rel=\"nofollow noopener\" target=\"_blank\">AF3V<\/a> (Association fran\u00e7aise pour le d\u00e9veloppement des v\u00e9loroutes et des voies vertes).<\/p>\n<ul>\n<li><strong>Chercher l\u2019horaire de son train ou bus<\/strong><\/li>\n<\/ul>\n<p>En Alsace, les horaires de tous les transports en commun sont disponibles sur <a href=\"https:\/\/www.fluo.grandest.fr\/\" rel=\"nofollow noopener\" target=\"_blank\">le site<\/a> et l\u2019application mobile Fluo, qui permettent de calculer un itin\u00e9raire d\u2019un point A \u00e0 un point B. Le jour du voyage, on peut v\u00e9rifier si son train est \u00e0 l\u2019heure sur l&rsquo;application SNCF Connect. Le transport des v\u00e9los dans les TER est gratuit (mais restreint pendant les heures de pointe).<\/p>\n<ul>\n<li><strong>Profiter des tarifs attractifs<\/strong><\/li>\n<\/ul>\n<p>Si vous voyagez en train \u00e0 plusieurs, pensez au billet \u201c<a href=\"https:\/\/www.ter.sncf.com\/grand-est\/tarifs-cartes\/tarifs-regionaux\/alsa%2B-groupe-journee\" rel=\"nofollow noopener\" target=\"_blank\">Alsa+ groupe journ\u00e9e<\/a>\u201d, qui permet \u00e0 un groupe de 2 \u00e0 5 personnes d\u2019emprunter le samedi, le dimanche ou un jour f\u00e9ri\u00e9, tous les transports (bus, tram, train) du Bas-Rhin ou du Haut-Rhin pour un total de 24,20 \u20ac (soit 4,84 \u20ac\/personne), ou de toute l\u2019Alsace pour 39,10\u20ac (soit 7,82 \u20ac\/personne).<\/p>\n<p>Dans le Haut-Rhin et les Vosges, l\u2019acc\u00e8s aux bus du r\u00e9seau Fluo, y compris la navette des cr\u00eates, est gratuit sur pr\u00e9sentation de son billet de train.<\/p>\n","protected":false},"excerpt":{"rendered":"1. Plonger dans les for\u00eats des Vosges du nord, depuis Walbourg En empruntant l\u2019ancienne voie de chemin de&hellip;\n","protected":false},"author":2,"featured_media":191649,"comment_status":"","ping_status":"","sticky":false,"template":"","format":"standard","meta":{"footnotes":""},"categories":[2820],"tags":[1111,11,2389,7782,5065,1687,27337,1777,674,107,1011,27,775,12,25,640,602],"class_list":{"0":"post-191648","1":"post","2":"type-post","3":"status-publish","4":"format-standard","5":"has-post-thumbnail","7":"category-strasbourg","8":"tag-actu","9":"tag-actualites","10":"tag-alsace","11":"tag-balades-et-randonnees","12":"tag-colmar","13":"tag-culture-loisirs","14":"tag-estivales","15":"tag-eu","16":"tag-europe","17":"tag-fil-info","18":"tag-fr","19":"tag-france","20":"tag-grand-est","21":"tag-news","22":"tag-republique-francaise","23":"tag-strasbourg","24":"tag-tourisme"},"share_on_mastodon":{"url":"https:\/\/pubeurope.com\/@fr\/114717265281663239","error":""},"_links":{"self":[{"href":"https:\/\/www.europesays.com\/fr\/wp-json\/wp\/v2\/posts\/191648","targetHints":{"allow":["GET"]}}],"collection":[{"href":"https:\/\/www.europesays.com\/fr\/wp-json\/wp\/v2\/posts"}],"about":[{"href":"https:\/\/www.europesays.com\/fr\/wp-json\/wp\/v2\/types\/post"}],"author":[{"embeddable":true,"href":"https:\/\/www.europesays.com\/fr\/wp-json\/wp\/v2\/users\/2"}],"replies":[{"embeddable":true,"href":"https:\/\/www.europesays.com\/fr\/wp-json\/wp\/v2\/comments?post=191648"}],"version-history":[{"count":0,"href":"https:\/\/www.europesays.com\/fr\/wp-json\/wp\/v2\/posts\/191648\/revisions"}],"wp:featuredmedia":[{"embeddable":true,"href":"https:\/\/www.europesays.com\/fr\/wp-json\/wp\/v2\/media\/191649"}],"wp:attachment":[{"href":"https:\/\/www.europesays.com\/fr\/wp-json\/wp\/v2\/media?parent=191648"}],"wp:term":[{"taxonomy":"category","embeddable":true,"href":"https:\/\/www.europesays.com\/fr\/wp-json\/wp\/v2\/categories?post=191648"},{"taxonomy":"post_tag","embeddable":true,"href":"https:\/\/www.europesays.com\/fr\/wp-json\/wp\/v2\/tags?post=191648"}],"curies":[{"name":"wp","href":"https:\/\/api.w.org\/{rel}","templated":true}]}}