{"id":191652,"date":"2025-06-20T19:09:11","date_gmt":"2025-06-20T19:09:11","guid":{"rendered":"https:\/\/www.europesays.com\/fr\/191652\/"},"modified":"2025-06-20T19:09:11","modified_gmt":"2025-06-20T19:09:11","slug":"fortes-chaleurs-la-ville-de-nice-presente-son-plan-canicule-pour-les-seniors-voici-ce-quil-faut-en-retenir","status":"publish","type":"post","link":"https:\/\/www.europesays.com\/fr\/191652\/","title":{"rendered":"Fortes chaleurs: la Ville de Nice pr\u00e9sente son plan canicule pour les seniors, voici ce qu\u2019il faut en retenir"},"content":{"rendered":"<p>\u00ab\u00a0Les vagues de chaleur \u00e0 Nice, c\u2019\u00e9tait quinze \u00e0 vingt jours il y a quinze ans\u2026 et plus de soixante en 2024. Le r\u00e9chauffement climatique, ce n\u2019est pas une farce!\u00a0\u00bb Les chiffres sont implacables, le mercure d\u00e9j\u00e0 bien haut en cette matin\u00e9e de fin de printemps.<\/p>\n<p>Devant un parterre d\u2019anciens, habitants de la r\u00e9sidence autonomie de Saint-Jean-d\u2019Ang\u00e9ly, le maire Christian Estrosi s\u2019est invit\u00e9, vendredi 20 juin, le temps d\u2019un petit-d\u00e9jeuner.<\/p>\n<p>Objectif: pr\u00e9senter le plan canicule municipal en lien avec le Centre communal d\u2019action sociale (CCAS) aux seniors, tr\u00e8s vuln\u00e9rables face \u00e0 la chaleur. Voici ce qu\u2019il faut retenir.<\/p>\n<p><strong>Des ventilateurs pour les Ni\u00e7ois fragiles recens\u00e9s au CCAS<\/strong><\/p>\n<p>Informations pr\u00e9ventives, alertes vocales, appels de courtoisie toutes les 48 heures, visites \u00e0 domicile en cas de besoin\u2026 G\u00e9r\u00e9 par le CCAS, le registre des personnes fragiles et isol\u00e9es permet un suivi plus fin en p\u00e9riode de canicule.<\/p>\n<p>\u00ab\u00a0\u00c0 Nice, ce listing confidentiel compte 2.521 inscrits. Depuis l\u2019an dernier,, indique le maire, nous leur offrons aussi des ventilateurs \u00e0 la demande. Plus de 1.500 sont \u00e0 disposition cette ann\u00e9e.\u00a0\u00bb<\/p>\n<p>Inscription par le senior, un tiers ou un professionnel de sant\u00e9: 04.93.135.135 ou sage@ccas-nice.fr<\/p>\n<p><strong>Les Maisons des seniors ouvertes tout l\u2019\u00e9t\u00e9<\/strong><\/p>\n<p>C\u2019est nouveau. D\u2019habitude ferm\u00e9es en grande partie pendant la p\u00e9riode estivale, les cinq Maisons des seniors (Cimiez, Pasteur, Ray, port et Prom\u2019), proposeront des animations au frais en juillet et en ao\u00fbt.<\/p>\n<p>Au menu, entre autres: qi gong, quiz, jeux de cartes et de soci\u00e9t\u00e9, avec rafra\u00eechissements offerts. En creux, \u00ab\u00a0c\u2019est aussi une mani\u00e8re de lutter contre l\u2019isolement des anciens, tent\u00e9s de rester chez eux pendant les p\u00e9riodes de fortes chaleurs\u00a0\u00bb, dixit Christian Estrosi.<\/p>\n<p>Programme disponible d\u00e8s lundi aupr\u00e8s de l\u2019office municipal des seniors: 04.89.04.65.03.<\/p>\n<p><strong>Du r\u00e9pit au frais dans les Ehpad et r\u00e9sidences de la ville<\/strong><\/p>\n<p>Vous \u00eates voisin ou voisine de l\u2019un des trois Ehpad ou des trois r\u00e9sidences \u00ab\u00a0autonomie\u00a0\u00bb g\u00e9r\u00e9s par la Ville et aimeriez un peu de fra\u00eecheur? Il suffit de sonner.<\/p>\n<p>Pendant les alertes canicule, la municipalit\u00e9 permet aux non-r\u00e9sidents d\u2019acc\u00e9der aux salles climatis\u00e9es de ces structures, sans r\u00e9servation.<\/p>\n<p>Il est aussi possible de s\u2019inviter (pour 3 euros) \u00e0 la table de l\u2019un des trois restaurants solidaires pour seniors de la commune: L\u2019Alegr\u00eda (Magnan), La Pignata (Nice-Est) et La Maiouneta (le Ray).<\/p>\n<p>Info aupr\u00e8s du CCAS: 04.97.135.135.<\/p>\n<p><strong>L\u2019accueil de nuit ouvert de jour pour les pr\u00e9caires si canicule<\/strong><\/p>\n<p>Encore plus expos\u00e9es \u00e0 la chaleur: les personnes sans domicile fixe ou stable.<\/p>\n<p>En cas d\u2019alerte canicule, en plus du centre d\u2019accueil de jour Le Phare, accessible de 9h \u00e0 16h, avenue du XVe-Corps, la Ville ouvrira la salle climatis\u00e9e de son accueil de nuit, au 33, rue Trachel, en journ\u00e9e.<\/p>\n","protected":false},"excerpt":{"rendered":"\u00ab\u00a0Les vagues de chaleur \u00e0 Nice, c\u2019\u00e9tait quinze \u00e0 vingt jours il y a quinze ans\u2026 et plus&hellip;\n","protected":false},"author":2,"featured_media":191653,"comment_status":"","ping_status":"","sticky":false,"template":"","format":"standard","meta":{"footnotes":""},"categories":[2819],"tags":[1111,11,1129,1777,674,332,1011,27,12,2401,882,25,71],"class_list":{"0":"post-191652","1":"post","2":"type-post","3":"status-publish","4":"format-standard","5":"has-post-thumbnail","7":"category-nice","8":"tag-actu","9":"tag-actualites","10":"tag-climat","11":"tag-eu","12":"tag-europe","13":"tag-faits-de-societe","14":"tag-fr","15":"tag-france","16":"tag-news","17":"tag-nice","18":"tag-provence-alpes-cote-dazur","19":"tag-republique-francaise","20":"tag-sante"},"share_on_mastodon":{"url":"","error":""},"_links":{"self":[{"href":"https:\/\/www.europesays.com\/fr\/wp-json\/wp\/v2\/posts\/191652","targetHints":{"allow":["GET"]}}],"collection":[{"href":"https:\/\/www.europesays.com\/fr\/wp-json\/wp\/v2\/posts"}],"about":[{"href":"https:\/\/www.europesays.com\/fr\/wp-json\/wp\/v2\/types\/post"}],"author":[{"embeddable":true,"href":"https:\/\/www.europesays.com\/fr\/wp-json\/wp\/v2\/users\/2"}],"replies":[{"embeddable":true,"href":"https:\/\/www.europesays.com\/fr\/wp-json\/wp\/v2\/comments?post=191652"}],"version-history":[{"count":0,"href":"https:\/\/www.europesays.com\/fr\/wp-json\/wp\/v2\/posts\/191652\/revisions"}],"wp:featuredmedia":[{"embeddable":true,"href":"https:\/\/www.europesays.com\/fr\/wp-json\/wp\/v2\/media\/191653"}],"wp:attachment":[{"href":"https:\/\/www.europesays.com\/fr\/wp-json\/wp\/v2\/media?parent=191652"}],"wp:term":[{"taxonomy":"category","embeddable":true,"href":"https:\/\/www.europesays.com\/fr\/wp-json\/wp\/v2\/categories?post=191652"},{"taxonomy":"post_tag","embeddable":true,"href":"https:\/\/www.europesays.com\/fr\/wp-json\/wp\/v2\/tags?post=191652"}],"curies":[{"name":"wp","href":"https:\/\/api.w.org\/{rel}","templated":true}]}}