{"id":191658,"date":"2025-06-20T19:13:07","date_gmt":"2025-06-20T19:13:07","guid":{"rendered":"https:\/\/www.europesays.com\/fr\/191658\/"},"modified":"2025-06-20T19:13:07","modified_gmt":"2025-06-20T19:13:07","slug":"franceline-ribard-futur-campus-sante-de-lile-de-nantes","status":"publish","type":"post","link":"https:\/\/www.europesays.com\/fr\/191658\/","title":{"rendered":"Franceline-Ribard, futur campus sant\u00e9 de l\u2019\u00eele de Nantes"},"content":{"rendered":"<p>Sur l\u2019\u00eele de Nantes, le futur h\u00f4pital de Nantes sort de terre et sera mis en activit\u00e9 d\u2019ici le deuxi\u00e8me trimestre\u00a02027. Pour former les nombreux professionnels qui y travailleront, un campus sant\u00e9 ouvrira ses portes \u00e0 l\u2019horizon\u00a02031. Ce campus, baptis\u00e9 Franceline-Ribard du nom de la premi\u00e8re \u00e9tudiante en m\u00e9decine \u00e0 Nantes, sera un centre de recherche et d\u2019enseignement d\u2019excellence. Il accueillera environ 6 900\u00a0\u00e9tudiants et \u00e9tudiantes suivant des formations en sant\u00e9 et en sanitaire et social. Ainsi, m\u00e9decins, infirmiers, dentistes, ambulanciers, accompagnants \u00e9ducatifs et sociaux pourront tous \u00eatre form\u00e9s en un m\u00eame lieu, au plus pr\u00e8s de l\u2019h\u00f4pital du CHU et des laboratoires de recherche.<\/p>\n","protected":false},"excerpt":{"rendered":"Sur l\u2019\u00eele de Nantes, le futur h\u00f4pital de Nantes sort de terre et sera mis en activit\u00e9 d\u2019ici&hellip;\n","protected":false},"author":2,"featured_media":191659,"comment_status":"","ping_status":"","sticky":false,"template":"","format":"standard","meta":{"footnotes":""},"categories":[2818],"tags":[1111,11,1777,674,1011,27,5701,766,12,2636,25,71],"class_list":{"0":"post-191658","1":"post","2":"type-post","3":"status-publish","4":"format-standard","5":"has-post-thumbnail","7":"category-nantes","8":"tag-actu","9":"tag-actualites","10":"tag-eu","11":"tag-europe","12":"tag-fr","13":"tag-france","14":"tag-innovation","15":"tag-nantes","16":"tag-news","17":"tag-pays-de-la-loire","18":"tag-republique-francaise","19":"tag-sante"},"share_on_mastodon":{"url":"https:\/\/pubeurope.com\/@fr\/114717288293222462","error":""},"_links":{"self":[{"href":"https:\/\/www.europesays.com\/fr\/wp-json\/wp\/v2\/posts\/191658","targetHints":{"allow":["GET"]}}],"collection":[{"href":"https:\/\/www.europesays.com\/fr\/wp-json\/wp\/v2\/posts"}],"about":[{"href":"https:\/\/www.europesays.com\/fr\/wp-json\/wp\/v2\/types\/post"}],"author":[{"embeddable":true,"href":"https:\/\/www.europesays.com\/fr\/wp-json\/wp\/v2\/users\/2"}],"replies":[{"embeddable":true,"href":"https:\/\/www.europesays.com\/fr\/wp-json\/wp\/v2\/comments?post=191658"}],"version-history":[{"count":0,"href":"https:\/\/www.europesays.com\/fr\/wp-json\/wp\/v2\/posts\/191658\/revisions"}],"wp:featuredmedia":[{"embeddable":true,"href":"https:\/\/www.europesays.com\/fr\/wp-json\/wp\/v2\/media\/191659"}],"wp:attachment":[{"href":"https:\/\/www.europesays.com\/fr\/wp-json\/wp\/v2\/media?parent=191658"}],"wp:term":[{"taxonomy":"category","embeddable":true,"href":"https:\/\/www.europesays.com\/fr\/wp-json\/wp\/v2\/categories?post=191658"},{"taxonomy":"post_tag","embeddable":true,"href":"https:\/\/www.europesays.com\/fr\/wp-json\/wp\/v2\/tags?post=191658"}],"curies":[{"name":"wp","href":"https:\/\/api.w.org\/{rel}","templated":true}]}}