{"id":191668,"date":"2025-06-20T19:18:22","date_gmt":"2025-06-20T19:18:22","guid":{"rendered":"https:\/\/www.europesays.com\/fr\/191668\/"},"modified":"2025-06-20T19:18:22","modified_gmt":"2025-06-20T19:18:22","slug":"braderie-de-lille-2025-reservez-des-maintenant-votre-emplacement","status":"publish","type":"post","link":"https:\/\/www.europesays.com\/fr\/191668\/","title":{"rendered":"Braderie de Lille 2025 : r\u00e9servez d\u00e8s maintenant votre emplacement !"},"content":{"rendered":"<p>Brocanteurs, commer\u00e7ants, associations, restaurateurs\u2026 La R\u00e9gion vous invite \u00e0 r\u00e9server d\u00e8s maintenant votre emplacement pour participer \u00e0 cette \u00e9dition 2025 qui s\u2019annonce une nouvelle fois exceptionnelle.\n<\/p>\n<p>Rendez-vous les 6 et 7 septembre prochains pour l\u2019incontournable Braderie de Lille, \u00e9v\u00e9nement embl\u00e9matique des Hauts-de-France qui attire chaque ann\u00e9e plusieurs millions de visiteurs venus de toute l\u2019Europe.<\/p>\n<p>Anticipez votre inscription<\/p>\n<p>Vous \u00eates un professionnel, un particulier, un exposant occasionnel ou un habitu\u00e9 de la braderie ? Pour pouvoir b\u00e9n\u00e9ficier d\u2019un stand dans les meilleures conditions, l\u2019inscription est obligatoire. Les r\u00e9servations sont ouvertes, et les places sont limit\u00e9es selon les zones du parcours. N\u2019attendez pas le dernier moment !<\/p>\n<p>Cl\u00f4ture des inscriptions : 19 ao\u00fbt2025<\/p>\n<p><strong>Pourquoi participer ?<\/strong><\/p>\n<p>La Braderie de Lille, c\u2019est :<\/p>\n<ul>\n<li>Le plus grand march\u00e9 aux puces d\u2019Europe,<\/li>\n<li>Une ambiance festive unique, entre chine, musique et convivialit\u00e9,<\/li>\n<li>Une opportunit\u00e9 id\u00e9ale pour vendre, \u00e9changer, faire conna\u00eetre vos cr\u00e9ations ou vider vos greniers,<\/li>\n<li>Un moment de rencontre privil\u00e9gi\u00e9 entre habitants, visiteurs, artisans et commer\u00e7ants.<\/li>\n<\/ul>\n<p>Que vous soyez brocanteur passionn\u00e9, artiste local, restaurateur ambulant ou simple amoureux des bonnes affaires, cette braderie est faite pour vous !<\/p>\n<p><strong>Comment s\u2019inscrire ?<\/strong><\/p>\n<p>Rendez-vous sur le site de la<a href=\"https:\/\/www.lille.fr\/\" target=\"_blank\" rel=\"noopener\"> Ville de Lille<\/a> ou contactez directement les services municipaux. La proc\u00e9dure est simple et rapide :<\/p>\n<ol>\n<li>Remplissez le formulaire de demande d\u2019emplacement<\/li>\n<li>Joignez les pi\u00e8ces justificatives demand\u00e9es<\/li>\n<li>Choisissez votre secteur selon les disponibilit\u00e9s<\/li>\n<li>Validez votre inscription et recevez votre autorisation<\/li>\n<\/ol>\n<p>Plus d\u2019infos et formulaire d\u2019inscription sur <a href=\"https:\/\/reservation-braderie.lille.fr\/\" target=\"_blank\" rel=\"noopener\">reservation-braderie.lille.fr<\/a><\/p>\n","protected":false},"excerpt":{"rendered":"Brocanteurs, commer\u00e7ants, associations, restaurateurs\u2026 La R\u00e9gion vous invite \u00e0 r\u00e9server d\u00e8s maintenant votre emplacement pour participer \u00e0 cette&hellip;\n","protected":false},"author":2,"featured_media":191669,"comment_status":"","ping_status":"","sticky":false,"template":"","format":"standard","meta":{"footnotes":""},"categories":[2815],"tags":[1111,11,251,1777,674,1011,27,811,1307,1393,12,25],"class_list":{"0":"post-191668","1":"post","2":"type-post","3":"status-publish","4":"format-standard","5":"has-post-thumbnail","7":"category-lille","8":"tag-actu","9":"tag-actualites","10":"tag-culture","11":"tag-eu","12":"tag-europe","13":"tag-fr","14":"tag-france","15":"tag-hauts-de-france","16":"tag-lille","17":"tag-loisirs","18":"tag-news","19":"tag-republique-francaise"},"share_on_mastodon":{"url":"https:\/\/pubeurope.com\/@fr\/114717307960697761","error":""},"_links":{"self":[{"href":"https:\/\/www.europesays.com\/fr\/wp-json\/wp\/v2\/posts\/191668","targetHints":{"allow":["GET"]}}],"collection":[{"href":"https:\/\/www.europesays.com\/fr\/wp-json\/wp\/v2\/posts"}],"about":[{"href":"https:\/\/www.europesays.com\/fr\/wp-json\/wp\/v2\/types\/post"}],"author":[{"embeddable":true,"href":"https:\/\/www.europesays.com\/fr\/wp-json\/wp\/v2\/users\/2"}],"replies":[{"embeddable":true,"href":"https:\/\/www.europesays.com\/fr\/wp-json\/wp\/v2\/comments?post=191668"}],"version-history":[{"count":0,"href":"https:\/\/www.europesays.com\/fr\/wp-json\/wp\/v2\/posts\/191668\/revisions"}],"wp:featuredmedia":[{"embeddable":true,"href":"https:\/\/www.europesays.com\/fr\/wp-json\/wp\/v2\/media\/191669"}],"wp:attachment":[{"href":"https:\/\/www.europesays.com\/fr\/wp-json\/wp\/v2\/media?parent=191668"}],"wp:term":[{"taxonomy":"category","embeddable":true,"href":"https:\/\/www.europesays.com\/fr\/wp-json\/wp\/v2\/categories?post=191668"},{"taxonomy":"post_tag","embeddable":true,"href":"https:\/\/www.europesays.com\/fr\/wp-json\/wp\/v2\/tags?post=191668"}],"curies":[{"name":"wp","href":"https:\/\/api.w.org\/{rel}","templated":true}]}}