{"id":191670,"date":"2025-06-20T19:19:10","date_gmt":"2025-06-20T19:19:10","guid":{"rendered":"https:\/\/www.europesays.com\/fr\/191670\/"},"modified":"2025-06-20T19:19:10","modified_gmt":"2025-06-20T19:19:10","slug":"stationnement-un-abonnement-pour-les-aidants-et-les-familles-actualites","status":"publish","type":"post","link":"https:\/\/www.europesays.com\/fr\/191670\/","title":{"rendered":"Stationnement : un abonnement pour les aidants et les familles \/ Actualit\u00e9s"},"content":{"rendered":"<p>Cette mesure d\u2019\u00e9galit\u00e9 et de coh\u00e9sion sociale pour une transition \u00e9cologique juste et \u00e9quitable vise \u00e0 accompagner le nouveau partage l\u2019espace public et valorise l\u2019engagement de ceux qui prennent soin b\u00e9n\u00e9volement des plus vuln\u00e9rables (hors entreprises ou professionnels de l\u2019aide \u00e0 domicile).<\/p>\n<p>Le forfait est fix\u00e9 \u00e0\u00a05 euros la journ\u00e9e et 25 euros la semaine\u00a0\u00e0 raison de\u00a0cinq v\u00e9hicules par ann\u00e9es civiles. Il peut \u00eatre\u00a0obtenu \u00e0 la demande du Lillois b\u00e9n\u00e9ficiaire\u00a0du tarif r\u00e9sident qui en fait la demande sur le portail en ligne (<a href=\"https:\/\/stationnement.lille.fr\/#\/souscriptions\/auth\" target=\"_self\" class=\"lien_interne\" rel=\"nofollow noopener\">stationnement.lille.fr<\/a>) ou en prenant rendez-vous avec le guichet du service stationnement (sur le site\u00a0mesdemarches.lille.fr\u00a0ou par te\u0301l au\u00a003 20 49 57 78).\u00a0<\/p>\n<p>Ce nouveau forfait vient s\u2019ajouter \u00e0 une s\u00e9rie de tarifs propos\u00e9s par la Ville aux riverains des zones de stationnement.<\/p>\n<p>Tarif r\u00e9sident<\/p>\n<p>Le tarif\u00a0\u00ab r\u00e9sident\u00a0\u00bb\u00a0concerne l\u2019ensemble des foyers lillois situ\u00e9s dans deux des quatre zones tarifaires de la\u00a0ville (zones Jaune et Verte) \u00e0 raison de\u00a0deux v\u00e9hicules par foyer..\u00a0Le tarif se d\u00e9cline la mani\u00e8re suivante :\u00a01 euros la demi-journ\u00e9e, 2 euros la journ\u00e9e, 8 euros la semaine, 25 euros le mois, 79 euros le trimestre, 250 euros l\u2019ann\u00e9e.\u00a0Les foyers situ\u00e9s \u00e0 l\u2019int\u00e9rieur de la zone Azur ou de la zone Orange, r\u00e8glementant\u00a0les voies \u00e0 fortes attractivit\u00e9 commerciale en c\u0153ur de ville, ne sont pas \u00e9ligibles<\/p>\n<p>Tarif r\u00e9sident solidaire<\/p>\n<p>Le tarif \u00ab\u00a0r\u00e9sident solidaire\u00a0\u00bb, fix\u00e9 \u00e0 15 ou 10 euros, s\u2019\u00e9tablit selon un bar\u00e8me \u00e0 deux niveaux\u00a0:<\/p>\n<ul class=\"listPuce\">\n<li>Niveau\u00a02\u00a0:\u00a015\u00a0euros\u00a0en direction des foyers dont le revenu fiscal de r\u00e9f\u00e9rence est compris entre 21\u00a0120 et 27\u00a0468 euros<\/li>\n<li>Niveau\u00a01\u00a0:\u00a010\u00a0euros\u00a0en direction des foyers dont le revenu fiscal de r\u00e9f\u00e9rence est inf\u00e9rieur \u00e0 21\u00a0120 euros<\/li>\n<\/ul>\n<p>Accessible dans la limite d\u2019un v\u00e9hicule par foyer, ce tarif peut \u00eatre cumul\u00e9 avec le tarif \u00ab\u00a0r\u00e9sident\u00a0\u00bb pour le second v\u00e9hicule.\u00a0<\/p>\n<p>Tarif \u00ab\u00a0professionnel\u00a0\u00bb pour les professionnels de sant\u00e9\u00a0<\/p>\n<p>Ciblant les professionnels de sant\u00e9 intervenant \u00e0 Lille, le tarif \u00ab\u00a0professionnel\u00a0\u00bb s\u2019\u00e9chelonne de la mani\u00e8re suivante\u00a0:\u00a04 euros la journ\u00e9e, 10 euros la semaine, 40 euros le mois et 300 euros l\u2019ann\u00e9e. Il concerne d\u2019une part\u00a0les docteurs en m\u00e9decine\u00a0exer\u00e7ant la m\u00e9decine g\u00e9n\u00e9rale ou la biologie m\u00e9dicale,\u00a0les docteurs en pharmacie\u00a0exer\u00e7ant la biologie m\u00e9dicale ainsi que\u00a0les sage-femmes\u00a0dont le cabinet se situe sur la commune de Lille, et d\u2019autre les part\u00a0les professions param\u00e9dicales\u00a0(infirmiers, kin\u00e9sith\u00e9rapeutes, aides-soignants, p\u00e9dicures, podologues et orthophonistes) dont le cabinet se situe sur la commune de Lille. Il est limit\u00e9 \u00e0 un v\u00e9hicule par b\u00e9n\u00e9ficiaire.<\/p>\n<p>Dispense de forfait<\/p>\n<p>Les titulaires d\u2019une carte europ\u00e9enne de stationnement ou d\u2019une carte mobilit\u00e9 \u00ab stationnement pour personnes handicap\u00e9es \u00bb en cours de validit\u00e9\u00a0ne sont pas assujettis au paiement de la redevance (une d\u00e9claration de stationnement pr\u00e9alable aupr\u00e8s des services de la ville est dans ce cas n\u00e9cessaire). Ne sont pas non plus assujettis les v\u00e9hicules de travaux, les \u00a0v\u00e9hicules des services de secours, les v\u00e9hicules municipaux et les forces de l\u2019ordre.<\/p>\n<p>Retrouvez plus d\u2019informations sur les forfaits de stationnement r\u00e9sidents :\u00a0<a href=\"https:\/\/www.lille.fr\/Vivre-a-Lille\/Me-deplacer\/En-voiture\/Le-stationnement\/Le-stationnement-payant\" target=\"_self\" class=\"lien_interne\" rel=\"nofollow noopener\">Le stationnement payant \/ Le stationnement \/ En voiture \/ Me d\u00e9placer \/ Vivre \u00e0 Lille &#8211; Ville de Lille : adresses, horaires, calendriers et histoire<\/a>\u00a0; ainsi que le plan de stationnement:\u00a0<a href=\"https:\/\/www.lille.fr\/Vivre-a-Lille\/Me-deplacer\/En-voiture\/Le-stationnement\/Le-stationnement-payant\" target=\"_self\" class=\"lien_interne\" rel=\"nofollow noopener\">Le stationnement payant \/ Le stationnement \/ En voiture \/ Me d\u00e9placer \/ Vivre \u00e0 Lille &#8211; Ville de Lille : adresses, horaires,<\/a><\/p>\n","protected":false},"excerpt":{"rendered":"Cette mesure d\u2019\u00e9galit\u00e9 et de coh\u00e9sion sociale pour une transition \u00e9cologique juste et \u00e9quitable vise \u00e0 accompagner le&hellip;\n","protected":false},"author":2,"featured_media":191671,"comment_status":"","ping_status":"","sticky":false,"template":"","format":"standard","meta":{"footnotes":""},"categories":[2815],"tags":[1111,11,4763,1777,674,1011,27,811,1307,5415,12,25],"class_list":{"0":"post-191670","1":"post","2":"type-post","3":"status-publish","4":"format-standard","5":"has-post-thumbnail","7":"category-lille","8":"tag-actu","9":"tag-actualites","10":"tag-agenda","11":"tag-eu","12":"tag-europe","13":"tag-fr","14":"tag-france","15":"tag-hauts-de-france","16":"tag-lille","17":"tag-mairie","18":"tag-news","19":"tag-republique-francaise"},"share_on_mastodon":{"url":"https:\/\/pubeurope.com\/@fr\/114717311839228335","error":""},"_links":{"self":[{"href":"https:\/\/www.europesays.com\/fr\/wp-json\/wp\/v2\/posts\/191670","targetHints":{"allow":["GET"]}}],"collection":[{"href":"https:\/\/www.europesays.com\/fr\/wp-json\/wp\/v2\/posts"}],"about":[{"href":"https:\/\/www.europesays.com\/fr\/wp-json\/wp\/v2\/types\/post"}],"author":[{"embeddable":true,"href":"https:\/\/www.europesays.com\/fr\/wp-json\/wp\/v2\/users\/2"}],"replies":[{"embeddable":true,"href":"https:\/\/www.europesays.com\/fr\/wp-json\/wp\/v2\/comments?post=191670"}],"version-history":[{"count":0,"href":"https:\/\/www.europesays.com\/fr\/wp-json\/wp\/v2\/posts\/191670\/revisions"}],"wp:featuredmedia":[{"embeddable":true,"href":"https:\/\/www.europesays.com\/fr\/wp-json\/wp\/v2\/media\/191671"}],"wp:attachment":[{"href":"https:\/\/www.europesays.com\/fr\/wp-json\/wp\/v2\/media?parent=191670"}],"wp:term":[{"taxonomy":"category","embeddable":true,"href":"https:\/\/www.europesays.com\/fr\/wp-json\/wp\/v2\/categories?post=191670"},{"taxonomy":"post_tag","embeddable":true,"href":"https:\/\/www.europesays.com\/fr\/wp-json\/wp\/v2\/tags?post=191670"}],"curies":[{"name":"wp","href":"https:\/\/api.w.org\/{rel}","templated":true}]}}