{"id":19168,"date":"2025-04-12T05:39:14","date_gmt":"2025-04-12T05:39:14","guid":{"rendered":"https:\/\/www.europesays.com\/fr\/19168\/"},"modified":"2025-04-12T05:39:14","modified_gmt":"2025-04-12T05:39:14","slug":"un-tram-et-une-voiture-sentrechoquent-violemment-les-tcl-perturbes","status":"publish","type":"post","link":"https:\/\/www.europesays.com\/fr\/19168\/","title":{"rendered":"un tram et une voiture s&rsquo;entrechoquent violemment, les TCL perturb\u00e9s"},"content":{"rendered":"<p>            Par<br \/>\n        <strong><br \/>\n            <a href=\"https:\/\/actu.fr\/auteur\/ludivine-caporal\" title=\"Consulter tous les articles de Ludivine Caporal\" rel=\"nofollow noopener\" target=\"_blank\">Ludivine Caporal<\/a><br \/>\n        <\/strong><\/p>\n<p>        Publi\u00e9 le<\/p>\n<p>            10 avr. 2025 \u00e0 16h12<br \/>\n        ; mis \u00e0 jour le 10 avr. 2025 \u00e0 16h18    <\/p>\n<p>Une voiture est entr\u00e9e en collision <strong>avec un tramway en circulation<\/strong> peu apr\u00e8s l\u2019arr\u00eat Part-Dieu, au niveau du croisement entre la rue de la Villette et l\u2019avenue Georges Pompidou dans le 3e arrondissement de <a href=\"https:\/\/actu.fr\/auvergne-rhone-alpes\/lyon_69123\" rel=\"nofollow noopener\" target=\"_blank\">Lyon<\/a>. Les faits se sont produits vers 15h30 ce jeudi 10 avril 2025.<\/p>\n<p class=\" wall-content\">Si les d\u00e9g\u00e2ts sont assez impressionnants, l\u2019avant du tram T4 ayant notamment \u00e9t\u00e9<strong> arrach\u00e9<\/strong> dans le choc, aucun bless\u00e9 n\u2019est \u00e0 d\u00e9plorer selon notre journaliste pr\u00e9sent sur place. Une femme seule se trouvait au volant de la voiture accident\u00e9e.<\/p>\n<p>    <a href=\"https:\/\/www.google.com\/maps\/embed?pb=!1m18!1m12!1m3!1d2783.542946470749!2d4.859003876619229!3d45.76030811363264!2m3!1f0!2f0!3f0!3m2!1i1024!2i768!4f13.1!3m3!1m2!1s0x47f4ea7cd5875c0f%3A0xc796dda1279ac5a5!2sRue%20de%20la%20Villette%2C%2069003%20Lyon!5e0!3m2!1sfr!2sfr!4v1744293989079!5m2!1sfr!2sfr\" title=\"Ouvrie le lien\" rel=\"nofollow noopener\" target=\"_blank\">Cliquez ici pour visualiser le contenu<\/a><\/p>\n<p class=\" wall-content\">La police et les pompiers sont toujours pr\u00e9sents sur les lieux et le trafic <a href=\"https:\/\/actu.fr\/tag\/transports-en-commun-lyonnais-tcl\" rel=\"nofollow noopener\" target=\"_blank\">TCL<\/a> est perturb\u00e9.<\/p>\n<p>Reprise normale du trafic vers 18h<\/p>\n<p class=\" wall-content\">Le T4 circule partiellement entre La Doua et Thiers Lafayette puis d\u2019Archives D\u00e9partementales \u00e0 H\u00f4pital Feyzin V\u00e9nissieux. <strong>Les bus C16 et C9<\/strong> sont aussi impact\u00e9s par l\u2019accident et donc d\u00e9vi\u00e9s.<\/p>\n<p>      <img   decoding=\"async\" loading=\"lazy\" src=\"https:\/\/www.europesays.com\/fr\/wp-content\/uploads\/2025\/04\/accident-tram-t4-lyon-960x640.jpg\" alt=\"Les d\u00e9g\u00e2ts sont importants.\" width=\"960\" height=\"640\"\/><br \/>\n    Les d\u00e9g\u00e2ts sont importants. (\u00a9Nicolas Zaugra\/actu Lyon)<\/p>\n<p class=\" wall-content\">La reprise normale du trafic est pour l\u2019instant estim\u00e9e \u00e0 18h.<\/p>\n<p class=\" wall-content\">Suivez toute l\u2019actualit\u00e9 de vos villes et m\u00e9dias favoris en vous inscrivant \u00e0 <a href=\"https:\/\/moncompte.actu.fr\" title=\"D\u00e9couvez Mon Actu\" rel=\"nofollow noopener\" data-trk=\"{&quot;cta&quot;:{&quot;action&quot;:&quot;https:\\\/\\\/moncompte.actu.fr&quot;,&quot;category&quot;:&quot;mon compte&quot;,&quot;from&quot;:&quot;article footer&quot;,&quot;name&quot;:&quot;Mon actu&quot;,&quot;type&quot;:&quot;cta&quot;}}\" target=\"_blank\">Mon Actu<\/a>.<\/p>\n<ul class=\"ac-article-tag wall-content\">\n<li><a href=\"https:\/\/actu.fr\/tag\/accident\" data-trk=\"{&quot;cta&quot;:{&quot;action&quot;:&quot;Accident&quot;,&quot;category&quot;:&quot;tag&quot;,&quot;from&quot;:&quot;article footer&quot;,&quot;name&quot;:&quot;Accident&quot;,&quot;type&quot;:&quot;cta&quot;}}\" rel=\"nofollow noopener\" target=\"_blank\">#Accident<\/a><\/li>\n<li><a href=\"https:\/\/actu.fr\/tag\/transports-en-commun-lyonnais-tcl\" data-trk=\"{&quot;cta&quot;:{&quot;action&quot;:&quot;Transports en commun lyonnais (TCL)&quot;,&quot;category&quot;:&quot;tag&quot;,&quot;from&quot;:&quot;article footer&quot;,&quot;name&quot;:&quot;Transports en commun lyonnais (TCL)&quot;,&quot;type&quot;:&quot;cta&quot;}}\" rel=\"nofollow noopener\" target=\"_blank\">#Transports en commun lyonnais (TCL)<\/a><\/li>\n<\/ul>\n","protected":false},"excerpt":{"rendered":"Par Ludivine Caporal Publi\u00e9 le 10 avr. 2025 \u00e0 16h12 ; mis \u00e0 jour le 10 avr. 2025&hellip;\n","protected":false},"author":2,"featured_media":19169,"comment_status":"","ping_status":"","sticky":false,"template":"","format":"standard","meta":{"footnotes":""},"categories":[1889],"tags":[119,1111,11,2430,1777,674,118,1011,27,2428,12,25,5787],"class_list":{"0":"post-19168","1":"post","2":"type-post","3":"status-publish","4":"format-standard","5":"has-post-thumbnail","7":"category-lyon","8":"tag-accident","9":"tag-actu","10":"tag-actualites","11":"tag-auvergne-rhone-alpes","12":"tag-eu","13":"tag-europe","14":"tag-faits-divers","15":"tag-fr","16":"tag-france","17":"tag-lyon","18":"tag-news","19":"tag-republique-francaise","20":"tag-transports-en-commun-lyonnais-tcl"},"share_on_mastodon":{"url":"https:\/\/pubeurope.com\/@fr\/114323388063145517","error":""},"_links":{"self":[{"href":"https:\/\/www.europesays.com\/fr\/wp-json\/wp\/v2\/posts\/19168","targetHints":{"allow":["GET"]}}],"collection":[{"href":"https:\/\/www.europesays.com\/fr\/wp-json\/wp\/v2\/posts"}],"about":[{"href":"https:\/\/www.europesays.com\/fr\/wp-json\/wp\/v2\/types\/post"}],"author":[{"embeddable":true,"href":"https:\/\/www.europesays.com\/fr\/wp-json\/wp\/v2\/users\/2"}],"replies":[{"embeddable":true,"href":"https:\/\/www.europesays.com\/fr\/wp-json\/wp\/v2\/comments?post=19168"}],"version-history":[{"count":0,"href":"https:\/\/www.europesays.com\/fr\/wp-json\/wp\/v2\/posts\/19168\/revisions"}],"wp:featuredmedia":[{"embeddable":true,"href":"https:\/\/www.europesays.com\/fr\/wp-json\/wp\/v2\/media\/19169"}],"wp:attachment":[{"href":"https:\/\/www.europesays.com\/fr\/wp-json\/wp\/v2\/media?parent=19168"}],"wp:term":[{"taxonomy":"category","embeddable":true,"href":"https:\/\/www.europesays.com\/fr\/wp-json\/wp\/v2\/categories?post=19168"},{"taxonomy":"post_tag","embeddable":true,"href":"https:\/\/www.europesays.com\/fr\/wp-json\/wp\/v2\/tags?post=19168"}],"curies":[{"name":"wp","href":"https:\/\/api.w.org\/{rel}","templated":true}]}}