{"id":191680,"date":"2025-06-20T19:25:09","date_gmt":"2025-06-20T19:25:09","guid":{"rendered":"https:\/\/www.europesays.com\/fr\/191680\/"},"modified":"2025-06-20T19:25:09","modified_gmt":"2025-06-20T19:25:09","slug":"les-restrictions-de-circulation-pour-ce-week-end","status":"publish","type":"post","link":"https:\/\/www.europesays.com\/fr\/191680\/","title":{"rendered":"les restrictions de circulation pour ce week-end"},"content":{"rendered":"<p>            Par<br \/>\n        <strong><br \/>\n            <a href=\"https:\/\/actu.fr\/auteur\/redaction-paris\" title=\"Consulter tous les articles de R\u00e9daction Paris\" target=\"_blank\" rel=\"noopener\">R\u00e9daction Paris<\/a><br \/>\n        <\/strong><\/p>\n<p>        Publi\u00e9 le<\/p>\n<p>            20 juin 2025 \u00e0 20h50        <\/p>\n<p>Un \u00e9pisode de pollution \u00e0 l\u2019ozone touche Paris et l\u2019\u00cele-de-France depuis ce vendredi 20 juin 2025. L\u2019organisme charg\u00e9 de surveiller la qualit\u00e9 de l\u2019air dans la r\u00e9gion, Airparif, pr\u00e9voit m\u00eame pour samedi 21 juin un d\u00e9passement du <a href=\"https:\/\/www.airparif.fr\/procedure-dinformation-et-dalerte\" target=\"_blank\" rel=\"noopener\">seuil d\u2019information fix\u00e9 \u00e0 180 \u00b5g\/m\u00b3<\/a>, \u00e0 savoir \u00ab\u00a0un niveau de concentration de polluants dans l\u2019atmosph\u00e8re au-del\u00e0 duquel une exposition de courte dur\u00e9e pr\u00e9sente un risque pour la sant\u00e9 humaine\u00a0\u00bb. Et les pr\u00e9visions d\u2019\u00e9volution \u00e0 la dispersion des polluants sont d\u00e9favorables jusqu\u2019\u00e0 dimanche 22.\u00a0<\/p>\n<p class=\" wall-content\">Un \u00e9pisode dit \u00ab\u00a0persistant\u00a0\u00bb qui, pour les particules et l\u2019ozone, <strong>oblige les autorit\u00e9s \u00e0 mettre en place des mesures<\/strong> relevant de la proc\u00e9dure d\u2019alerte (en cas de persistance du d\u00e9passement du seuil d\u2019information sur 2 jours cons\u00e9cutifs). Le pr\u00e9fet de police de Paris, Laurent Nu\u00f1ez, a donc r\u00e9uni le comit\u00e9 technique, compos\u00e9 d\u2019experts de la pollution, puis le comit\u00e9 des \u00e9lus de la r\u00e9gion. Avant de prendre des mesures restrictives pour ce week-end des 21 et 22 juin 2025, list\u00e9es ci-dessous :\u00a0<\/p>\n<p class=\" wall-content\"><strong>Concernant le trafic routier\u00a0<\/strong><\/p>\n<ul class=\" wall-content\">\n<li>\u00e0 110 km\/h sur les portions d\u2019autoroutes normalement limit\u00e9es \u00e0 130 km\/h<\/li>\n<li>\u00e0 90 km\/h sur les portions d\u2019autoroutes et de voies rapides normalement limit\u00e9es \u00e0 110 km\/h<\/li>\n<li>\u00e0 70 km\/h sur les portions d\u2019autoroutes et de voies rapides normalement limit\u00e9es \u00e0 90 km\/h, ainsi que sur les routes nationales et d\u00e9partementales limit\u00e9es \u00e0 80 km\/h ou \u00e0\u00a0 90 km\/h<\/li>\n<li>Obligation de contournement par la rocade francilienne pour les v\u00e9hicules en transit dont le PTAC exc\u00e8de 3,5 tonnes<\/li>\n<\/ul>\n<p class=\" wall-content\"><strong>Mesures compl\u00e9mentaires, notamment\u00a0<\/strong><\/p>\n<ul class=\" wall-content\">\n<li>Interdiction de br\u00fblage \u00e0 l\u2019air libre\u00a0<\/li>\n<li>Report des travaux d\u2019entretien ou de nettoyage \u00e9metteurs de compos\u00e9s organiques volatils (outils \u00e0 moteurs thermiques, solvants, vernis, colles, peintures\u2026)<\/li>\n<li>Pour le secteur industriel, certaines installations class\u00e9es pour la protection de l\u2019environnement font l\u2019objet de prescriptions particuli\u00e8res dans leurs arr\u00eat\u00e9s d\u2019autorisation en cas de d\u00e9clenchement de la proc\u00e9dure d\u2019alerte pollution\u00a0<\/li>\n<\/ul>\n<p class=\" wall-content\">La pr\u00e9fecture de Police pr\u00e9cise qu\u2019elle mettre en place des contr\u00f4les destin\u00e9s \u00e0 s\u2019assurer au respect de ces mesures. Et recommande, dans la mesure du possible, de limiter les d\u00e9placements en voiture et, en cas de n\u00e9cessit\u00e9, de pratiquer le covoiturage.\u00a0<\/p>\n<p class=\" wall-content\">Il est \u00e9galement pr\u00e9conis\u00e9 de limiter l\u2019exposition \u00e0 la pollution, notamment des personnes les plus vuln\u00e9rables, en restant en int\u00e9rieur durant les heures les plus chaudes.\u00a0<\/p>\n<p>Vid\u00e9os : en ce moment sur Actu<\/p>\n<p class=\" wall-content\">Suivez toute l\u2019actualit\u00e9 de vos villes et m\u00e9dias favoris en vous inscrivant \u00e0 <a href=\"https:\/\/moncompte.actu.fr\" title=\"D\u00e9couvez Mon Actu\" rel=\"nofollow noopener\" data-trk=\"{&quot;cta&quot;:{&quot;action&quot;:&quot;https:\\\/\\\/moncompte.actu.fr&quot;,&quot;category&quot;:&quot;mon compte&quot;,&quot;from&quot;:&quot;article footer&quot;,&quot;name&quot;:&quot;Mon actu&quot;,&quot;type&quot;:&quot;cta&quot;}}\" target=\"_blank\">Mon Actu<\/a>.<\/p>\n","protected":false},"excerpt":{"rendered":"Par R\u00e9daction Paris Publi\u00e9 le 20 juin 2025 \u00e0 20h50 Un \u00e9pisode de pollution \u00e0 l\u2019ozone touche Paris&hellip;\n","protected":false},"author":2,"featured_media":191681,"comment_status":"","ping_status":"","sticky":false,"template":"","format":"standard","meta":{"footnotes":""},"categories":[1592],"tags":[1111,11,1777,674,1011,27,662,803,12,626,1800,1931,25,104],"class_list":{"0":"post-191680","1":"post","2":"type-post","3":"status-publish","4":"format-standard","5":"has-post-thumbnail","7":"category-ile-de-france","8":"tag-actu","9":"tag-actualites","10":"tag-eu","11":"tag-europe","12":"tag-fr","13":"tag-france","14":"tag-ile-de-france","15":"tag-info-trafic","16":"tag-news","17":"tag-paris","18":"tag-pollution","19":"tag-prefecture-de-police-de-paris","20":"tag-republique-francaise","21":"tag-societe"},"share_on_mastodon":{"url":"https:\/\/pubeurope.com\/@fr\/114717335434103294","error":""},"_links":{"self":[{"href":"https:\/\/www.europesays.com\/fr\/wp-json\/wp\/v2\/posts\/191680","targetHints":{"allow":["GET"]}}],"collection":[{"href":"https:\/\/www.europesays.com\/fr\/wp-json\/wp\/v2\/posts"}],"about":[{"href":"https:\/\/www.europesays.com\/fr\/wp-json\/wp\/v2\/types\/post"}],"author":[{"embeddable":true,"href":"https:\/\/www.europesays.com\/fr\/wp-json\/wp\/v2\/users\/2"}],"replies":[{"embeddable":true,"href":"https:\/\/www.europesays.com\/fr\/wp-json\/wp\/v2\/comments?post=191680"}],"version-history":[{"count":0,"href":"https:\/\/www.europesays.com\/fr\/wp-json\/wp\/v2\/posts\/191680\/revisions"}],"wp:featuredmedia":[{"embeddable":true,"href":"https:\/\/www.europesays.com\/fr\/wp-json\/wp\/v2\/media\/191681"}],"wp:attachment":[{"href":"https:\/\/www.europesays.com\/fr\/wp-json\/wp\/v2\/media?parent=191680"}],"wp:term":[{"taxonomy":"category","embeddable":true,"href":"https:\/\/www.europesays.com\/fr\/wp-json\/wp\/v2\/categories?post=191680"},{"taxonomy":"post_tag","embeddable":true,"href":"https:\/\/www.europesays.com\/fr\/wp-json\/wp\/v2\/tags?post=191680"}],"curies":[{"name":"wp","href":"https:\/\/api.w.org\/{rel}","templated":true}]}}