{"id":191684,"date":"2025-06-20T19:27:13","date_gmt":"2025-06-20T19:27:13","guid":{"rendered":"https:\/\/www.europesays.com\/fr\/191684\/"},"modified":"2025-06-20T19:27:13","modified_gmt":"2025-06-20T19:27:13","slug":"kevin-durant-devient-actionnaire-minoritaire-du-club-pour-mieux-developper-une-equipe-nba-a-paris","status":"publish","type":"post","link":"https:\/\/www.europesays.com\/fr\/191684\/","title":{"rendered":"Kevin Durant devient actionnaire minoritaire du club\u2026 pour mieux d\u00e9velopper une \u00e9quipe NBA \u00e0 Paris"},"content":{"rendered":"<p><strong>Pas le m\u00eame ballon, mais la m\u00eame passion &#8211; Le PSG a annonc\u00e9 ce vendredi que la star des Suns de Phoenix entrait directement au club<\/strong><\/p>\n<p>Le Paris Saint-Germain profite all\u00e8grement de son petit s\u00e9jour aux Etats-Unis \u00e0 l\u2019occasion de <a href=\"https:\/\/www.20minutes.fr\/sport\/football\/4159487-20250620-psg-botafogo-soiree-speciale-vainqueur-paris-john-textor-peut-peu-fanfaronner?at_medium=RSS%20feed&amp;at_campaign=ynews&amp;utm_source=yahoo&amp;utm_medium=rss&amp;utm_campaign=news_feed&amp;utm_content=in_article_link\" rel=\"nofollow noopener\" target=\"_blank\" data-ylk=\"slk:la Coupe du monde des clubs;elm:context_link;itc:0;sec:content-canvas\" class=\"link \">la Coupe du monde des clubs<\/a> pour se d\u00e9velopper \u00e0 l\u2019international. Dernier exemple en date : l\u2019arriv\u00e9e de <a href=\"https:\/\/www.20minutes.fr\/dossier\/kevin_durant?at_medium=RSS%20feed&amp;at_campaign=ynews&amp;utm_source=yahoo&amp;utm_medium=rss&amp;utm_campaign=news_feed&amp;utm_content=in_article_link\" rel=\"nofollow noopener\" target=\"_blank\" data-ylk=\"slk:Kevin Durant;elm:context_link;itc:0;sec:content-canvas\" class=\"link \">Kevin Durant<\/a> comme actionnaire minoritaire du club de la capitale, annonc\u00e9 ce vendredi par le PSG. Le joueur l\u2019\u00e9tait d\u00e9j\u00e0 indirectement via le groupe d\u2019investisseurs am\u00e9ricain Arctos Sports Partners, il l\u2019est cette fois directement.<\/p>\n<p>Durant, 36 ans, deux fois vainqueur de la NBA avec les Golden State Warriors (2017, 2018) et <a href=\"https:\/\/www.20minutes.fr\/sport\/basketball\/4105389-20240811-jo-2024-basket-peux-rien-faire-comment-cheat-code-steph-curry-brise-reve-bleus?at_medium=RSS%20feed&amp;at_campaign=ynews&amp;utm_source=yahoo&amp;utm_medium=rss&amp;utm_campaign=news_feed&amp;utm_content=in_article_link\" rel=\"nofollow noopener\" target=\"_blank\" data-ylk=\"slk:quadruple champion olympique avec les \u00c9tats-Unis;elm:context_link;itc:0;sec:content-canvas\" class=\"link \">quadruple champion olympique avec les \u00c9tats-Unis<\/a>, entre au capital du PSG via sa soci\u00e9t\u00e9 de m\u00e9dias et d\u2019investissement Boardroom. \u00ab C\u2019est un honneur de s\u2019associer \u00e0 QSI et d\u2019\u00eatre actionnaire du PSG &#8211; un Club et une ville qui me tiennent profond\u00e9ment \u00e0 c\u0153ur \u00bb, explique le basketteur dans un communiqu\u00e9 publi\u00e9 par le club.<\/p>\n<p>Un pas de plus vers la NBA Europe \u00e0 Paris<\/p>\n<p>\u00ab Ce club a de grands projets et j\u2019ai h\u00e2te de participer \u00e0 la prochaine phase de croissance et d\u2019explorer de nouvelles opportunit\u00e9s d\u2019investissement avec QSI \u00bb, ajoute Kevin Durant, qui devrait notamment s\u2019occuper du d\u00e9veloppement <a href=\"https:\/\/www.20minutes.fr\/sport\/basketball\/nba\/4145457-20250327-nba-histoire-artificielle-alors-ca-peut-donner-quoi-copie-europeenne-tuyaux?at_medium=RSS%20feed&amp;at_campaign=ynews&amp;utm_source=yahoo&amp;utm_medium=rss&amp;utm_campaign=news_feed&amp;utm_content=in_article_link\" rel=\"nofollow noopener\" target=\"_blank\" data-ylk=\"slk:d\u2019une franchise basket \u00e0 Paris pour la future NBA Europe;elm:context_link;itc:0;sec:content-canvas\" class=\"link \">d\u2019une franchise basket \u00e0 Paris pour la future NBA Europe<\/a>. L\u2019ancien joueur du Thunder apportera ainsi son expertise sur la strat\u00e9gie multisport du Paris Saint-Germain, notamment concernant des projets futurs dans le domaine du basket, \u00e9crit le communiqu\u00e9.<\/p>\n<p>La ligue nord-am\u00e9ricaine a annonc\u00e9 le 27 mars \u00ab explorer \u00bb la cr\u00e9ation d\u2019une comp\u00e9tition en Europe, en partenariat avec la Fi(&#8230;)<\/p>\n<p><a href=\"https:\/\/www.20minutes.fr\/sport\/football\/ligue-1\/4159651-20250620-psg-kevin-durant-devient-actionnaire-minoritaire-club-mieux-developper-equipe-nba-paris?at_medium=RSS%20feed&amp;at_campaign=ynews&amp;utm_source=yahoo&amp;utm_medium=rss&amp;utm_campaign=news_feed&amp;utm_content=read_more_link\" rel=\"nofollow noopener\" target=\"_blank\" data-ylk=\"slk:Lire la suite sur 20minutes;elm:context_link;itc:0;sec:content-canvas\" class=\"link \">Lire la suite sur 20minutes<\/a><\/p>\n<p>\u00c0 lire aussi :<br \/><a href=\"https:\/\/www.20minutes.fr\/sport\/football\/4105614-20240813-psg-joueur-nba-kevin-durant-devient-actionnaire-club?at_medium=RSS%20feed&amp;at_campaign=ynews&amp;utm_source=yahoo&amp;utm_medium=rss&amp;utm_campaign=news_feed&amp;utm_content=related_content_link\" rel=\"nofollow noopener\" target=\"_blank\" data-ylk=\"slk:PSG : Le joueur de NBA Kevin Durant devient actionnaire du club;elm:context_link;itc:0;sec:content-canvas\" class=\"link \">PSG : Le joueur de NBA Kevin Durant devient actionnaire du club<\/a><br \/><a href=\"https:\/\/www.20minutes.fr\/sport\/football\/ligue_des_champions\/4156252-20250601-psg-inter-luis-enrique-magicien-fait-psg-meilleure-equipe-europe?at_medium=RSS%20feed&amp;at_campaign=ynews&amp;utm_source=yahoo&amp;utm_medium=rss&amp;utm_campaign=news_feed&amp;utm_content=related_content_link\" rel=\"nofollow noopener\" target=\"_blank\" data-ylk=\"slk:PSG - Inter : Luis Enrique, le magicien qui a fait du PSG la meilleure \u00e9quipe d\u2019Europe;elm:context_link;itc:0;sec:content-canvas\" class=\"link \">PSG &#8211; Inter : Luis Enrique, le magicien qui a fait du PSG la meilleure \u00e9quipe d\u2019Europe<\/a><\/p>\n","protected":false},"excerpt":{"rendered":"Pas le m\u00eame ballon, mais la m\u00eame passion &#8211; Le PSG a annonc\u00e9 ce vendredi que la star&hellip;\n","protected":false},"author":2,"featured_media":191685,"comment_status":"","ping_status":"","sticky":false,"template":"","format":"standard","meta":{"footnotes":""},"categories":[1888],"tags":[1111,1928,11,1927,73,1777,674,1011,27,33037,33036,2182,12,1926,626,1925,93,25],"class_list":{"0":"post-191684","1":"post","2":"type-post","3":"status-publish","4":"format-standard","5":"has-post-thumbnail","7":"category-paris","8":"tag-actu","9":"tag-actu-paris","10":"tag-actualites","11":"tag-actualites-paris","12":"tag-etats-unis","13":"tag-eu","14":"tag-europe","15":"tag-fr","16":"tag-france","17":"tag-golden-state-warriors","18":"tag-kevin-durant","19":"tag-nba","20":"tag-news","21":"tag-news-paris","22":"tag-paris","23":"tag-paris-news","24":"tag-psg","25":"tag-republique-francaise"},"share_on_mastodon":{"url":"https:\/\/pubeurope.com\/@fr\/114717343235488964","error":""},"_links":{"self":[{"href":"https:\/\/www.europesays.com\/fr\/wp-json\/wp\/v2\/posts\/191684","targetHints":{"allow":["GET"]}}],"collection":[{"href":"https:\/\/www.europesays.com\/fr\/wp-json\/wp\/v2\/posts"}],"about":[{"href":"https:\/\/www.europesays.com\/fr\/wp-json\/wp\/v2\/types\/post"}],"author":[{"embeddable":true,"href":"https:\/\/www.europesays.com\/fr\/wp-json\/wp\/v2\/users\/2"}],"replies":[{"embeddable":true,"href":"https:\/\/www.europesays.com\/fr\/wp-json\/wp\/v2\/comments?post=191684"}],"version-history":[{"count":0,"href":"https:\/\/www.europesays.com\/fr\/wp-json\/wp\/v2\/posts\/191684\/revisions"}],"wp:featuredmedia":[{"embeddable":true,"href":"https:\/\/www.europesays.com\/fr\/wp-json\/wp\/v2\/media\/191685"}],"wp:attachment":[{"href":"https:\/\/www.europesays.com\/fr\/wp-json\/wp\/v2\/media?parent=191684"}],"wp:term":[{"taxonomy":"category","embeddable":true,"href":"https:\/\/www.europesays.com\/fr\/wp-json\/wp\/v2\/categories?post=191684"},{"taxonomy":"post_tag","embeddable":true,"href":"https:\/\/www.europesays.com\/fr\/wp-json\/wp\/v2\/tags?post=191684"}],"curies":[{"name":"wp","href":"https:\/\/api.w.org\/{rel}","templated":true}]}}