{"id":191686,"date":"2025-06-20T19:28:10","date_gmt":"2025-06-20T19:28:10","guid":{"rendered":"https:\/\/www.europesays.com\/fr\/191686\/"},"modified":"2025-06-20T19:28:10","modified_gmt":"2025-06-20T19:28:10","slug":"municipales-2026-a-paris-pour-renaissance-et-le-modem-le-projet-avant-lincarnation","status":"publish","type":"post","link":"https:\/\/www.europesays.com\/fr\/191686\/","title":{"rendered":"Municipales 2026 \u00e0 Paris\u00a0: pour Renaissance et le MoDem, \u00ab\u00a0le projet avant l\u2019incarnation\u00a0\u00bb"},"content":{"rendered":"<p class=\"paragraph text_align_left lp-f-body-02\">Sylvain Maillard, d\u00e9put\u00e9 et patron de Renaissance Paris, Maud Gatel, cheffe de file du MoDem, Pierre Baty, pr\u00e9sident du MoDem Paris et Delphine B\u00fcrkli, maire (Horizons) du IXe arrondissement, n\u2019ont pas voulu en dire plus sur le ou la candidate qu\u2019ils soutiendront pour mars 2026. \u00ab Le moment de l\u2019incarnation n\u2019est pas venu \u00bb, plante d\u2019entr\u00e9e Maud Gatel, mettant en avant le maillage d\u2019\u00e9lus de son groupe et ses \u00ab rares \u00bb victoires au Conseil de Paris. \u00ab La course des petits chevaux m\u00e8ne \u00e0 la d\u00e9faite \u00bb, consid\u00e8re le d\u00e9put\u00e9 Maillard, en clin d\u2019\u0153il \u00e0 la campagne 2020.<\/p>\n","protected":false},"excerpt":{"rendered":"Sylvain Maillard, d\u00e9put\u00e9 et patron de Renaissance Paris, Maud Gatel, cheffe de file du MoDem, Pierre Baty, pr\u00e9sident&hellip;\n","protected":false},"author":2,"featured_media":191687,"comment_status":"","ping_status":"","sticky":false,"template":"","format":"standard","meta":{"footnotes":""},"categories":[1888],"tags":[11,1777,674,1011,27,1944,12,626,316,25],"class_list":{"0":"post-191686","1":"post","2":"type-post","3":"status-publish","4":"format-standard","5":"has-post-thumbnail","7":"category-paris","8":"tag-actualites","9":"tag-eu","10":"tag-europe","11":"tag-fr","12":"tag-france","13":"tag-ma-ville","14":"tag-news","15":"tag-paris","16":"tag-politique","17":"tag-republique-francaise"},"share_on_mastodon":{"url":"https:\/\/pubeurope.com\/@fr\/114717347220292019","error":""},"_links":{"self":[{"href":"https:\/\/www.europesays.com\/fr\/wp-json\/wp\/v2\/posts\/191686","targetHints":{"allow":["GET"]}}],"collection":[{"href":"https:\/\/www.europesays.com\/fr\/wp-json\/wp\/v2\/posts"}],"about":[{"href":"https:\/\/www.europesays.com\/fr\/wp-json\/wp\/v2\/types\/post"}],"author":[{"embeddable":true,"href":"https:\/\/www.europesays.com\/fr\/wp-json\/wp\/v2\/users\/2"}],"replies":[{"embeddable":true,"href":"https:\/\/www.europesays.com\/fr\/wp-json\/wp\/v2\/comments?post=191686"}],"version-history":[{"count":0,"href":"https:\/\/www.europesays.com\/fr\/wp-json\/wp\/v2\/posts\/191686\/revisions"}],"wp:featuredmedia":[{"embeddable":true,"href":"https:\/\/www.europesays.com\/fr\/wp-json\/wp\/v2\/media\/191687"}],"wp:attachment":[{"href":"https:\/\/www.europesays.com\/fr\/wp-json\/wp\/v2\/media?parent=191686"}],"wp:term":[{"taxonomy":"category","embeddable":true,"href":"https:\/\/www.europesays.com\/fr\/wp-json\/wp\/v2\/categories?post=191686"},{"taxonomy":"post_tag","embeddable":true,"href":"https:\/\/www.europesays.com\/fr\/wp-json\/wp\/v2\/tags?post=191686"}],"curies":[{"name":"wp","href":"https:\/\/api.w.org\/{rel}","templated":true}]}}