{"id":191689,"date":"2025-06-20T19:30:10","date_gmt":"2025-06-20T19:30:10","guid":{"rendered":"https:\/\/www.europesays.com\/fr\/191689\/"},"modified":"2025-06-20T19:30:10","modified_gmt":"2025-06-20T19:30:10","slug":"vladimir-poutine-exprime-son-inquietude-face-au-risque-dune-3eme-guerre-mondiale-anadolu-ajansi","status":"publish","type":"post","link":"https:\/\/www.europesays.com\/fr\/191689\/","title":{"rendered":"Vladimir Poutine exprime son inqui\u00e9tude face au risque d&#039;une 3\u00e8me Guerre mondiale &#8211; Anadolu Ajans\u0131"},"content":{"rendered":"<ol>\n<li><a href=\"https:\/\/news.google.com\/rss\/articles\/CBMiygFBVV95cUxQM25XUGlJWTJ1Snk2NUZZLWFjbTN1ZjNNUkZKd0poVkhIaXI2R3VZaFhLZWQxT1Yyb0VmMlE5MXM0ckUzNEhrbmdxXzczUnlrem9lN0hhM2U3VmRlTW9RU2ZIUm9kRTh0Y05pLW5CMFp5eEsyeFVMMWYxOWFlZmJ4SkxLV2JuTkdoSWR2cU5QRU14TXZ3NFlpeXJUWEg4Vm0yTFgzaWRiTVFRUFBkSHlsZVAwbWx3Rk9xN1F6MnFpbTlNYkUtNkhYSGVB?oc=5\" target=\"_blank\" rel=\"nofollow noopener\">Vladimir Poutine exprime son inqui\u00e9tude face au risque d&rsquo;une 3\u00e8me Guerre mondiale<\/a>&nbsp;&nbsp;Anadolu Ajans\u0131<\/li>\n<li><a href=\"https:\/\/news.google.com\/rss\/articles\/CBMioAFBVV95cUxQNTB1Y183SDJqZWNFaDNWRnJoYW9KaVBJQzdrQkNBX2M0LXdZN0ZyYXhoWmE2OXUwLUJ5WDJoU0pmOHZLSU1iRVNhOXFZTjdGalB0WmtaMUFoT2hBekJGQVQ0NTlMSjVrZnpUNElGYnVqal95TmIxb3hIVUFQbFk2bGZIbDhkeDAxNTBoZHptV2V6ZUJVQlhLejN3S2dwTy1C?oc=5\" target=\"_blank\" rel=\"nofollow noopener\">Russie : Poutine met en garde contre une erreur nucl\u00e9aire de l\u2019Ukraine<\/a>&nbsp;&nbsp;Senego.com &#8211; Actualit\u00e9 au S\u00e9n\u00e9gal<\/li>\n<li><a href=\"https:\/\/news.google.com\/rss\/articles\/CBMikgFBVV95cUxQb2pweFBsYS10eUx1aWJCdzJvYTA4REI0bERFOFJWNUJpUVU2RURWeUJYS3lJRkFnOWp0ZXFzUkQ3TlE0R2tyTWFlTUdJdTNHNkdnVVI3dG5TTEkxcERiQUxPam52ZXJFSVVWSkczbVBza3Ixa3puMmo5ZnFVZ3JEeG44RzRrdGIxZnNJSG9oV0pqZw?oc=5\" target=\"_blank\" rel=\"nofollow noopener\">Poutine s&rsquo;inqui\u00e8te du risque d&rsquo;une troisi\u00e8me guerre mondiale<\/a>&nbsp;&nbsp;KOHA.net<\/li>\n<li><a href=\"https:\/\/news.google.com\/rss\/articles\/CBMigAFBVV95cUxOYkJ3XzN5Wm5WUUk5QUhlM1JrU3MzMXRkOU5KSWdlX2ZMNUhHNm82TGF0eV91S0piaVZlcFdOdk1HUjZMcGdTVGs5U25TSmFhTXpIRjR6VUNnYmJOME9mMl9ITTlWNDhWX25XSmE4MU5tMVJFek9FbGlVb1FZcEUwNw?oc=5\" target=\"_blank\" rel=\"nofollow noopener\">[INVIT\u00c9] Spiderweb : Temp\u00eate de drones sur l\u2019aviation strat\u00e9gique russe<\/a>&nbsp;&nbsp;Meta-Defense<\/li>\n<li><a href=\"https:\/\/news.google.com\/rss\/articles\/CBMi4AFBVV95cUxOM0ZtQnZ1Z1hFTDdwVnpMcFN5U1JuVi14TEEtWnRENkV5SzFJdGRuR3NUaVZVc2RnOGdyWWZMdXhiWm1yYnppd3Fodjh3N185V1dyS0tyMGxKOWR3VzNreGQ1WTlnd3JiVG0wOWRuM3I5aXM5YmZKdlBSUnFzY1Bic0toZEJES3BJdGs4c1c1NFVvS3B5WHRWX2dKUFhFSUYzQWV6all3ZC1Bd0R5TndzUUFKVVJudlUtNkpPbkpMZXFDUnhCVTJZU2stQTBtdmtMNFFCSXRaYUNiSWxMZHdxRg?oc=5\" target=\"_blank\" rel=\"nofollow noopener\">Poutine sur la Russie et l&rsquo;Ukraine, Isra\u00ebl et l&rsquo;Iran et la troisi\u00e8me guerre mondiale<\/a>&nbsp;&nbsp;MSN<\/li>\n<\/ol>\n","protected":false},"excerpt":{"rendered":"Vladimir Poutine exprime son inqui\u00e9tude face au risque d&rsquo;une 3\u00e8me Guerre mondiale&nbsp;&nbsp;Anadolu Ajans\u0131 Russie : Poutine met en&hellip;\n","protected":false},"author":2,"featured_media":191690,"comment_status":"","ping_status":"","sticky":false,"template":"","format":"standard","meta":{"footnotes":""},"categories":[1591],"tags":[11,1785,1887,33038,12,33039,1885,1886,132,135],"class_list":{"0":"post-191689","1":"post","2":"type-post","3":"status-publish","4":"format-standard","5":"has-post-thumbnail","7":"category-russie","8":"tag-actualites","9":"tag-anadolu-ajansi","10":"tag-federation-de-russie","11":"tag-forum-conomique-de-saint-ptersbourg","12":"tag-news","13":"tag-risque-dune-troisime-guerre-mondiale","14":"tag-russia","15":"tag-russian-federation","16":"tag-russie","17":"tag-vladimir-poutine"},"share_on_mastodon":{"url":"https:\/\/pubeurope.com\/@fr\/114717355318492426","error":""},"_links":{"self":[{"href":"https:\/\/www.europesays.com\/fr\/wp-json\/wp\/v2\/posts\/191689","targetHints":{"allow":["GET"]}}],"collection":[{"href":"https:\/\/www.europesays.com\/fr\/wp-json\/wp\/v2\/posts"}],"about":[{"href":"https:\/\/www.europesays.com\/fr\/wp-json\/wp\/v2\/types\/post"}],"author":[{"embeddable":true,"href":"https:\/\/www.europesays.com\/fr\/wp-json\/wp\/v2\/users\/2"}],"replies":[{"embeddable":true,"href":"https:\/\/www.europesays.com\/fr\/wp-json\/wp\/v2\/comments?post=191689"}],"version-history":[{"count":0,"href":"https:\/\/www.europesays.com\/fr\/wp-json\/wp\/v2\/posts\/191689\/revisions"}],"wp:featuredmedia":[{"embeddable":true,"href":"https:\/\/www.europesays.com\/fr\/wp-json\/wp\/v2\/media\/191690"}],"wp:attachment":[{"href":"https:\/\/www.europesays.com\/fr\/wp-json\/wp\/v2\/media?parent=191689"}],"wp:term":[{"taxonomy":"category","embeddable":true,"href":"https:\/\/www.europesays.com\/fr\/wp-json\/wp\/v2\/categories?post=191689"},{"taxonomy":"post_tag","embeddable":true,"href":"https:\/\/www.europesays.com\/fr\/wp-json\/wp\/v2\/tags?post=191689"}],"curies":[{"name":"wp","href":"https:\/\/api.w.org\/{rel}","templated":true}]}}