{"id":191691,"date":"2025-06-20T19:31:14","date_gmt":"2025-06-20T19:31:14","guid":{"rendered":"https:\/\/www.europesays.com\/fr\/191691\/"},"modified":"2025-06-20T19:31:14","modified_gmt":"2025-06-20T19:31:14","slug":"lukraine-accuse-vladimir-poutine-de-mepris-envers-le-processus-de-paix","status":"publish","type":"post","link":"https:\/\/www.europesays.com\/fr\/191691\/","title":{"rendered":"L&rsquo;Ukraine accuse Vladimir Poutine de \u00ab\u00a0m\u00e9pris\u00a0\u00bb envers le processus de paix"},"content":{"rendered":"<p>Le pr\u00e9sident russe, Vladimir Poutine, a indiqu\u00e9 vendredi \u00ab\u00a0ne pas exclure\u00a0\u00bb la prise, par la Russie, de la ville ukrainienne de Soumy, tout en assurant ne pas chercher la \u00ab\u00a0capitulation\u00a0\u00bb de son voisin. Kiev l&rsquo;a de son c\u00f4t\u00e9 accus\u00e9 de faire ainsi preuve de \u00ab\u00a0m\u00e9pris\u00a0\u00bb envers le processus de paix initi\u00e9 par les \u00c9tats-Unis.<\/p>\n<p>Le pr\u00e9sident russe, <a href=\"https:\/\/www.france24.com\/fr\/tag\/vladimir-poutine\/\" class=\"link \" rel=\"nofollow noopener\" target=\"_blank\" data-ylk=\"slk:Vladimir Poutine;elm:context_link;itc:0;sec:content-canvas\">Vladimir Poutine<\/a>, a dit, vendredi 20 juin, \u00ab\u00a0ne pas exclure\u00a0\u00bb la prise, par la <a href=\"https:\/\/www.france24.com\/fr\/tag\/russie\/\" class=\"link \" rel=\"nofollow noopener\" target=\"_blank\" data-ylk=\"slk:Russie;elm:context_link;itc:0;sec:content-canvas\">Russie<\/a>, de la ville ukrainienne de Soumy, tout en assurant ne pas chercher la \u00ab\u00a0capitulation\u00a0\u00bb de son voisin, au moment o\u00f9 les pourparlers entre Moscou et Kiev sont au point mort.<\/p>\n<p>L&rsquo;<a href=\"https:\/\/www.france24.com\/fr\/tag\/ukraine\/\" class=\"link \" rel=\"nofollow noopener\" target=\"_blank\" data-ylk=\"slk:Ukraine;elm:context_link;itc:0;sec:content-canvas\">Ukraine<\/a> l&rsquo;a accus\u00e9 en retour de faire ainsi preuve de \u00ab\u00a0m\u00e9pris\u00a0\u00bb envers le processus de paix initi\u00e9 par Washington.<\/p>\n<p>Les forces russes \u2013 qui m\u00e8nent une offensive \u00e0 grande \u00e9chelle en Ukraine depuis f\u00e9vrier 2022 \u2013, avancent progressivement sur le front depuis plus d&rsquo;un an et ont fait r\u00e9cemment une perc\u00e9e dans la r\u00e9gion ukrainienne de Soumy, frontali\u00e8re de la Russie.<\/p>\n<p>\u00ab\u00a0Nous n&rsquo;avons pas pour objectif de prendre Soumy, mais en principe, je ne l&rsquo;exclus pas\u00a0\u00bb, a d\u00e9clar\u00e9 le pr\u00e9sident russe, lors d&rsquo;une discussion au Forum \u00e9conomique de Saint-P\u00e9tersbourg, autrefois surnomm\u00e9 le \u00ab\u00a0Davos russe\u00a0\u00bb. \u00ab\u00a0Ils repr\u00e9sentent une menace permanente pour nous, en bombardant constamment les zones frontali\u00e8res\u00a0\u00bb, a ajout\u00e9 Vladimir Poutine en parlant des forces ukrainiennes.<\/p>\n<p>Depuis plusieurs semaines, Moscou revendique la prise de villages dans la r\u00e9gion de Soumy.<\/p>\n<p>Avec AFP<\/p>\n<p><a href=\"https:\/\/www.france24.com\/fr\/europe\/20250620-l-ukraine-accuse-vladimir-poutine-de-m%C3%A9pris-envers-le-processus-de-paix\" rel=\"nofollow noopener\" target=\"_blank\" data-ylk=\"slk:Lire la suite sur FRANCE 24;elm:context_link;itc:0;sec:content-canvas\" class=\"link \">Lire la suite sur FRANCE 24<\/a><\/p>\n<p>Lire aussi:<br \/><a href=\"https:\/\/www.france24.com\/fr\/europe\/20250617-selon-moscou-arm%C3%A9e-nord-coreenne-va-aider-reconstruire-r%C3%A9gion-russe-koursk\" rel=\"nofollow noopener\" target=\"_blank\" data-ylk=\"slk:Selon Moscou, l&#039;arm\u00e9e nord-cor\u00e9enne va aider \u00e0 la reconstruction de la r\u00e9gion russe de Koursk;elm:context_link;itc:0;sec:content-canvas\" class=\"link \">Selon Moscou, l&rsquo;arm\u00e9e nord-cor\u00e9enne va aider \u00e0 la reconstruction de la r\u00e9gion russe de Koursk<\/a><br \/><a href=\"https:\/\/www.france24.com\/fr\/europe\/20250619-russie-ukraine-nouvel-echange-prisonniers-guerre-soldats-accords-istanbul\" rel=\"nofollow noopener\" target=\"_blank\" data-ylk=\"slk:Russes et Ukrainiens annoncent avoir effectu\u00e9 un nouvel \u00e9change de prisonniers de guerre;elm:context_link;itc:0;sec:content-canvas\" class=\"link \">Russes et Ukrainiens annoncent avoir effectu\u00e9 un nouvel \u00e9change de prisonniers de guerre<\/a><br \/><a href=\"https:\/\/www.france24.com\/fr\/info-en-continu\/20250618-poutine-affirme-que-le-r%C3%A9armement-de-l-otan-n-est-pas-une-menace-pour-la-russie\" rel=\"nofollow noopener\" target=\"_blank\" data-ylk=\"slk:Vladimir Poutine affirme que la Russie est pr\u00eate \u00e0 faire face au r\u00e9armement de l\u2019Otan;elm:context_link;itc:0;sec:content-canvas\" class=\"link \">Vladimir Poutine affirme que la Russie est pr\u00eate \u00e0 faire face au r\u00e9armement de l\u2019Otan<\/a><\/p>\n","protected":false},"excerpt":{"rendered":"Le pr\u00e9sident russe, Vladimir Poutine, a indiqu\u00e9 vendredi \u00ab\u00a0ne pas exclure\u00a0\u00bb la prise, par la Russie, de la&hellip;\n","protected":false},"author":2,"featured_media":191692,"comment_status":"","ping_status":"","sticky":false,"template":"","format":"standard","meta":{"footnotes":""},"categories":[1590],"tags":[11,1777,674,2489,9046,1916,12,33040,9044,220,135],"class_list":{"0":"post-191691","1":"post","2":"type-post","3":"status-publish","4":"format-standard","5":"has-post-thumbnail","7":"category-ukraine","8":"tag-actualites","9":"tag-eu","10":"tag-europe","11":"tag-la-russie","12":"tag-le-front","13":"tag-moscou","14":"tag-news","15":"tag-processus-de-paix","16":"tag-soumy","17":"tag-ukraine","18":"tag-vladimir-poutine"},"share_on_mastodon":{"url":"https:\/\/pubeurope.com\/@fr\/114717359010244123","error":""},"_links":{"self":[{"href":"https:\/\/www.europesays.com\/fr\/wp-json\/wp\/v2\/posts\/191691","targetHints":{"allow":["GET"]}}],"collection":[{"href":"https:\/\/www.europesays.com\/fr\/wp-json\/wp\/v2\/posts"}],"about":[{"href":"https:\/\/www.europesays.com\/fr\/wp-json\/wp\/v2\/types\/post"}],"author":[{"embeddable":true,"href":"https:\/\/www.europesays.com\/fr\/wp-json\/wp\/v2\/users\/2"}],"replies":[{"embeddable":true,"href":"https:\/\/www.europesays.com\/fr\/wp-json\/wp\/v2\/comments?post=191691"}],"version-history":[{"count":0,"href":"https:\/\/www.europesays.com\/fr\/wp-json\/wp\/v2\/posts\/191691\/revisions"}],"wp:featuredmedia":[{"embeddable":true,"href":"https:\/\/www.europesays.com\/fr\/wp-json\/wp\/v2\/media\/191692"}],"wp:attachment":[{"href":"https:\/\/www.europesays.com\/fr\/wp-json\/wp\/v2\/media?parent=191691"}],"wp:term":[{"taxonomy":"category","embeddable":true,"href":"https:\/\/www.europesays.com\/fr\/wp-json\/wp\/v2\/categories?post=191691"},{"taxonomy":"post_tag","embeddable":true,"href":"https:\/\/www.europesays.com\/fr\/wp-json\/wp\/v2\/tags?post=191691"}],"curies":[{"name":"wp","href":"https:\/\/api.w.org\/{rel}","templated":true}]}}