{"id":191693,"date":"2025-06-20T19:32:16","date_gmt":"2025-06-20T19:32:16","guid":{"rendered":"https:\/\/www.europesays.com\/fr\/191693\/"},"modified":"2025-06-20T19:32:16","modified_gmt":"2025-06-20T19:32:16","slug":"leurope-finit-en-ordre-disperse-les-etats-unis-se-donnent-du-temps-au-proche-orient-20-06-2025-a-1905","status":"publish","type":"post","link":"https:\/\/www.europesays.com\/fr\/191693\/","title":{"rendered":"L&rsquo;Europe finit en ordre dispers\u00e9, les Etats-Unis se donnent du temps au Proche-Orient &#8211; 20\/06\/2025 \u00e0 19:05"},"content":{"rendered":"<p>        <img fetchpriority=\"high\" decoding=\"async\" src=\"https:\/\/www.europesays.com\/fr\/wp-content\/uploads\/2025\/06\/d6412aedacc749844815ee5c96e74bf0-760x507.jpg\" alt=\"La bourse Euronext dans le quartier de La D\u00e9fense \u00e0 Paris\" loading=\"eager\" width=\"760\" height=\"507\" style=\"max-width: 100%!important; height: auto;\"\/><\/p>\n<p class=\"c-image-news__legend\">La bourse Euronext dans le quartier de La D\u00e9fense \u00e0 Paris<\/p>\n<p>\n par Mara  Vilcu\n<\/p>\n<p>\n Les Bourses europ\u00e9ennes ont termin\u00e9 en ordre dispers\u00e9 vendredi, apr\u00e8s que Donald Trump a annonc\u00e9 qu&rsquo;il se donnait deux semaines pour d\u00e9cider si les \u00c9tats-Unis interviendraient militairement ou non en Iran.\n<\/p>\n<p>\n \u00c0 Paris, le CAC 40 a gagn\u00e9 0,48% \u00e0 7.589,66 points. \u00c0 Francfort, le Dax a progress\u00e9 de 1,17%, tandis qu&rsquo;\u00e0 Londres, le FTSE 100 a recul\u00e9 de 0,20%.\n<\/p>\n<p>\n L&rsquo;indice EuroStoxx 50 a pris 0,59%, le FTSEurofirst 300 a gagn\u00e9 0,11% et le Stoxx 600 a avanc\u00e9 de 0,10%.\n<\/p>\n<p>\n Sur la semaine, le Stoxx 600 a perdu 1,56% et le CAC 40 a c\u00e9d\u00e9 1,24%.\n<\/p>\n<p>\n Apr\u00e8s une semaine riche en d\u00e9cisions de politique mon\u00e9taire, les march\u00e9s \u00e9voluent dans un climat d&rsquo;incertitude li\u00e9 aux multiples tensions internationales.\n<\/p>\n<p>\n Jeudi, la Maison blanche a indiqu\u00e9 que Donald Trump prendrait une d\u00e9cision concernant une \u00e9ventuelle intervention dans la campagne militaire isra\u00e9lienne contre l&rsquo;Iran au cours des deux prochaines semaines, \u00e9voquant une \u00ab\u00a0forte possibilit\u00e9\u00a0\u00bb de n\u00e9gociations dans un avenir proche.\n<\/p>\n<p>\n \u00ab\u00a0Les tensions au Moyen-Orient accentuent la lassitude des march\u00e9s\u00a0\u00bb, estiment les analystes de Barclays dans une note publi\u00e9e vendredi.\n<\/p>\n<p>\n \u00ab\u00a0M\u00eame si la perspective imm\u00e9diate d&rsquo;une intervention am\u00e9ricaine en Iran semble s&rsquo;\u00eatre \u00e9loign\u00e9e, le fait qu&rsquo;il s&rsquo;agisse apparemment d&rsquo;une pause de deux semaines signifie que cette question restera d&rsquo;actualit\u00e9 pour les march\u00e9s \u00e0 l&rsquo;approche de la semaine prochaine\u00a0\u00bb, a d\u00e9clar\u00e9 Dan Coatsworth, analyste en investissements chez AJ Bell.\n<\/p>\n<p>\n Par ailleurs, mercredi, la R\u00e9serve f\u00e9d\u00e9rale am\u00e9ricaine (Fed) a maintenu ses taux d&rsquo;int\u00e9r\u00eat inchang\u00e9s et a signal\u00e9 que les co\u00fbts d&#8217;emprunt devraient diminuer cette ann\u00e9e, tout en ralentissant le rythme global des futures baisses de taux, face \u00e0 la perspective d&rsquo;une hausse de l&rsquo;inflation r\u00e9sultant de la politique commerciale de la Maison-Blanche.\n<\/p>\n<p>\n \u00ab\u00a0Tous les pr\u00e9visionnistes ext\u00e9rieurs et la Fed disent que nous nous attendons \u00e0 ce qu&rsquo;un niveau significatif d&rsquo;inflation apparaisse dans les mois \u00e0 venir, et nous devons en tenir compte\u00a0\u00bb, a affirm\u00e9 le pr\u00e9sident de la banque centrale, Jerome Powell.\n<\/p>\n<p>\n En d\u00e9but de semaine prochaine, la publication des indices PMI pour juin sera scrut\u00e9e afin d&rsquo;analyser les cons\u00e9quences du contexte g\u00e9opolitique sur l&rsquo;activit\u00e9 \u00e9conomique, alors que les responsables de politique mon\u00e9taire ont soulign\u00e9 cette semaine l&rsquo;incertitude pesant sur la croissance et l&rsquo;inflation.\n<\/p>\n<p>\n VALEURS\n<\/p>\n<p>\n Le secteur europ\u00e9en du transport et des loisirs, malmen\u00e9 ces derniers jours par les tensions au Moyen-Orient, a progress\u00e9 de 0,98%, soutenu par la baisse des prix du p\u00e9trole.\n<\/p>\n<p>\n Eutelsat a bondi de 30,81%, l&rsquo;\u00c9tat fran\u00e7ais devenant le premier actionnaire du groupe de satellites en souscrivant \u00e0 plus de la moiti\u00e9 d&rsquo;une augmentation de capital de 1,35 milliard d&rsquo;euros annonc\u00e9e par la soci\u00e9t\u00e9.\n<\/p>\n<p>\n WALL STREET\n<\/p>\n<p>\n \u00c0 l&rsquo;heure de la cl\u00f4ture en Europe, le Dow Jones gagne 0,38%, le Standard &amp; Poor&rsquo;s 500 avance de 0,08%, tandis que le Nasdaq Composite recule de 0,20%.\n<\/p>\n<p>\n LES INDICATEURS DU JOUR\n<\/p>\n<p>\n La confiance des consommateurs de la zone euro s&rsquo;est d\u00e9grad\u00e9e de mani\u00e8re inattendue en juin, selon une estimation pr\u00e9liminaire publi\u00e9e vendredi par la Commission europ\u00e9enne.\n<\/p>\n<p>\n Le climat des affaires dans l&rsquo;industrie en France s&rsquo;est l\u00e9g\u00e8rement d\u00e9t\u00e9rior\u00e9 en juin par rapport au mois pr\u00e9c\u00e9dent, selon l&rsquo;enqu\u00eate mensuelle de conjoncture publi\u00e9e vendredi par l&rsquo;Insee.\n<\/p>\n<p>\n Les conditions d&rsquo;activit\u00e9 dans la r\u00e9gion de Philadelphie sont rest\u00e9es stables en juin, selon l&rsquo;enqu\u00eate mensuelle de l&rsquo;antenne locale de la R\u00e9serve f\u00e9d\u00e9rale publi\u00e9e vendredi.    CHANGES\n<\/p>\n<p>\n Le dollar s&rsquo;appr\u00eate \u00e0 enregistrer sa plus forte hausse hebdomadaire depuis plus d&rsquo;un mois, malgr\u00e9 une l\u00e9g\u00e8re baisse vendredi, signe que certains investisseurs continuent de privil\u00e9gier les valeurs refuges traditionnelles.\n<\/p>\n<p>\n Le dollar perd 0,18% face \u00e0 un panier de devises de r\u00e9f\u00e9rence.\n<\/p>\n<p>\n L&rsquo;euro gagne 0,24% \u00e0 1,1522 dollar.\n<\/p>\n<p>\n TAUX\n<\/p>\n<p>\n Le rendement des Treasuries \u00e0 dix ans perd 0,8 point de base \u00e0 4,3870%. Le deux ans recule de 3,1 points de base \u00e0 3,9098%.\n<\/p>\n<p>\n P\u00c9TROLE\n<\/p>\n<p>\n Les cours du p\u00e9trole sont en baisse vendredi apr\u00e8s les derni\u00e8res d\u00e9clarations de Donald Trump sur l&rsquo;Iran.\n<\/p>\n<p>\n Le Brent recule de 3,08% \u00e0 76,42 dollars le baril, et le brut l\u00e9ger am\u00e9ricain (West Texas Intermediate, WTI) c\u00e8de 0,28% \u00e0 74,93 dollars.\n<\/p>\n<p>\n (Certaines donn\u00e9es peuvent accuser un l\u00e9ger d\u00e9calage)\n<\/p>\n<p>\n (R\u00e9dig\u00e9 par Mara V\u00eelcu)<\/p>\n","protected":false},"excerpt":{"rendered":"La bourse Euronext dans le quartier de La D\u00e9fense \u00e0 Paris par Mara Vilcu Les Bourses europ\u00e9ennes ont&hellip;\n","protected":false},"author":2,"featured_media":191694,"comment_status":"","ping_status":"","sticky":false,"template":"","format":"standard","meta":{"footnotes":""},"categories":[1589],"tags":[400,11,398,408,405,73,1866,403,402,399,404,12,401,406,1864,1865,1863,308,407],"class_list":{"0":"post-191693","1":"post","2":"type-post","3":"status-publish","4":"format-standard","5":"has-post-thumbnail","7":"category-etats-unis","8":"tag-action-cac-40","9":"tag-actualites","10":"tag-bourse-de-paris","11":"tag-boursorama","12":"tag-cotations","13":"tag-etats-unis","14":"tag-etats-unis-damerique","15":"tag-indices-devises","16":"tag-investir","17":"tag-investissement","18":"tag-marche-boursier","19":"tag-news","20":"tag-sicav","21":"tag-trackers","22":"tag-united-states","23":"tag-united-states-of-america","24":"tag-us","25":"tag-usa","26":"tag-warrants"},"share_on_mastodon":{"url":"https:\/\/pubeurope.com\/@fr\/114717363010701111","error":""},"_links":{"self":[{"href":"https:\/\/www.europesays.com\/fr\/wp-json\/wp\/v2\/posts\/191693","targetHints":{"allow":["GET"]}}],"collection":[{"href":"https:\/\/www.europesays.com\/fr\/wp-json\/wp\/v2\/posts"}],"about":[{"href":"https:\/\/www.europesays.com\/fr\/wp-json\/wp\/v2\/types\/post"}],"author":[{"embeddable":true,"href":"https:\/\/www.europesays.com\/fr\/wp-json\/wp\/v2\/users\/2"}],"replies":[{"embeddable":true,"href":"https:\/\/www.europesays.com\/fr\/wp-json\/wp\/v2\/comments?post=191693"}],"version-history":[{"count":0,"href":"https:\/\/www.europesays.com\/fr\/wp-json\/wp\/v2\/posts\/191693\/revisions"}],"wp:featuredmedia":[{"embeddable":true,"href":"https:\/\/www.europesays.com\/fr\/wp-json\/wp\/v2\/media\/191694"}],"wp:attachment":[{"href":"https:\/\/www.europesays.com\/fr\/wp-json\/wp\/v2\/media?parent=191693"}],"wp:term":[{"taxonomy":"category","embeddable":true,"href":"https:\/\/www.europesays.com\/fr\/wp-json\/wp\/v2\/categories?post=191693"},{"taxonomy":"post_tag","embeddable":true,"href":"https:\/\/www.europesays.com\/fr\/wp-json\/wp\/v2\/tags?post=191693"}],"curies":[{"name":"wp","href":"https:\/\/api.w.org\/{rel}","templated":true}]}}