{"id":191697,"date":"2025-06-20T19:34:20","date_gmt":"2025-06-20T19:34:20","guid":{"rendered":"https:\/\/www.europesays.com\/fr\/191697\/"},"modified":"2025-06-20T19:34:20","modified_gmt":"2025-06-20T19:34:20","slug":"arcelormittal-suspend-ses-investissements-de-decarbonation-en-allemagne-face-a-lincertitude-du-marche","status":"publish","type":"post","link":"https:\/\/www.europesays.com\/fr\/191697\/","title":{"rendered":"ArcelorMittal suspend ses investissements de d\u00e9carbonation en Allemagne face \u00e0 l&rsquo;incertitude du march\u00e9"},"content":{"rendered":"<p><img decoding=\"async\" class=\"pr-5\" height=\"30\" alt=\"Logo ArcelorMittal\" onerror=\"this.onerror=null;this.style.display = 'none'\" src=\"https:\/\/cdn.zonebourse.com\/static\/instruments-squared-34942237\"\/><br \/>\n        ArcelorMittal est le n\u00b0 1 mondial de la sid\u00e9rurgie. Le CA par activit\u00e9 se r\u00e9partit comme suit :<\/p>\n<p>&#8211; vente d&rsquo;aciers plats au carbone (56,7%) : bobines d&rsquo;aciers lamin\u00e9s \u00e0 chaud et \u00e0 froid, t\u00f4les rev\u00eatues, etc. ;<\/p>\n<p>&#8211; vente d&rsquo;aciers longs au carbone (21,4%) : poutrelles, ronds \u00e0 b\u00e9ton, aciers marchands, fils machines, fils de sciage, palplanches, rails de transports en commun, profil\u00e9s sp\u00e9ciaux et produits de tr\u00e9fileries ;<\/p>\n<p>&#8211; vente de produits tubulaires (2,8%) ;<\/p>\n<p>&#8211; vente de minerai de fer et de charbon (1,9%) ;<\/p>\n<p>&#8211; autres (17,2%) : notamment transformation, distribution et n\u00e9goce d&rsquo;aciers.<\/p>\n<p>Les produits du groupe sont essentiellement destin\u00e9s aux secteurs de l&rsquo;automobile, de l&rsquo;\u00e9lectrom\u00e9nager, de l&#8217;emballage et de la construction.<\/p>\n<p>La r\u00e9partition g\u00e9ographique du CA est la suivante : Allemagne (9,3%), Pologne (7,1%), France (6,7%), Espagne (6%), Europe (23,4%), Etats-Unis (13,5%), Am\u00e9riques (25,4%), Asie et Afrique (8,6%).<\/p>\n","protected":false},"excerpt":{"rendered":"ArcelorMittal est le n\u00b0 1 mondial de la sid\u00e9rurgie. Le CA par activit\u00e9 se r\u00e9partit comme suit :&hellip;\n","protected":false},"author":2,"featured_media":2490,"comment_status":"","ping_status":"","sticky":false,"template":"","format":"standard","meta":{"footnotes":""},"categories":[1587],"tags":[11,672,340,1804,1805,1803,1777,674,1801,12,1802],"class_list":{"0":"post-191697","1":"post","2":"type-post","3":"status-publish","4":"format-standard","5":"has-post-thumbnail","7":"category-allemagne","8":"tag-actualites","9":"tag-allemagne","10":"tag-bourse","11":"tag-bundesrepublik-deutschland","12":"tag-de","13":"tag-deutschland","14":"tag-eu","15":"tag-europe","16":"tag-germany","17":"tag-news","18":"tag-republique-federale-dallemagne"},"share_on_mastodon":{"url":"https:\/\/pubeurope.com\/@fr\/114717371126766553","error":""},"_links":{"self":[{"href":"https:\/\/www.europesays.com\/fr\/wp-json\/wp\/v2\/posts\/191697","targetHints":{"allow":["GET"]}}],"collection":[{"href":"https:\/\/www.europesays.com\/fr\/wp-json\/wp\/v2\/posts"}],"about":[{"href":"https:\/\/www.europesays.com\/fr\/wp-json\/wp\/v2\/types\/post"}],"author":[{"embeddable":true,"href":"https:\/\/www.europesays.com\/fr\/wp-json\/wp\/v2\/users\/2"}],"replies":[{"embeddable":true,"href":"https:\/\/www.europesays.com\/fr\/wp-json\/wp\/v2\/comments?post=191697"}],"version-history":[{"count":0,"href":"https:\/\/www.europesays.com\/fr\/wp-json\/wp\/v2\/posts\/191697\/revisions"}],"wp:featuredmedia":[{"embeddable":true,"href":"https:\/\/www.europesays.com\/fr\/wp-json\/wp\/v2\/media\/2490"}],"wp:attachment":[{"href":"https:\/\/www.europesays.com\/fr\/wp-json\/wp\/v2\/media?parent=191697"}],"wp:term":[{"taxonomy":"category","embeddable":true,"href":"https:\/\/www.europesays.com\/fr\/wp-json\/wp\/v2\/categories?post=191697"},{"taxonomy":"post_tag","embeddable":true,"href":"https:\/\/www.europesays.com\/fr\/wp-json\/wp\/v2\/tags?post=191697"}],"curies":[{"name":"wp","href":"https:\/\/api.w.org\/{rel}","templated":true}]}}