{"id":191698,"date":"2025-06-20T19:35:10","date_gmt":"2025-06-20T19:35:10","guid":{"rendered":"https:\/\/www.europesays.com\/fr\/191698\/"},"modified":"2025-06-20T19:35:10","modified_gmt":"2025-06-20T19:35:10","slug":"philippe-etienne-liran-est-une-menace-pour-leurope","status":"publish","type":"post","link":"https:\/\/www.europesays.com\/fr\/191698\/","title":{"rendered":"Philippe Etienne: \u00abL\u2019Iran est une menace pour l\u2019Europe\u00bb"},"content":{"rendered":"<p><strong>\u00ab\u00a0Les Europ\u00e9ens ont toujours \u00e9t\u00e9 tr\u00e8s fermes\u00a0\u00bb face \u00e0 l\u2019Iran<\/strong><\/p>\n<p>Alors que l\u2019escalade militaire se poursuit entre Isra\u00ebl, nous recevons l\u2019ambassadeur de France Philippe Etienne qui a \u00e9t\u00e9 en poste \u00e0 Washington, Moscou, Berlin et aupr\u00e8s de l&rsquo;UE. Isra\u00ebl a frapp\u00e9 l&rsquo;Iran afin d\u2019\u00e9radiquer le programme nucl\u00e9aire du pays qui repr\u00e9sente une menace pour sa survie, selon le gouvernement isra\u00e9lien. De nombreux hauts grad\u00e9s iraniens ont \u00e9t\u00e9 \u00e9galement tu\u00e9s dans ces premi\u00e8res attaques. Depuis, les bombardements isra\u00e9liens se poursuivent, tout comme les tirs de r\u00e9plique de l\u2019Iran.<\/p>\n<p>Philippe Etienne souligne la dangerosit\u00e9 de l\u2019Iran qui repr\u00e9sente une \u00ab\u00a0menace pour l&rsquo;environnement r\u00e9gional, notamment pour Isra\u00ebl\u00a0\u00bb et \u00ab\u00a0m\u00eame en balistique, une menace pour l&rsquo;Europe\u00a0\u00bb. Il rappelle que si \u00ab\u00a0les Europ\u00e9ens ont toujours \u00e9t\u00e9 tr\u00e8s fermes, notamment la France\u00a0\u00bb face \u00e0 l\u2019Iran, ils sont \u00e9galement \u00ab\u00a0\u00e0 l&rsquo;origine du traitement diplomatique\u00a0\u00bb du nucl\u00e9aire iranien sous l\u2019impulsion du groupe E3 (Allemagne, France et Royaume-Uni) d\u00e8s le d\u00e9but des ann\u00e9es 2000. L\u2019ambassadeur estime que les Europ\u00e9ens ne sont pas \u00e0 bl\u00e2mer apr\u00e8s l\u2019\u00e9chec de la voie diplomatique. \u00ab\u00a0Ce n&rsquo;est pas nous qui avons \u00e9chou\u00e9, c&rsquo;est l&rsquo;Iran et aussi les <strong><a target=\"_self\" href=\"https:\/\/www.rfi.fr\/fr\/tag\/%C3%A9tats-unis\/\" rel=\"nofollow noopener\">\u00c9tats-Unis<\/a><\/strong> qui sont sortis de l\u2019accord \u00bb, affirme-t-il. Lors du premier mandat de <strong><a target=\"_self\" href=\"https:\/\/www.rfi.fr\/fr\/tag\/donald-trump\/\" rel=\"nofollow noopener\">Donald Trump<\/a><\/strong>, les \u00c9tats-Unis s\u2019\u00e9taient retir\u00e9s de l\u2019accord de Vienne sur le nucl\u00e9aire iranien, concr\u00e9tisant ainsi une promesse de campagne du pr\u00e9sident am\u00e9ricain.<\/p>\n<p>\u00a0<\/p>\n<p><strong>\u00ab\u00a0Toutes les forces de Vladimir Poutine sont concentr\u00e9es\u00a0\u00bb sur l\u2019Ukraine<\/strong><\/p>\n<p><strong><a target=\"_self\" href=\"https:\/\/www.rfi.fr\/fr\/tag\/russie\/\" rel=\"nofollow noopener\">Moscou<\/a><\/strong> qui n\u2019avait d\u00e9j\u00e0 pas r\u00e9ussi \u00e0 \u00e9viter l\u2019effondrement du r\u00e9gime de Bachar al-Assad en <strong><a target=\"_self\" href=\"https:\/\/www.rfi.fr\/fr\/tag\/syrie\/\" rel=\"nofollow noopener\">Syrie<\/a><\/strong>, \u00e9choue une nouvelle fois \u00e0 soutenir un de ses alli\u00e9s, l\u2019Iran, dans le conflit qui l\u2019oppose \u00e0 Isra\u00ebl. \u00ab\u00a0C\u2019est un affaiblissement incontestablement de la Russie dans cette grande r\u00e9gion strat\u00e9gique\u00a0\u00bb, selon Philippe Etienne, qui y voit un recentrage des priorit\u00e9s de <strong><a target=\"_self\" href=\"https:\/\/www.rfi.fr\/fr\/tag\/vladimir-poutine\/\" rel=\"nofollow noopener\">Vladimir Poutine<\/a><\/strong>. \u00ab\u00a0L&rsquo;essentiel aujourd&rsquo;hui et toutes ses forces sont concentr\u00e9es sur cet essentiel, c&rsquo;est l&rsquo;<strong><a target=\"_self\" href=\"https:\/\/www.rfi.fr\/fr\/tag\/ukraine\/\" rel=\"nofollow noopener\">Ukraine<\/a><\/strong>\u00a0\u00bb, estime-t-il. Le pr\u00e9sident russe profite du fait que l\u2019attention des Occidentaux se tourne vers le Moyen-Orient \u00ab\u00a0donc, il faut convaincre cette administration am\u00e9ricaine de maintenir malgr\u00e9 tout, sur certains plans, une attitude qui nous aide, nous les Europ\u00e9ens, \u00e0 soutenir l&rsquo;Ukraine, qu&rsquo;il s&rsquo;agisse de soutien financier, mais surtout de soutien militaire, de soutien en \u00e9quipement militaire, de force de r\u00e9assurance comme la coalition des volontaires europ\u00e9ens y travaille\u00a0\u00bb.<\/p>\n<p>\u00a0<\/p>\n<p><strong>\u00ab Il faut une pr\u00e9f\u00e9rence europ\u00e9enne\u00a0\u00bb pour les achats d\u2019armements<\/strong><\/p>\n<p>Les Europ\u00e9ens augmentent leur soutien \u00e0 l\u2019Ukraine pour pallier le d\u00e9sengagement de Washington et \u00ab\u00a0peuvent dans une certaine mesure, se substituer aux Am\u00e9ricains\u00a0\u00bb, selon Philippe Etienne. Cependant, en termes de capacit\u00e9 de production d\u2019armes, \u00ab\u00a0nous sommes dans une phase de transition qui va d&rsquo;ailleurs, dans un terme plus ou moins rapproch\u00e9, permettre \u00e0 l&rsquo;Europe, dans les cas comme celui de l&rsquo;Ukraine aujourd&rsquo;hui, d&rsquo;\u00eatre plus autonome mais \u00e7a, \u00e7a ne va pas se passer du jour au lendemain\u00a0\u00bb.<\/p>\n<p>La Commission europ\u00e9enne vient de pr\u00e9senter son cinqui\u00e8me paquet Omnibus de simplification et consacre celui-ci sp\u00e9cifiquement \u00e0 la <strong><a target=\"_self\" href=\"https:\/\/www.rfi.fr\/fr\/tag\/d%C3%A9fense\/\" rel=\"nofollow noopener\">d\u00e9fense<\/a><\/strong> europ\u00e9enne. Il permettrait de mobiliser pr\u00e8s de 650 milliards d\u2019euros, en autorisant les pays membres \u00e0 augmenter leurs d\u00e9penses de d\u00e9fense sans d\u00e9clencher de proc\u00e9dure de d\u00e9ficit excessif. La Commission va \u00e9galement mettre 150 milliards \u00e0 disposition des \u00c9tats membres sous forme de pr\u00eats pour investir dans leur d\u00e9fense, avec des conditions limitant l\u2019achat d\u2019armements ext\u00e9rieurs \u00e0 l&rsquo;UE, \u00e0 ses partenaires europ\u00e9ens de l&rsquo;EEE-AELE et \u00e0 l&rsquo;Ukraine. Philippe Etienne se d\u00e9clare en faveur de cette r\u00e8gle car \u00ab\u00a0il faut une pr\u00e9f\u00e9rence europ\u00e9enne, parce que sinon <strong><a target=\"_self\" href=\"https:\/\/www.rfi.fr\/fr\/tag\/industrie\/\" rel=\"nofollow noopener\">l&rsquo;industrie<\/a><\/strong> europ\u00e9enne ne va pas r\u00e9ussir \u00e0 se d\u00e9velopper quand les Europ\u00e9ens sont capables de produire \u00e0 co\u00fbt raisonnable des mat\u00e9riels\u00a0\u00bb. \u00ab\u00a0C&rsquo;est cela qu&rsquo;il faut que les arm\u00e9es europ\u00e9ennes ach\u00e8tent\u00a0\u00bb, ajoute-t-il.<\/p>\n","protected":false},"excerpt":{"rendered":"\u00ab\u00a0Les Europ\u00e9ens ont toujours \u00e9t\u00e9 tr\u00e8s fermes\u00a0\u00bb face \u00e0 l\u2019Iran Alors que l\u2019escalade militaire se poursuit entre Isra\u00ebl,&hellip;\n","protected":false},"author":2,"featured_media":191699,"comment_status":"","ping_status":"","sticky":false,"template":"","format":"standard","meta":{"footnotes":""},"categories":[1586],"tags":[11,1777,674,1011,27,31824,7248,12,5654,25,364],"class_list":{"0":"post-191698","1":"post","2":"type-post","3":"status-publish","4":"format-standard","5":"has-post-thumbnail","7":"category-europe","8":"tag-actualites","9":"tag-eu","10":"tag-europe","11":"tag-fr","12":"tag-france","13":"tag-guerre-israel-iran","14":"tag-ici-leurope","15":"tag-news","16":"tag-nucleaire","17":"tag-republique-francaise","18":"tag-union-europeenne"},"share_on_mastodon":{"url":"https:\/\/pubeurope.com\/@fr\/114717374930489874","error":""},"_links":{"self":[{"href":"https:\/\/www.europesays.com\/fr\/wp-json\/wp\/v2\/posts\/191698","targetHints":{"allow":["GET"]}}],"collection":[{"href":"https:\/\/www.europesays.com\/fr\/wp-json\/wp\/v2\/posts"}],"about":[{"href":"https:\/\/www.europesays.com\/fr\/wp-json\/wp\/v2\/types\/post"}],"author":[{"embeddable":true,"href":"https:\/\/www.europesays.com\/fr\/wp-json\/wp\/v2\/users\/2"}],"replies":[{"embeddable":true,"href":"https:\/\/www.europesays.com\/fr\/wp-json\/wp\/v2\/comments?post=191698"}],"version-history":[{"count":0,"href":"https:\/\/www.europesays.com\/fr\/wp-json\/wp\/v2\/posts\/191698\/revisions"}],"wp:featuredmedia":[{"embeddable":true,"href":"https:\/\/www.europesays.com\/fr\/wp-json\/wp\/v2\/media\/191699"}],"wp:attachment":[{"href":"https:\/\/www.europesays.com\/fr\/wp-json\/wp\/v2\/media?parent=191698"}],"wp:term":[{"taxonomy":"category","embeddable":true,"href":"https:\/\/www.europesays.com\/fr\/wp-json\/wp\/v2\/categories?post=191698"},{"taxonomy":"post_tag","embeddable":true,"href":"https:\/\/www.europesays.com\/fr\/wp-json\/wp\/v2\/tags?post=191698"}],"curies":[{"name":"wp","href":"https:\/\/api.w.org\/{rel}","templated":true}]}}