{"id":191700,"date":"2025-06-20T19:36:17","date_gmt":"2025-06-20T19:36:17","guid":{"rendered":"https:\/\/www.europesays.com\/fr\/191700\/"},"modified":"2025-06-20T19:36:17","modified_gmt":"2025-06-20T19:36:17","slug":"meloni-investit-en-afrique-pour-limiter-lemigration-lue-approuve","status":"publish","type":"post","link":"https:\/\/www.europesays.com\/fr\/191700\/","title":{"rendered":"Meloni investit en Afrique pour limiter l\u2019\u00e9migration, l\u2019UE approuve"},"content":{"rendered":"<p><strong>PACTE &#8211; Giorgia Meloni lance un plan de coop\u00e9ration avec l\u2019Afrique pour r\u00e9duire les d\u00e9parts vers l\u2019Europe et s\u00e9curiser les approvisionnements \u00e9nerg\u00e9tiques de l\u2019Italie<\/strong><\/p>\n<p>Limiter les d\u00e9parts vers l\u2019Europe tout en s\u00e9curisant les ressources \u00e9nerg\u00e9tiques africaines. <a href=\"https:\/\/www.20minutes.fr\/monde\/giorgia-meloni\/?at_medium=RSS%20feed&amp;at_campaign=ynews&amp;utm_source=yahoo&amp;utm_medium=rss&amp;utm_campaign=news_feed&amp;utm_content=in_article_link\" rel=\"nofollow noopener\" target=\"_blank\" data-ylk=\"slk:Giorgia Meloni;elm:context_link;itc:0;sec:content-canvas\" class=\"link \">Giorgia Meloni<\/a> mise sur son ambitieux plan Mattei pour red\u00e9finir la relation entre l\u2019<a href=\"https:\/\/www.20minutes.fr\/dossier\/italie?at_medium=RSS%20feed&amp;at_campaign=ynews&amp;utm_source=yahoo&amp;utm_medium=rss&amp;utm_campaign=news_feed&amp;utm_content=in_article_link\" rel=\"nofollow noopener\" target=\"_blank\" data-ylk=\"slk:Italie;elm:context_link;itc:0;sec:content-canvas\" class=\"link \">Italie<\/a> et le <a href=\"https:\/\/www.20minutes.fr\/dossier\/afrique?at_medium=RSS%20feed&amp;at_campaign=ynews&amp;utm_source=yahoo&amp;utm_medium=rss&amp;utm_campaign=news_feed&amp;utm_content=in_article_link\" rel=\"nofollow noopener\" target=\"_blank\" data-ylk=\"slk:continent africain;elm:context_link;itc:0;sec:content-canvas\" class=\"link \">continent africain<\/a>. Vendredi \u00e0 Rome, lors d\u2019un sommet copr\u00e9sid\u00e9 avec Ursula von der Leyen, la cheffe du gouvernement italien a d\u00e9voil\u00e9 les premiers engagements concrets d\u2019une strat\u00e9gie m\u00ealant coop\u00e9ration \u00e9conomique, lutte contre l\u2019<a href=\"https:\/\/www.20minutes.fr\/dossier\/emigration?at_medium=RSS%20feed&amp;at_campaign=ynews&amp;utm_source=yahoo&amp;utm_medium=rss&amp;utm_campaign=news_feed&amp;utm_content=in_article_link\" rel=\"nofollow noopener\" target=\"_blank\" data-ylk=\"slk:\u00e9migration;elm:context_link;itc:0;sec:content-canvas\" class=\"link \">\u00e9migration<\/a> et int\u00e9r\u00eats g\u00e9ostrat\u00e9giques.<\/p>\n<p>\u00ab\u00a0Nous venons d\u2019assister \u00e0 la conclusion de cinq accords tr\u00e8s importants, apportant plus de 1,2\u00a0milliard d\u2019euros d\u2019investissements\u00a0\u00bb europ\u00e9ens et italiens en Afrique, a salu\u00e9 Ursula von der Leyen, venue appuyer le projet. Selon <a href=\"https:\/\/www.20minutes.fr\/dossier\/rome?at_medium=RSS%20feed&amp;at_campaign=ynews&amp;utm_source=yahoo&amp;utm_medium=rss&amp;utm_campaign=news_feed&amp;utm_content=in_article_link\" rel=\"nofollow noopener\" target=\"_blank\" data-ylk=\"slk:Rome;elm:context_link;itc:0;sec:content-canvas\" class=\"link \">Rome<\/a>, ce plan pourrait mobiliser jusqu\u2019\u00e0 5,5\u00a0milliards d\u2019euros dans une phase initiale, r\u00e9partis sur 14 pays africains.<\/p>\n<p>D\u00e9veloppement contre exil<\/p>\n<p>L\u2019objectif affich\u00e9 par Giorgia Meloni est clair\u00a0: \u00ab\u00a0offrir une perspective aux jeunes Africains pour combattre en amont les causes qui poussent trop d\u2019entre eux \u00e0 entreprendre une travers\u00e9e dangereuse\u00a0\u00bb vers l\u2019<a href=\"https:\/\/www.20minutes.fr\/dossier\/europe?at_medium=RSS%20feed&amp;at_campaign=ynews&amp;utm_source=yahoo&amp;utm_medium=rss&amp;utm_campaign=news_feed&amp;utm_content=in_article_link\" rel=\"nofollow noopener\" target=\"_blank\" data-ylk=\"slk:Europe;elm:context_link;itc:0;sec:content-canvas\" class=\"link \">Europe<\/a>. <a href=\"https:\/\/www.20minutes.fr\/politique\/ursula-von-der-leyen\/?at_medium=RSS%20feed&amp;at_campaign=ynews&amp;utm_source=yahoo&amp;utm_medium=rss&amp;utm_campaign=news_feed&amp;utm_content=in_article_link\" rel=\"nofollow noopener\" target=\"_blank\" data-ylk=\"slk:Ursula von der Leyen;elm:context_link;itc:0;sec:content-canvas\" class=\"link \">Ursula von der Leyen<\/a> a soutenu cette vision en rappelant que l\u2019Afrique avait besoin \u00ab\u00a0de ses talents, de ses comp\u00e9tences, de ses entrepreneurs et de sa main-d\u2019\u0153uvre\u00a0\u00bb.<\/p>\n<p>Mais au-del\u00e0 de l\u2019humanitaire, l\u2019\u00e9nergie et les mati\u00e8res premi\u00e8res constituent le c\u0153ur du plan, dans un contexte o\u00f9 l\u2019Italie cherche \u00e0 diversifier ses approvisionnements \u00e9nerg\u00e9tiques apr\u00e8s la guerre en Ukraine. L\u2019Alg\u00e9rie, par exemple, est d\u00e9sormais un partenaire clef dans cet(&#8230;)<\/p>\n<p><a href=\"https:\/\/www.20minutes.fr\/monde\/italie\/4159679-20250620-italie-meloni-investit-afrique-limiter-emigration-ue-approuve?at_medium=RSS%20feed&amp;at_campaign=ynews&amp;utm_source=yahoo&amp;utm_medium=rss&amp;utm_campaign=news_feed&amp;utm_content=read_more_link&quot;\" rel=\"nofollow noopener\" target=\"_blank\" data-ylk=\"slk:Lire la suite sur 20minutes;elm:context_link;itc:0;sec:content-canvas\" class=\"link \">Lire la suite sur 20minutes<\/a><\/p>\n<p>\u00c0 lire aussi :<br \/><a href=\"https:\/\/www.20minutes.fr\/monde\/italie\/4156820-20250604-italie-rome-emmanuel-macron-tente-dissiper-tensions-giorgia-meloni?at_medium=RSS%20feed&amp;at_campaign=ynews&amp;utm_source=yahoo&amp;utm_medium=rss&amp;utm_campaign=news_feed&amp;utm_content=related_content_link\" rel=\"nofollow noopener\" target=\"_blank\" data-ylk=\"slk:Italie\u00a0: A Rome, Emmanuel Macron tente de dissiper les tensions avec Giorgia Meloni;elm:context_link;itc:0;sec:content-canvas\" class=\"link \">Italie\u00a0: A Rome, Emmanuel Macron tente de dissiper les tensions avec Giorgia Meloni<\/a><br \/><a href=\"https:\/\/www.20minutes.fr\/societe\/4133607-20250114-immigration-clandestine-vers-ue-forte-baisse-2024-sauf-depuis-afrique-ouest?at_medium=RSS%20feed&amp;at_campaign=ynews&amp;utm_source=yahoo&amp;utm_medium=rss&amp;utm_campaign=news_feed&amp;utm_content=related_content_link\" rel=\"nofollow noopener\" target=\"_blank\" data-ylk=\"slk:L\u2019immigration clandestine vers l\u2019UE en forte baisse en\u00a02024, sauf depuis l\u2019Afrique de l\u2019Ouest;elm:context_link;itc:0;sec:content-canvas\" class=\"link \">L\u2019immigration clandestine vers l\u2019UE en forte baisse en\u00a02024, sauf depuis l\u2019Afrique de l\u2019Ouest<\/a><\/p>\n","protected":false},"excerpt":{"rendered":"PACTE &#8211; Giorgia Meloni lance un plan de coop\u00e9ration avec l\u2019Afrique pour r\u00e9duire les d\u00e9parts vers l\u2019Europe et&hellip;\n","protected":false},"author":2,"featured_media":191701,"comment_status":"","ping_status":"","sticky":false,"template":"","format":"standard","meta":{"footnotes":""},"categories":[1586],"tags":[11,33041,10464,1777,674,1779,1011,27,3044,32040,1808,12,25,1778,364,2544],"class_list":{"0":"post-191700","1":"post","2":"type-post","3":"status-publish","4":"format-standard","5":"has-post-thumbnail","7":"category-europe","8":"tag-actualites","9":"tag-africaines","10":"tag-cooperation-economique","11":"tag-eu","12":"tag-europe","13":"tag-european-union","14":"tag-fr","15":"tag-france","16":"tag-giorgia-meloni","17":"tag-litalie","18":"tag-leurope","19":"tag-news","20":"tag-republique-francaise","21":"tag-ue","22":"tag-union-europeenne","23":"tag-ursula-von-der-leyen"},"share_on_mastodon":{"url":"https:\/\/pubeurope.com\/@fr\/114717378716445751","error":""},"_links":{"self":[{"href":"https:\/\/www.europesays.com\/fr\/wp-json\/wp\/v2\/posts\/191700","targetHints":{"allow":["GET"]}}],"collection":[{"href":"https:\/\/www.europesays.com\/fr\/wp-json\/wp\/v2\/posts"}],"about":[{"href":"https:\/\/www.europesays.com\/fr\/wp-json\/wp\/v2\/types\/post"}],"author":[{"embeddable":true,"href":"https:\/\/www.europesays.com\/fr\/wp-json\/wp\/v2\/users\/2"}],"replies":[{"embeddable":true,"href":"https:\/\/www.europesays.com\/fr\/wp-json\/wp\/v2\/comments?post=191700"}],"version-history":[{"count":0,"href":"https:\/\/www.europesays.com\/fr\/wp-json\/wp\/v2\/posts\/191700\/revisions"}],"wp:featuredmedia":[{"embeddable":true,"href":"https:\/\/www.europesays.com\/fr\/wp-json\/wp\/v2\/media\/191701"}],"wp:attachment":[{"href":"https:\/\/www.europesays.com\/fr\/wp-json\/wp\/v2\/media?parent=191700"}],"wp:term":[{"taxonomy":"category","embeddable":true,"href":"https:\/\/www.europesays.com\/fr\/wp-json\/wp\/v2\/categories?post=191700"},{"taxonomy":"post_tag","embeddable":true,"href":"https:\/\/www.europesays.com\/fr\/wp-json\/wp\/v2\/tags?post=191700"}],"curies":[{"name":"wp","href":"https:\/\/api.w.org\/{rel}","templated":true}]}}