{"id":191710,"date":"2025-06-20T19:42:08","date_gmt":"2025-06-20T19:42:08","guid":{"rendered":"https:\/\/www.europesays.com\/fr\/191710\/"},"modified":"2025-06-20T19:42:08","modified_gmt":"2025-06-20T19:42:08","slug":"antoine-dupont-evoque-sa-reeducation-apres-sa-grave-blessure","status":"publish","type":"post","link":"https:\/\/www.europesays.com\/fr\/191710\/","title":{"rendered":"Antoine Dupont \u00e9voque sa r\u00e9\u00e9ducation apr\u00e8s sa grave blessure"},"content":{"rendered":"<p>Le demi de m\u00eal\u00e9e du Stade Toulousain s\u2019est confi\u00e9 au micro de Canal + juste avant la demi-finale de Top 14 de son \u00e9quipe contre Bayonne.<\/p>\n<p class=\"fig-paragraph\"><a href=\"http:\/\/www.lefigaro.fr\/sports\/rugby\/top-14\/stade-toulousain-dupont-mauvaka-capuozzo-le-veritable-poids-des-absences-20250620\" data-fig-type=\"NewsFlash\" data-gtm-custom-categorie=\"navigation\" data-gtm-custom-action=\"crossclick\" data-gtm-custom-label=\"Contextuel\" data-gtm-event=\"customEventSPE\" data-fig-domain=\"LEFIGARO\" target=\"_blank\" rel=\"noopener\">Antoine Dupont<\/a>\u00a0va vivre la\u00a0<a href=\"https:\/\/www.lefigaro.fr\/sports\/rugby\/live\/top-14\/2025\/943358\/toulouse-bayonne\" data-fig-type=\"Live\" data-gtm-custom-categorie=\"navigation\" data-gtm-custom-action=\"crossclick\" data-gtm-custom-label=\"Contextuel\" data-gtm-event=\"customEventSPE\" data-fig-domain=\"LEFIGARO\" target=\"_blank\" rel=\"noopener\">demi-finale de Top 14<\/a>\u00a0contre Bayonne en tribune. Le demi de m\u00eal\u00e9e, toujours en r\u00e9\u00e9ducation apr\u00e8s sa rupture du ligament crois\u00e9 ant\u00e9rieur du genou droit, s\u2019est tout de m\u00eame confi\u00e9 avant la rencontre au micro de Canal + et a donn\u00e9 de ses nouvelles. \u00ab\u00c7a va bien, la r\u00e9\u00e9ducation se poursuit. Rien de tr\u00e8s amusant en ce moment, je suis toujours en train de retravailler physiquement pour regagner de l\u2019amplitude et du volume musculaire pour pr\u00e9parer la reprise de course qui arrivera dans les prochaines semaines. Tout suit son cours\u00bb, a confi\u00e9 le capitaine du XV de France.<\/p>\n<p class=\"fig-paragraph\">Questionn\u00e9 pour savoir s\u2019il \u00e9tait dur d\u2019assister au match en tant que spectateur, Dupont a expliqu\u00e9 qu\u2019il se \u00absentait impuissant\u00bb. \u00abMais il y a toujours cette culpabilit\u00e9 de laisser l\u2019\u00e9quipe. Il y a toujours ces frissons quand le coup de sifflet approche. Mais \u00e7a fait partie de la vie d\u2019un sportif\u00bb.<\/p>\n<p class=\"fig-paragraph\">Pr\u00e9sent aupr\u00e8s de son \u00e9quipe, le ph\u00e9nom\u00e8ne a senti ses co\u00e9quipiers \u00abd\u00e9contract\u00e9s mais motiv\u00e9s\u00bb. Il sait qu\u2019il faudra se m\u00e9fier de Bayonne car \u00abils ne sont pas l\u00e0 par hasard\u00bb.<\/p>\n","protected":false},"excerpt":{"rendered":"Le demi de m\u00eal\u00e9e du Stade Toulousain s\u2019est confi\u00e9 au micro de Canal + juste avant la demi-finale&hellip;\n","protected":false},"author":2,"featured_media":191711,"comment_status":"","ping_status":"","sticky":false,"template":"","format":"standard","meta":{"footnotes":""},"categories":[1416],"tags":[514,4736,525,4590,1981,2313,814,1011,27,955,4589,2311,1980,479,1468,2259,60,476,478,2310,2312],"class_list":{"0":"post-191710","1":"post","2":"type-post","3":"status-publish","4":"format-standard","5":"has-post-thumbnail","7":"category-rugby","8":"tag-antoine-dupont","9":"tag-aviron-bayonnais","10":"tag-calendrier","11":"tag-championnat-france","12":"tag-classement","13":"tag-clermont","14":"tag-direct","15":"tag-fr","16":"tag-france","17":"tag-match","18":"tag-phase-finale","19":"tag-racing","20":"tag-resultats","21":"tag-rugby","22":"tag-rugby-football","23":"tag-score","24":"tag-sports","25":"tag-stade-toulousain","26":"tag-top-14","27":"tag-toulon","28":"tag-toulouse"},"share_on_mastodon":{"url":"https:\/\/pubeurope.com\/@fr\/114717402311621532","error":""},"_links":{"self":[{"href":"https:\/\/www.europesays.com\/fr\/wp-json\/wp\/v2\/posts\/191710","targetHints":{"allow":["GET"]}}],"collection":[{"href":"https:\/\/www.europesays.com\/fr\/wp-json\/wp\/v2\/posts"}],"about":[{"href":"https:\/\/www.europesays.com\/fr\/wp-json\/wp\/v2\/types\/post"}],"author":[{"embeddable":true,"href":"https:\/\/www.europesays.com\/fr\/wp-json\/wp\/v2\/users\/2"}],"replies":[{"embeddable":true,"href":"https:\/\/www.europesays.com\/fr\/wp-json\/wp\/v2\/comments?post=191710"}],"version-history":[{"count":0,"href":"https:\/\/www.europesays.com\/fr\/wp-json\/wp\/v2\/posts\/191710\/revisions"}],"wp:featuredmedia":[{"embeddable":true,"href":"https:\/\/www.europesays.com\/fr\/wp-json\/wp\/v2\/media\/191711"}],"wp:attachment":[{"href":"https:\/\/www.europesays.com\/fr\/wp-json\/wp\/v2\/media?parent=191710"}],"wp:term":[{"taxonomy":"category","embeddable":true,"href":"https:\/\/www.europesays.com\/fr\/wp-json\/wp\/v2\/categories?post=191710"},{"taxonomy":"post_tag","embeddable":true,"href":"https:\/\/www.europesays.com\/fr\/wp-json\/wp\/v2\/tags?post=191710"}],"curies":[{"name":"wp","href":"https:\/\/api.w.org\/{rel}","templated":true}]}}