{"id":191713,"date":"2025-06-20T19:45:10","date_gmt":"2025-06-20T19:45:10","guid":{"rendered":"https:\/\/www.europesays.com\/fr\/191713\/"},"modified":"2025-06-20T19:45:10","modified_gmt":"2025-06-20T19:45:10","slug":"barry-baltus-na-quun-objectif-au-mugello-finir-sur-le-podium-ne-me-suffit-plus","status":"publish","type":"post","link":"https:\/\/www.europesays.com\/fr\/191713\/","title":{"rendered":"Barry Baltus n&rsquo;a qu&rsquo;un objectif au Mugello\u00a0: \u00ab\u00a0Finir sur le podium ne me suffit plus\u00a0\u00bb"},"content":{"rendered":"<p class=\"ap-StoryElement ap-StoryElement--mb ap-StoryText\">\u00ab\u00a0\u00c0 Alcaniz, j&rsquo;ai men\u00e9 pendant plus des trois-quarts de la course et \u00e0 un moment donn\u00e9, je me suis dit que c&rsquo;\u00e9tait peut-\u00eatre mon jour, avoue Baltus. Mais le rythme derri\u00e8re \u00e9tait vraiment fort, et \u00e0 la fin, j&rsquo;ai d\u00fb me contenter du podium. Ce fut mon troisi\u00e8me podium de la saison. Alors oui, j&rsquo;\u00e9tais heureux, mais j&rsquo;en veux plus : la troisi\u00e8me place ne me suffit plus.\u00a0\u00bb<\/p>\n<p class=\"ap-StoryElement ap-StoryElement--mb ap-StoryText\">Actuellement 4e du championnat, \u00e0 une longueur seulement du top 3, Baltus sait qu&rsquo;il aura de nouveau \u00e0 qui parler ce week-end sur le Mugello. Son \u00e9quipier Aron Canet entend remettre les pendules \u00e0 l&rsquo;heure face \u00e0 Manuel Gonzalez tandis que Diogo Moreira veut y croire \u00e9galement. Chez Marc VDS Racing, on doit se ressaisir apr\u00e8s un d\u00e9but de saison en fanfare et c&rsquo;est Jake Dixon qui doit retrouver le chemin de la victoire.<\/p>\n<p class=\"ap-StoryElement ap-StoryElement--mb ap-StoryText\">Tout ce beau monde suivra les grands fr\u00e8res du MotoGP qui s&rsquo;escrimeront dimanche apr\u00e8s-midi. Plus que jamais, la chasse aux Marquez sera ouverte et les Bagnaia, Bezzechi et autre Morbidelli veulent se faire une joie de scalper les frangins espagnols.<\/p>\n","protected":false},"excerpt":{"rendered":"\u00ab\u00a0\u00c0 Alcaniz, j&rsquo;ai men\u00e9 pendant plus des trois-quarts de la course et \u00e0 un moment donn\u00e9, je me&hellip;\n","protected":false},"author":2,"featured_media":191714,"comment_status":"","ping_status":"","sticky":false,"template":"","format":"standard","meta":{"footnotes":""},"categories":[1413],"tags":[1011,27,1457,8978,1456,60],"class_list":{"0":"post-191713","1":"post","2":"type-post","3":"status-publish","4":"format-standard","5":"has-post-thumbnail","7":"category-moto","8":"tag-fr","9":"tag-france","10":"tag-moto","11":"tag-moto2","12":"tag-motocycle","13":"tag-sports"},"share_on_mastodon":{"url":"https:\/\/pubeurope.com\/@fr\/114717414122287716","error":""},"_links":{"self":[{"href":"https:\/\/www.europesays.com\/fr\/wp-json\/wp\/v2\/posts\/191713","targetHints":{"allow":["GET"]}}],"collection":[{"href":"https:\/\/www.europesays.com\/fr\/wp-json\/wp\/v2\/posts"}],"about":[{"href":"https:\/\/www.europesays.com\/fr\/wp-json\/wp\/v2\/types\/post"}],"author":[{"embeddable":true,"href":"https:\/\/www.europesays.com\/fr\/wp-json\/wp\/v2\/users\/2"}],"replies":[{"embeddable":true,"href":"https:\/\/www.europesays.com\/fr\/wp-json\/wp\/v2\/comments?post=191713"}],"version-history":[{"count":0,"href":"https:\/\/www.europesays.com\/fr\/wp-json\/wp\/v2\/posts\/191713\/revisions"}],"wp:featuredmedia":[{"embeddable":true,"href":"https:\/\/www.europesays.com\/fr\/wp-json\/wp\/v2\/media\/191714"}],"wp:attachment":[{"href":"https:\/\/www.europesays.com\/fr\/wp-json\/wp\/v2\/media?parent=191713"}],"wp:term":[{"taxonomy":"category","embeddable":true,"href":"https:\/\/www.europesays.com\/fr\/wp-json\/wp\/v2\/categories?post=191713"},{"taxonomy":"post_tag","embeddable":true,"href":"https:\/\/www.europesays.com\/fr\/wp-json\/wp\/v2\/tags?post=191713"}],"curies":[{"name":"wp","href":"https:\/\/api.w.org\/{rel}","templated":true}]}}