{"id":191715,"date":"2025-06-20T19:46:10","date_gmt":"2025-06-20T19:46:10","guid":{"rendered":"https:\/\/www.europesays.com\/fr\/191715\/"},"modified":"2025-06-20T19:46:10","modified_gmt":"2025-06-20T19:46:10","slug":"nouvelles-rassurantes-pour-fabio-quartararo-au-mugello","status":"publish","type":"post","link":"https:\/\/www.europesays.com\/fr\/191715\/","title":{"rendered":"Nouvelles rassurantes pour Fabio Quartararo au Mugello"},"content":{"rendered":"<p>La suite du week-end de <a href=\"https:\/\/fr.motorsport.com\/driver\/fabio-quartararo\/109400\/\" target=\"_blank\" rel=\"noopener\">Fabio Quartararo<\/a> au Grand Prix d&rsquo;Italie n&rsquo;est pas remise en cause. Touch\u00e9 \u00e0 l&rsquo;\u00e9paule gauche dans une lourde chute survenue lors de <a href=\"https:\/\/fr.motorsport.com\/motogp\/news\/essais-vinales-leader-ducati-officielles\/10734649\/\" target=\"_self\" rel=\"noopener\">la s\u00e9ance d&rsquo;essais vendredi apr\u00e8s-midi<\/a>, le pilote fran\u00e7ais a pass\u00e9 des examens rassurants. Malgr\u00e9 la douleur, il tiendra sa place samedi au Mugello, pour les qualifications puis le sprint.\u00a0<\/p>\n<p>Auteur de belles performances au cours de cette premi\u00e8re journ\u00e9e, il a d&rsquo;ailleurs d\u00e9croch\u00e9 son ticket direct pour la Q2 en terminant cinqui\u00e8me de la s\u00e9ance qui comptait le plus en ce d\u00e9but de week-end. Un r\u00e9sultat venu confirmer ses bonnes dispositions entrevues d\u00e8s les <a href=\"https:\/\/fr.motorsport.com\/motogp\/news\/el1-bezzecchi-acosta-chrono-identique-mugello\/10734524\/\" target=\"_self\" rel=\"noopener\">essais libres<\/a>, qu&rsquo;il avait boucl\u00e9s au sixi\u00e8me rang.\u00a0<\/p>\n<p>Sauf qu&rsquo;entre ces deux belles performances, Fabio Quartararo est parti \u00e0 la faute dans le virage 4 du Mugello,\u00a0Materassi, avant de terminer \u00e0 plat ventre dans le bac \u00e0 gravier et de s&rsquo;y d\u00e9bo\u00eeter l&rsquo;\u00e9paule. Celle-ci a imm\u00e9diatement \u00e9t\u00e9 remise en place, dans qui est apparu comme un v\u00e9ritable \u00e9clair de lucidit\u00e9 de la part du pilote sur le coup, malgr\u00e9 une douleur \u00e9vidente et perceptible.\u00a0<\/p>\n<p>Si le m\u00e9decin du MotoGP, le docteur\u00a0\u00c1ngel Charte, a rapidement examin\u00e9 le pilote Yamaha et l&rsquo;a autoris\u00e9 \u00e0 reprendre tr\u00e8s vite la piste apr\u00e8s une prise d&rsquo;antidouleurs, il a toutefois pr\u00e9f\u00e9r\u00e9 <a href=\"https:\/\/fr.motorsport.com\/motogp\/news\/quartararo-examens-hopital-chute-mugello\/10734645\/\" target=\"_self\" rel=\"noopener\">l&rsquo;envoyer vers un h\u00f4pital de Florence<\/a> pour des examens compl\u00e9mentaires \u00e0 l&rsquo;issue du roulage.\u00a0<\/p>\n<p>Logiquement absent du traditionnel point presse de fin de journ\u00e9e, Fabio Quartararo a lui-m\u00eame donn\u00e9 des nouvelles rassurantes par l&rsquo;interm\u00e9diaire des r\u00e9seaux sociaux, confirmant qu&rsquo;il serait bien au rendez-vous samedi.\u00a0<\/p>\n<p>\u00ab\u00a0Journ\u00e9e difficile mais qui ne se termine pas mal\u2026\u00a0\u00bb, a-t-il \u00e9crit. \u00ab\u00a0Apr\u00e8s la chute, j\u2019ai eu un probl\u00e8me \u00e0 l\u2019\u00e9paule, mais j&rsquo;ai pu remonter sur la moto et terminer dans le top 5, ce qui nous envoie directement en Q2. J&rsquo;ai un peu de mal avec la moto, mais on va essayer de faire un pas en avant pour demain.\u00a0\u00bb<\/p>\n<p>\u00a0<\/p>\n<p>En d\u00e9but de soir\u00e9e, l&rsquo;\u00e9quipe du champion du monde 2021 a confirm\u00e9 que tous les examens pratiqu\u00e9s avaient permis d&rsquo;\u00e9carter tout probl\u00e8me physique qui entraverait son retour en piste\u00a0:\u00a0\u00ab\u00a0Apr\u00e8s avoir pass\u00e9 des examens m\u00e9dicaux compl\u00e9mentaires \u00e0 Florence, tous les r\u00e9sultats de Fabio sont bons.\u00a0Il va tr\u00e8s bien et est en route pour revenir sur le circuit, donc c&rsquo;est une bonne nouvelle !\u00a0\u00bb<\/p>\n<p>\u00ab\u00a0Je suis tr\u00e8s content d&rsquo;\u00eatre en Q2 apr\u00e8s ma chute aujourd&rsquo;hui\u00a0\u00bb, s&rsquo;est quant \u00e0 lui f\u00e9licit\u00e9 le Fran\u00e7ais dans le communiqu\u00e9 transmis par Yamaha en soir\u00e9e. \u00ab\u00a0La chute en elle-m\u00eame a \u00e9t\u00e9 assez petite, mais j&rsquo;ai eu mal \u00e0 l&rsquo;\u00e9paule, ce qui a compliqu\u00e9 les choses. Mes sensations avec l&rsquo;avant n&rsquo;\u00e9taient pas tr\u00e8s bonnes quand j&rsquo;ai fait mon time attack, mais on a quand m\u00eame r\u00e9ussi \u00e0 atteindre notre objectif qui \u00e9tait d&rsquo;aller en Q2. Je suis all\u00e9 passer un contr\u00f4le m\u00e9dical apr\u00e8s la s\u00e9ance et j&rsquo;ai obtenu l&rsquo;autorisation de rouler demain.\u00a0\u00bb<\/p>\n<p>Lire aussi :<\/p>\n<p>Dans cet article<\/p>\n<p>    Basile Davoine\n<\/p>\n<p>    MotoGP\n<\/p>\n<p>    Fabio Quartararo\n<\/p>\n<p>    Yamaha Factory Racing\n<\/p>\n<p>Soyez le premier inform\u00e9 et souscrivez aux alertes mails pour recevoir les infos en temps r\u00e9el<\/p>\n<p>    S&rsquo;abonner aux alertes de news<\/p>\n","protected":false},"excerpt":{"rendered":"La suite du week-end de Fabio Quartararo au Grand Prix d&rsquo;Italie n&rsquo;est pas remise en cause. Touch\u00e9 \u00e0&hellip;\n","protected":false},"author":2,"featured_media":191716,"comment_status":"","ping_status":"","sticky":false,"template":"","format":"standard","meta":{"footnotes":""},"categories":[1412],"tags":[1451,1680,1452,1453,1454,1455,1011,27,31123,1458,31124,60,3796],"class_list":{"0":"post-191715","1":"post","2":"type-post","3":"status-publish","4":"format-standard","5":"has-post-thumbnail","7":"category-f1","8":"tag-f1","9":"tag-fabio-quartararo","10":"tag-formula-1","11":"tag-formula1","12":"tag-formule-1","13":"tag-formule1","14":"tag-fr","15":"tag-france","16":"tag-gp-ditalie","17":"tag-motogp","18":"tag-mugello","19":"tag-sports","20":"tag-yamaha-factory-racing"},"share_on_mastodon":{"url":"https:\/\/pubeurope.com\/@fr\/114717418049024023","error":""},"_links":{"self":[{"href":"https:\/\/www.europesays.com\/fr\/wp-json\/wp\/v2\/posts\/191715","targetHints":{"allow":["GET"]}}],"collection":[{"href":"https:\/\/www.europesays.com\/fr\/wp-json\/wp\/v2\/posts"}],"about":[{"href":"https:\/\/www.europesays.com\/fr\/wp-json\/wp\/v2\/types\/post"}],"author":[{"embeddable":true,"href":"https:\/\/www.europesays.com\/fr\/wp-json\/wp\/v2\/users\/2"}],"replies":[{"embeddable":true,"href":"https:\/\/www.europesays.com\/fr\/wp-json\/wp\/v2\/comments?post=191715"}],"version-history":[{"count":0,"href":"https:\/\/www.europesays.com\/fr\/wp-json\/wp\/v2\/posts\/191715\/revisions"}],"wp:featuredmedia":[{"embeddable":true,"href":"https:\/\/www.europesays.com\/fr\/wp-json\/wp\/v2\/media\/191716"}],"wp:attachment":[{"href":"https:\/\/www.europesays.com\/fr\/wp-json\/wp\/v2\/media?parent=191715"}],"wp:term":[{"taxonomy":"category","embeddable":true,"href":"https:\/\/www.europesays.com\/fr\/wp-json\/wp\/v2\/categories?post=191715"},{"taxonomy":"post_tag","embeddable":true,"href":"https:\/\/www.europesays.com\/fr\/wp-json\/wp\/v2\/tags?post=191715"}],"curies":[{"name":"wp","href":"https:\/\/api.w.org\/{rel}","templated":true}]}}