{"id":191742,"date":"2025-06-20T20:00:10","date_gmt":"2025-06-20T20:00:10","guid":{"rendered":"https:\/\/www.europesays.com\/fr\/191742\/"},"modified":"2025-06-20T20:00:10","modified_gmt":"2025-06-20T20:00:10","slug":"toute-lukraine-est-notre-poutine-menace-de-semparer-de-soumy","status":"publish","type":"post","link":"https:\/\/www.europesays.com\/fr\/191742\/","title":{"rendered":"\u00ab\u00a0Toute l\u2019Ukraine est n\u00f4tre\u00a0\u00bb\u2026 Poutine menace de s\u2019emparer de Soumy"},"content":{"rendered":"<p>Vous avez rat\u00e9 les derniers \u00e9v\u00e9nements sur la <a href=\"https:\/\/www.20minutes.fr\/monde\/ukraine\/\" class=\"color-ultramarine c-link\" target=\"_blank\" rel=\"noopener\">guerre en Ukraine<\/a>\u00a0? 20 Minutes fait le point pour vous tous les soirs. Voici l\u2019essentiel de ce vendredi 20\u00a0juin 2025, 1.213e jour du conflit.<\/p>\n<p>Le fait du jour<\/p>\n<p>\u00ab\u00a0Je consid\u00e8re les Russes et les Ukrainiens comme un seul peuple. Dans ce sens, toute l\u2019Ukraine est n\u00f4tre.\u00a0\u00bb Vladimir Poutine n\u2019y va pas par quatre chemins. Et ce vendredi, le pr\u00e9sident russe n\u2019a pas exclu la prise par la Russie de la ville strat\u00e9gique de <a href=\"https:\/\/www.coe.int\/fr\/web\/interculturalcities\/sumy\" rel=\"nofollow noopener\" target=\"_blank\" class=\"color-ultramarine c-link\">Soumy<\/a>, situ\u00e9e \u00e0 environ 30 kilom\u00e8tres de la fronti\u00e8re, au moment o\u00f9 les forces russes ont fait une perc\u00e9e dans cette r\u00e9gion du nord-est de l\u2019Ukraine.<\/p>\n<p>\u00ab\u00a0Nous n\u2019avons pas pour objectif de prendre Soumy, mais en principe je ne l\u2019exclus pas\u00a0\u00bb, a d\u00e9clar\u00e9 le pr\u00e9sident russe lors d\u2019une discussion au forum \u00e9conomique de <a href=\"https:\/\/www.20minutes.fr\/dossier\/saint_petersbourg-1\" class=\"color-ultramarine c-link\" target=\"_blank\" rel=\"noopener\">Saint-P\u00e9tersbourg<\/a>. \u00ab\u00a0Ils repr\u00e9sentent une menace permanente pour nous, en bombardant constamment les zones frontali\u00e8res\u00a0\u00bb, a-t-il ajout\u00e9 en parlant des forces ukrainiennes. Et de se montrer mena\u00e7ant\u00a0: \u00ab\u00a0Il y a un proverbe qui dit\u00a0: l\u00e0 o\u00f9 un soldat russe met un pied, cela nous appartient.\u00a0\u00bb<\/p>\n<p>Depuis plusieurs semaines, Moscou revendique la prise de villages dans la r\u00e9gion de Soumy. Le <a href=\"https:\/\/www.20minutes.fr\/dossier\/kremlin\" class=\"color-ultramarine c-link\" target=\"_blank\" rel=\"noopener\">Kremlin<\/a> affirme vouloir y constituer une \u00ab\u00a0zone tampon\u00a0\u00bb afin d\u2019emp\u00eacher l\u2019arm\u00e9e ukrainienne de mener de nouvelles offensives en Russie, comme celle lanc\u00e9e l\u2019an dernier dans la r\u00e9gion russe de Koursk, frontali\u00e8re de celle de Soumy.<\/p>\n<p>La d\u00e9claration du jour<\/p>\n<blockquote class=\"mx-m@xs mx-xxl@md color-ultramarine c-citation\">\n<p class=\"font-weight-regular@xs text-italic font-source-serif-pro text-l@xs c-citation__content\">\u00ab\u00a0La plupart des soldats qui rentrent aujourd\u2019hui de captivit\u00e9 russe y ont pass\u00e9 plus de deux ans\u00a0\u00bb<\/p>\n<\/blockquote>\n<p>Les paroles sont sign\u00e9es Volodymyr Zelensky. Le pr\u00e9sident ukrainien a confirm\u00e9 que l\u2019Ukraine avait proc\u00e9d\u00e9 ce vendredi \u00e0 un nouvel \u00e9change de prisonniers avec la Russie, en vertu des accords conclus \u00e0 <a href=\"https:\/\/www.20minutes.fr\/monde\/istanbul\/\" class=\"color-ultramarine c-link\" target=\"_blank\" rel=\"noopener\">Istanbul<\/a> d\u00e9but juin entre les deux bellig\u00e9rants.<\/p>\n<p>Kiev et Moscou avaient convenu de lib\u00e9rer tous leurs prisonniers de guerre jeunes ou bless\u00e9s, et de rendre les d\u00e9pouilles des combattants tu\u00e9s, seul r\u00e9sultat tangible de ces n\u00e9gociations. Ni la Russie, ni l\u2019Ukraine, n\u2019ont toutefois pr\u00e9cis\u00e9 combien de militaires ont \u00e9t\u00e9 lib\u00e9r\u00e9s vendredi, comme lors de pr\u00e9c\u00e9dents \u00e9changes ces deux derni\u00e8res semaines.<\/p>\n<\/p>\n<p>Le chiffre du jour<\/p>\n<p>Un mort et 14 bless\u00e9s. C\u2019est le bilan d\u2019une nouvelle attaque a\u00e9rienne russe sur la ville portuaire d\u2019<a href=\"https:\/\/www.20minutes.fr\/dossier\/odessa\" class=\"color-ultramarine c-link\" target=\"_blank\" rel=\"noopener\">Odessa<\/a>, dans le sud de l\u2019Ukraine men\u00e9e pendant la nuit de jeudi \u00e0 vendredi, indiquent les autorit\u00e9s ukrainiennes. Parmi les bless\u00e9s, trois sont des secouristes.<\/p>\n<p>Kharkiv, deuxi\u00e8me ville d\u2019Ukraine, situ\u00e9e dans le nord-est, a \u00e9galement subi une s\u00e9rie de frappes de drones et de bombes planantes russes, qui ont fait six bless\u00e9s l\u00e9gers dont deux adolescentes.<\/p>\n<p>\u00ab\u00a0La Russie poursuit sa tactique de terreur d\u00e9lib\u00e9r\u00e9e contre notre peuple\u00a0\u00bb, a d\u00e9nonc\u00e9 Volodymyr Zelensky apr\u00e8s les frappes.<\/p>\n<p>La tendance<\/p>\n<p>Le pr\u00e9sident russe Vladimir Poutine a affirm\u00e9 ce vendredi que son pays ne devait \u00ab\u00a0en aucun cas\u00a0\u00bb entrer en r\u00e9cession, sur fond de ralentissement de l\u2019\u00e9conomie. \u00ab\u00a0Certains sp\u00e9cialistes et experts pointent du doigt des risques d\u2019une stagnation et m\u00eame d\u2019une r\u00e9cession. Nous ne devons le permettre en aucun cas\u00a0\u00bb, a d\u00e9clar\u00e9 Vladimir Poutine, lors d\u2019un discours au forum \u00e9conomique de Saint-P\u00e9tersbourg.<\/p>\n<p>Si l\u2019\u00e9conomie russe avait fait preuve en\u00a02023 et\u00a02024 d\u2019une r\u00e9silience inattendue face aux sanctions prises par les Occidentaux depuis\u00a02022 en repr\u00e9sailles \u00e0 l\u2019offensive russe en Ukraine, la conjoncture a chang\u00e9 depuis quelques mois.<\/p>\n<p>La croissance a ralenti au premier trimestre \u00e0 1,4\u00a0%, son niveau le plus faible depuis les trois premiers mois de\u00a02023, selon des chiffres officiels, et les perspectives sont moins bonnes que l\u2019an pass\u00e9.<\/p>\n<p><a href=\"https:\/\/www.20minutes.fr\/monde\/ukraine\/\" class=\"c-link c-btn c-btn--primary\" target=\"_blank\" rel=\"noopener\">Notre dossier sur la guerre en Ukraine<\/a><\/p>\n<p>Les lourds investissements publics dans le complexe militaro-industriel pour soutenir l\u2019arm\u00e9e russe ne permettent plus de stimuler l\u2019\u00e9conomie. Mais, selon le chef d\u2019Etat russe, la croissance ces deux derni\u00e8res ann\u00e9es notamment par l&rsquo; \u00ab\u00a0agriculture, l\u2019industrie dans son ensemble, le BTP, la logistique, le domaine des services, des finances et l\u2019industrie des technologies Internet\u00a0\u00bb.<\/p>\n<p>Ces affrontements ont en outre fait grimper les cours de l\u2019or noir, dont les revenus que la Russie tire de son exploitation constituent une manne financi\u00e8re essentielle dans son budget, notamment militaire. \u00ab\u00a0Pour l\u2019Ukraine, le d\u00e9fi r\u00e9side dans les prix du p\u00e9trole car s\u2019ils restent \u00e9lev\u00e9s pendant longtemps, les Russes en tireront davantage\u00a0\u00bb, a expliqu\u00e9 un dirigeant ukrainien qui a requis l\u2019anonymat.<\/p>\n","protected":false},"excerpt":{"rendered":"Vous avez rat\u00e9 les derniers \u00e9v\u00e9nements sur la guerre en Ukraine\u00a0? 20 Minutes fait le point pour vous&hellip;\n","protected":false},"author":2,"featured_media":191743,"comment_status":"","ping_status":"","sticky":false,"template":"","format":"standard","meta":{"footnotes":""},"categories":[5],"tags":[47,11,221,1011,27,131,14,4998,74,1916,12,23851,807,132,25684,135,134,28],"class_list":{"0":"post-191742","1":"post","2":"type-post","3":"status-publish","4":"format-standard","5":"has-post-thumbnail","7":"category-international","8":"tag-actualite","9":"tag-actualites","10":"tag-cessez-le-feu","11":"tag-fr","12":"tag-france","13":"tag-guerre-en-ukraine","14":"tag-international","15":"tag-kremlin","16":"tag-monde","17":"tag-moscou","18":"tag-news","19":"tag-odessa","20":"tag-prisonniers","21":"tag-russie","22":"tag-saint-petersbourg","23":"tag-vladimir-poutine","24":"tag-volodymyr-zelensky","25":"tag-world"},"share_on_mastodon":{"url":"https:\/\/pubeurope.com\/@fr\/114717473265224687","error":""},"_links":{"self":[{"href":"https:\/\/www.europesays.com\/fr\/wp-json\/wp\/v2\/posts\/191742","targetHints":{"allow":["GET"]}}],"collection":[{"href":"https:\/\/www.europesays.com\/fr\/wp-json\/wp\/v2\/posts"}],"about":[{"href":"https:\/\/www.europesays.com\/fr\/wp-json\/wp\/v2\/types\/post"}],"author":[{"embeddable":true,"href":"https:\/\/www.europesays.com\/fr\/wp-json\/wp\/v2\/users\/2"}],"replies":[{"embeddable":true,"href":"https:\/\/www.europesays.com\/fr\/wp-json\/wp\/v2\/comments?post=191742"}],"version-history":[{"count":0,"href":"https:\/\/www.europesays.com\/fr\/wp-json\/wp\/v2\/posts\/191742\/revisions"}],"wp:featuredmedia":[{"embeddable":true,"href":"https:\/\/www.europesays.com\/fr\/wp-json\/wp\/v2\/media\/191743"}],"wp:attachment":[{"href":"https:\/\/www.europesays.com\/fr\/wp-json\/wp\/v2\/media?parent=191742"}],"wp:term":[{"taxonomy":"category","embeddable":true,"href":"https:\/\/www.europesays.com\/fr\/wp-json\/wp\/v2\/categories?post=191742"},{"taxonomy":"post_tag","embeddable":true,"href":"https:\/\/www.europesays.com\/fr\/wp-json\/wp\/v2\/tags?post=191742"}],"curies":[{"name":"wp","href":"https:\/\/api.w.org\/{rel}","templated":true}]}}