{"id":191744,"date":"2025-06-20T20:01:11","date_gmt":"2025-06-20T20:01:11","guid":{"rendered":"https:\/\/www.europesays.com\/fr\/191744\/"},"modified":"2025-06-20T20:01:11","modified_gmt":"2025-06-20T20:01:11","slug":"la-demande-de-nouvelles-fouilles-dans-le-tarn-rejetee-par-la-justice","status":"publish","type":"post","link":"https:\/\/www.europesays.com\/fr\/191744\/","title":{"rendered":"La demande de nouvelles fouilles dans le Tarn rejet\u00e9e par la justice"},"content":{"rendered":"<p>La pr\u00e9sidente de la cour d\u2019assises du <a href=\"https:\/\/www.20minutes.fr\/toulouse\/tarn\/\" class=\"color-ultramarine c-link\" rel=\"nofollow noopener\" target=\"_blank\">Tarn<\/a> a notifi\u00e9 \u00e0 l\u2019une des avocates qui en avait fait la demande, le rejet de nouvelles fouilles afin de retrouver le corps de <a href=\"https:\/\/www.20minutes.fr\/faits_divers\/affaire-jubillar\/\" class=\"color-ultramarine c-link\" rel=\"nofollow noopener\" target=\"_blank\">Delphine Jubillar<\/a>, rapporte ce jeudi <a href=\"https:\/\/www.leparisien.fr\/faits-divers\/affaire-jubillar-la-justice-rejette-la-demande-de-nouvelles-fouilles-20-06-2025-U6TZDAE5RRDUPCOAD3TMKHVFZA.php?ts=1750434495877\" target=\"_blank\" class=\"color-ultramarine c-link\" rel=\"nofollow noopener\">Le Parisien<\/a>. L\u2019infirmi\u00e8re \u00e2g\u00e9e de 33 ans a disparu dans la nuit du 15 au 16\u00a0d\u00e9cembre 2020. Son compagnon, C\u00e9dric Jubillar, a \u00e9t\u00e9 mis en examen pour le meurtre de sa compagne et incarc\u00e9r\u00e9. Il clame depuis son innocence. Il sera jug\u00e9 par le jury populaire en septembre.<\/p>\n<p>Pauline Rongier, avocate d\u2019une amie de la jeune femme, avait fait cette demande en s\u2019appuyant sur les donn\u00e9es GPS retrouv\u00e9es dans le t\u00e9l\u00e9phone portable du suspect. Le t\u00e9l\u00e9phone aurait born\u00e9 \u00e0 3h21 la nuit de la disparition dans cet espace bois\u00e9 situ\u00e9 \u00e0 26 kilom\u00e8tres de Cagnac-les-Mines, lieu de r\u00e9sidence du couple.<\/p>\n<p>Les enqu\u00eateurs soup\u00e7onnent un bug informatique<\/p>\n<p>Aurait, car les enqu\u00eateurs de la section de recherche de Toulouse sont persuad\u00e9s qu\u2019il s\u2019agit d\u2019un bug informatique. Le t\u00e9l\u00e9phone de C\u00e9dric Jubillar \u00e9tait \u00e9teint cette nuit-l\u00e0 entre 22h08 et 53 secondes et 3h53 et 2 secondes. Et selon les experts en t\u00e9l\u00e9phonie, un t\u00e9l\u00e9phone \u00e9teint ne peut pas borner.<\/p>\n<\/p>\n<p>L\u2019adresse GPS est quasiment identique que celle retrouv\u00e9e la veille, d\u00e9j\u00e0, dans le t\u00e9l\u00e9phone. Mais l\u00e0 encore, le sc\u00e9nario ne semble pas coller\u00a0: \u00e0 l\u2019heure o\u00f9 le t\u00e9l\u00e9phone \u00e9tait cens\u00e9 avoir born\u00e9 ce jour-l\u00e0, C\u00e9dric Jubillar travaillait sur un chantier \u00e0 Albi.<\/p>\n<p><a href=\"https:\/\/www.20minutes.fr\/faits_divers\/affaire-jubillar\/\" class=\"c-link c-btn c-btn--primary\" rel=\"nofollow noopener\" target=\"_blank\">Notre dossier sur l&rsquo;affaire Jubillar<\/a><\/p>\n<p>Cette zone isol\u00e9e et bois\u00e9e a n\u00e9anmoins \u00e9t\u00e9 inspect\u00e9e par les gendarmes en\u00a02021. Des fouilles qui n\u2019ont rien donn\u00e9.<\/p>\n","protected":false},"excerpt":{"rendered":"La pr\u00e9sidente de la cour d\u2019assises du Tarn a notifi\u00e9 \u00e0 l\u2019une des avocates qui en avait fait&hellip;\n","protected":false},"author":2,"featured_media":191745,"comment_status":"","ping_status":"","sticky":false,"template":"","format":"standard","meta":{"footnotes":""},"categories":[4],"tags":[47,11,33044,20851,2715,1011,27,303,2721,12,2680,25,8412],"class_list":{"0":"post-191744","1":"post","2":"type-post","3":"status-publish","4":"format-standard","5":"has-post-thumbnail","7":"category-france","8":"tag-actualite","9":"tag-actualites","10":"tag-affaire-jubillar","11":"tag-cour-dassises","12":"tag-disparition","13":"tag-fr","14":"tag-france","15":"tag-justice","16":"tag-midi-pyrenees","17":"tag-news","18":"tag-occitanie","19":"tag-republique-francaise","20":"tag-tarn"},"share_on_mastodon":{"url":"https:\/\/pubeurope.com\/@fr\/114717477047742637","error":""},"_links":{"self":[{"href":"https:\/\/www.europesays.com\/fr\/wp-json\/wp\/v2\/posts\/191744","targetHints":{"allow":["GET"]}}],"collection":[{"href":"https:\/\/www.europesays.com\/fr\/wp-json\/wp\/v2\/posts"}],"about":[{"href":"https:\/\/www.europesays.com\/fr\/wp-json\/wp\/v2\/types\/post"}],"author":[{"embeddable":true,"href":"https:\/\/www.europesays.com\/fr\/wp-json\/wp\/v2\/users\/2"}],"replies":[{"embeddable":true,"href":"https:\/\/www.europesays.com\/fr\/wp-json\/wp\/v2\/comments?post=191744"}],"version-history":[{"count":0,"href":"https:\/\/www.europesays.com\/fr\/wp-json\/wp\/v2\/posts\/191744\/revisions"}],"wp:featuredmedia":[{"embeddable":true,"href":"https:\/\/www.europesays.com\/fr\/wp-json\/wp\/v2\/media\/191745"}],"wp:attachment":[{"href":"https:\/\/www.europesays.com\/fr\/wp-json\/wp\/v2\/media?parent=191744"}],"wp:term":[{"taxonomy":"category","embeddable":true,"href":"https:\/\/www.europesays.com\/fr\/wp-json\/wp\/v2\/categories?post=191744"},{"taxonomy":"post_tag","embeddable":true,"href":"https:\/\/www.europesays.com\/fr\/wp-json\/wp\/v2\/tags?post=191744"}],"curies":[{"name":"wp","href":"https:\/\/api.w.org\/{rel}","templated":true}]}}