{"id":191751,"date":"2025-06-20T20:05:11","date_gmt":"2025-06-20T20:05:11","guid":{"rendered":"https:\/\/www.europesays.com\/fr\/191751\/"},"modified":"2025-06-20T20:05:11","modified_gmt":"2025-06-20T20:05:11","slug":"place-simone-veil-une-soixantaine-de-militants-associatifs-ont-reclame-un-accueil-digne-des-immigres","status":"publish","type":"post","link":"https:\/\/www.europesays.com\/fr\/191751\/","title":{"rendered":"place Simone Veil, une soixantaine de militants associatifs ont r\u00e9clam\u00e9 un accueil digne des immigr\u00e9s"},"content":{"rendered":"<p>Ils \u00e9taient une soixantaine, vers 17\u00a0h\u00a030, place Simone Veil, ce vendredi 20\u00a0juin 2025. Tous rassembl\u00e9s sous un soleil de plomb pour r\u00e9clamer un accueil digne des immigr\u00e9s. Une manifestation \u00e0 l\u2019appel de quinze associations \u00e0 l\u2019occasion de la Journ\u00e9e mondiale des r\u00e9fugi\u00e9s.<\/p>\n<p>\u00ab\u00a0Nous sommes l\u00e0 pour d\u00e9noncer les droits des \u00e9trangers qui sont bafou\u00e9s par l\u2019\u00c9tat\u00a0\u00bb, a expliqu\u00e9 <a href=\"https:\/\/www.estrepublicain.fr\/edition-de-nancy-ville\/2018\/10\/13\/medecins-du-monde-l-inquietude\" target=\"_blank\" rel=\"noopener\">Nad\u00e8ge Drouot,<\/a> de M\u00e9decins du monde. Dans le viseur de ces militants, entre autres, l\u2019h\u00e9bergement d\u2019urgence sur Nancy.<\/p>\n<p>  Des banderoles accroch\u00e9es aux bancs<\/p>\n<p>Depuis la <a href=\"https:\/\/www.estrepublicain.fr\/faits-divers-justice\/2025\/05\/10\/les-derniers-sans-papiers-forces-de-quitter-la-caserne-faron-les-defenseurs-des-migrants-protestent\" target=\"_blank\" rel=\"noopener\">fermeture de la caserne Faron de Vand\u0153uvre<\/a> , la situation, d\u00e9j\u00e0 difficile, aurait empir\u00e9. \u00ab\u00a0Les \u00e9trangers n\u2019acc\u00e8dent plus \u00e0 l\u2019h\u00e9bergement d\u2019urgence alors que c\u2019est une obligation l\u00e9gale de l\u2019\u00c9tat. Il manque des places, mais c\u2019est un choix politique\u00a0\u00bb, a poursuivi la militante.<\/p>\n<p>Sur le parvis de la gare, les militants avaient accroch\u00e9 des banderoles color\u00e9es aux bancs en m\u00e9tal. \u00ab\u00a0Les droits humains n\u2019ont pas de fronti\u00e8re\u00a0\u00bb, \u00ab\u00a0Les migrants ne sont pas des barbares\u00a0\u00bb, \u00ab\u00a0R\u00e9gularisation des sans-papiers\u00a0\u00bb, pouvait-on lire sur ces bouts de tissu blanc.<\/p>\n<p>  Tri des \u00e9trangers<\/p>\n<p>Vers 17\u00a0h\u00a050, l\u2019\u00e9crivain <a href=\"https:\/\/www.estrepublicain.fr\/p\/nicolas-mathieu\" target=\"_blank\" rel=\"noopener\">Nicolas Mathieu<\/a> sortait de la gare quand les prises de paroles ont commenc\u00e9. Plusieurs repr\u00e9sentants associatifs se sont succ\u00e9d\u00e9 au micro pour d\u00e9noncer \u00ab\u00a0l\u2019avalanche d\u2019 <a href=\"https:\/\/www.estrepublicain.fr\/videos\/l-oqtf-une-mesure-administrative-meconnue-xkz0xkf\" target=\"_blank\" rel=\"noopener\">OQTF<\/a> \u00a0\u00bb, \u00ab\u00a0la pression mise sur les op\u00e9rateurs du <a href=\"https:\/\/www.estrepublicain.fr\/sante\/2020\/12\/15\/le-115-un-numero-pour-signaler-les-personnes-en-difficulte\" target=\"_blank\" rel=\"noopener\">115<\/a> pour trier les \u00e9trangers\u00a0\u00bb, le \u00ab\u00a0recours croissant \u00e0 la surveillance num\u00e9rique\u00a0\u00bb ou encore r\u00e9clamer plus de places dans les centres d\u2019h\u00e9bergement. \u00ab\u00a0Que le droit soit respect\u00e9\u00a0\u00bb, a souffl\u00e9 un militant.<\/p>\n<p>La soir\u00e9e devait se poursuivre avec la diffusion d\u2019un film \u00e0 19\u00a0h\u00a045 au <a href=\"https:\/\/www.estrepublicain.fr\/pour-sortir\/Cinema\/Projections\/Lorraine\/Meurthe-et-moselle\/Nancy\/Ce-week-end?poiKey=582242ac-f0fd-4df8-a61b-f6bacf8955e3\" target=\"_blank\" rel=\"noopener\">Cam\u00e9o Commanderie<\/a> \u00a0: Save our souls , un documentaire de Jean-Baptiste Bonnet sur <a href=\"https:\/\/www.estrepublicain.fr\/societe\/2022\/12\/27\/ocean-viking-plus-d-une-centaine-de-migrants-secourus-en-mediterranee\" target=\"_blank\" rel=\"noopener\">l\u2018Ocean Viking<\/a> , ce bateau qui parcourt la M\u00e9diterran\u00e9e \u00e0 la recherche d\u2019embarcations de migrants en d\u00e9tresse.<\/p>\n","protected":false},"excerpt":{"rendered":"Ils \u00e9taient une soixantaine, vers 17\u00a0h\u00a030, place Simone Veil, ce vendredi 20\u00a0juin 2025. Tous rassembl\u00e9s sous un soleil&hellip;\n","protected":false},"author":2,"featured_media":191752,"comment_status":"","ping_status":"","sticky":false,"template":"","format":"standard","meta":{"footnotes":""},"categories":[9635],"tags":[1111,11,1704,1777,674,1011,27,775,1908,1702,1703,12,25,801,104],"class_list":{"0":"post-191751","1":"post","2":"type-post","3":"status-publish","4":"format-standard","5":"has-post-thumbnail","7":"category-nancy","8":"tag-actu","9":"tag-actualites","10":"tag-edition-nancy-et-agglomeration","11":"tag-eu","12":"tag-europe","13":"tag-fr","14":"tag-france","15":"tag-grand-est","16":"tag-logement","17":"tag-nancy","18":"tag-nancy-ville-54b","19":"tag-news","20":"tag-republique-francaise","21":"tag-social","22":"tag-societe"},"share_on_mastodon":{"url":"https:\/\/pubeurope.com\/@fr\/114717492702735090","error":""},"_links":{"self":[{"href":"https:\/\/www.europesays.com\/fr\/wp-json\/wp\/v2\/posts\/191751","targetHints":{"allow":["GET"]}}],"collection":[{"href":"https:\/\/www.europesays.com\/fr\/wp-json\/wp\/v2\/posts"}],"about":[{"href":"https:\/\/www.europesays.com\/fr\/wp-json\/wp\/v2\/types\/post"}],"author":[{"embeddable":true,"href":"https:\/\/www.europesays.com\/fr\/wp-json\/wp\/v2\/users\/2"}],"replies":[{"embeddable":true,"href":"https:\/\/www.europesays.com\/fr\/wp-json\/wp\/v2\/comments?post=191751"}],"version-history":[{"count":0,"href":"https:\/\/www.europesays.com\/fr\/wp-json\/wp\/v2\/posts\/191751\/revisions"}],"wp:featuredmedia":[{"embeddable":true,"href":"https:\/\/www.europesays.com\/fr\/wp-json\/wp\/v2\/media\/191752"}],"wp:attachment":[{"href":"https:\/\/www.europesays.com\/fr\/wp-json\/wp\/v2\/media?parent=191751"}],"wp:term":[{"taxonomy":"category","embeddable":true,"href":"https:\/\/www.europesays.com\/fr\/wp-json\/wp\/v2\/categories?post=191751"},{"taxonomy":"post_tag","embeddable":true,"href":"https:\/\/www.europesays.com\/fr\/wp-json\/wp\/v2\/tags?post=191751"}],"curies":[{"name":"wp","href":"https:\/\/api.w.org\/{rel}","templated":true}]}}