{"id":191753,"date":"2025-06-20T20:06:18","date_gmt":"2025-06-20T20:06:18","guid":{"rendered":"https:\/\/www.europesays.com\/fr\/191753\/"},"modified":"2025-06-20T20:06:18","modified_gmt":"2025-06-20T20:06:18","slug":"athletisme-a-nancy-pour-les-titres-a-troyes-pour-les-chronos","status":"publish","type":"post","link":"https:\/\/www.europesays.com\/fr\/191753\/","title":{"rendered":"Athl\u00e9tisme. A Nancy pour les titres, \u00e0 Troyes pour les chronos"},"content":{"rendered":"<p>Aux c\u00f4t\u00e9s de certains des t\u00e9nors nationaux, plusieurs Alsaciens font le d\u00e9placement ce dimanche \u00e0 Troyes, dans l\u2019espoir d\u2019am\u00e9liorer leurs performances au contact des meilleurs.<\/p>\n<p>Les championnats d\u2019Europe espoir dans un coin de la t\u00eate, Jade Buridon (S2A\/ASPTTS) retentera sa chance sur 1\u00a0500\u00a0m. Par rapport \u00e0 son r\u00e9cent record (4\u201915\u201d93), il lui faut gagner plus deux secondes et demie pour esp\u00e9rer \u00eatre du voyage en Norv\u00e8ge du 17 au 20\u00a0juillet.<\/p>\n<p>Sa co\u00e9quipi\u00e8re, la cadette Ana\u00efse Meier, leader&#8230;<\/p>\n","protected":false},"excerpt":{"rendered":"Aux c\u00f4t\u00e9s de certains des t\u00e9nors nationaux, plusieurs Alsaciens font le d\u00e9placement ce dimanche \u00e0 Troyes, dans l\u2019espoir&hellip;\n","protected":false},"author":2,"featured_media":191754,"comment_status":"","ping_status":"","sticky":false,"template":"","format":"standard","meta":{"footnotes":""},"categories":[9635],"tags":[1111,11,4132,1777,674,1011,27,775,1702,12,25,517],"class_list":{"0":"post-191753","1":"post","2":"type-post","3":"status-publish","4":"format-standard","5":"has-post-thumbnail","7":"category-nancy","8":"tag-actu","9":"tag-actualites","10":"tag-athletisme","11":"tag-eu","12":"tag-europe","13":"tag-fr","14":"tag-france","15":"tag-grand-est","16":"tag-nancy","17":"tag-news","18":"tag-republique-francaise","19":"tag-sport"},"share_on_mastodon":{"url":"https:\/\/pubeurope.com\/@fr\/114717496636937524","error":""},"_links":{"self":[{"href":"https:\/\/www.europesays.com\/fr\/wp-json\/wp\/v2\/posts\/191753","targetHints":{"allow":["GET"]}}],"collection":[{"href":"https:\/\/www.europesays.com\/fr\/wp-json\/wp\/v2\/posts"}],"about":[{"href":"https:\/\/www.europesays.com\/fr\/wp-json\/wp\/v2\/types\/post"}],"author":[{"embeddable":true,"href":"https:\/\/www.europesays.com\/fr\/wp-json\/wp\/v2\/users\/2"}],"replies":[{"embeddable":true,"href":"https:\/\/www.europesays.com\/fr\/wp-json\/wp\/v2\/comments?post=191753"}],"version-history":[{"count":0,"href":"https:\/\/www.europesays.com\/fr\/wp-json\/wp\/v2\/posts\/191753\/revisions"}],"wp:featuredmedia":[{"embeddable":true,"href":"https:\/\/www.europesays.com\/fr\/wp-json\/wp\/v2\/media\/191754"}],"wp:attachment":[{"href":"https:\/\/www.europesays.com\/fr\/wp-json\/wp\/v2\/media?parent=191753"}],"wp:term":[{"taxonomy":"category","embeddable":true,"href":"https:\/\/www.europesays.com\/fr\/wp-json\/wp\/v2\/categories?post=191753"},{"taxonomy":"post_tag","embeddable":true,"href":"https:\/\/www.europesays.com\/fr\/wp-json\/wp\/v2\/tags?post=191753"}],"curies":[{"name":"wp","href":"https:\/\/api.w.org\/{rel}","templated":true}]}}