{"id":191755,"date":"2025-06-20T20:07:09","date_gmt":"2025-06-20T20:07:09","guid":{"rendered":"https:\/\/www.europesays.com\/fr\/191755\/"},"modified":"2025-06-20T20:07:09","modified_gmt":"2025-06-20T20:07:09","slug":"8-millions-deuros-pour-renover-cette-place-emblematique-de-toulon","status":"publish","type":"post","link":"https:\/\/www.europesays.com\/fr\/191755\/","title":{"rendered":"8 millions d\u2019euros pour r\u00e9nover cette place embl\u00e9matique de Toulon"},"content":{"rendered":"<p>Quel avenir pour la place d\u2019Armes? Cette question pr\u00e9occupe autant les riverains que l\u2019ensemble des Toulonnais.<\/p>\n<p>Situ\u00e9e \u00e0 l\u2019entr\u00e9e ouest de la ville, cette place embl\u00e9matique attend depuis plusieurs ann\u00e9es une profonde r\u00e9novation. Bonne nouvelle: le projet se concr\u00e9tise enfin. Les membres du CIL Place d\u2019Armes et Libert\u00e9 en ont r\u00e9cemment \u00e9t\u00e9 inform\u00e9s, \u00e0 l\u2019occasion de leur assembl\u00e9e g\u00e9n\u00e9rale.<\/p>\n<p>\u00ab\u00a0C\u2019est un projet ambitieux qui r\u00e9pond \u00e0 plusieurs objectifs\u00a0\u00bb, a insist\u00e9 Mohamed Mahali, adjoint au maire charg\u00e9 notamment de l\u2019urbanisme (1). Embellir le quartier, renforcer la qualit\u00e9 de vie, renaturer l\u2019espace valoriser la Corderie et le patrimoine local: autant d\u2019enjeux au c\u0153ur de cette transformation.<\/p>\n<p>Des nouveaut\u00e9s sans mettre fin aux \u00e9v\u00e9nements majeurs<\/p>\n<p>Ce sont 18.000m\u00b2 qui seront totalement repens\u00e9s. Parmi les nouveaut\u00e9s annonc\u00e9es: un kiosque accueillant un commerce, une fontaine s\u00e8che, des aires de jeux pour enfants, ainsi que du mobilier urbain. Autant d\u2019am\u00e9nagements qui marquent un tournant pour ce site central. \u00a0\u00bb Tous les habitants sont appel\u00e9s \u00e0 participer \u00e0 l\u2019\u00e9laboration du projet, et faire conna\u00eetre leurs souhaits concernant l\u2019avenir de cette place et de l\u2019esplanade\u00a0\u00bb. Afin de r\u00e9pondre au mieux aux besoins des Toulonnais du secteur, une grande concertation sera men\u00e9e.<\/p>\n<p>Si des modifications importantes doivent \u00eatre op\u00e9r\u00e9es, que les amateurs des grands rendez-vous festifs se rassurent: la place d\u2019Armes continuera d\u2019accueillir les \u00e9v\u00e9nements phares comme la F\u00eate du livre, Bacchus, les vide-greniers ou encore le village de No\u00ebl. \u00ab\u00a0La r\u00e9novation ne compromettra en rien leur tenue \u00ab\u00a0, assure la majorit\u00e9 municipale.<\/p>\n<p>C\u00f4t\u00e9 budget, 8 millions d\u2019euros seront investis, financ\u00e9s conjointement par la M\u00e9tropole et la Ville. Niveau calendrier, les travaux \u00ab\u00a0devraient d\u00e9buter en 2027 et s\u2019\u00e9taleront sur une dur\u00e9e de 18 mois \u00e0 deux ans\u00a0\u00bb.<\/p>\n<p>1. L\u2019adjoint est aussi en charge du logement, de l\u2019am\u00e9nagement durable, l\u2019\u00e9cologie urbaine, la mer et les plages et l\u2019animal dans la ville.<\/p>\n","protected":false},"excerpt":{"rendered":"Quel avenir pour la place d\u2019Armes? Cette question pr\u00e9occupe autant les riverains que l\u2019ensemble des Toulonnais. Situ\u00e9e \u00e0&hellip;\n","protected":false},"author":2,"featured_media":191756,"comment_status":"","ping_status":"","sticky":false,"template":"","format":"standard","meta":{"footnotes":""},"categories":[9619],"tags":[1111,11,1777,674,1011,27,12,882,25,2310,1352],"class_list":{"0":"post-191755","1":"post","2":"type-post","3":"status-publish","4":"format-standard","5":"has-post-thumbnail","7":"category-toulon","8":"tag-actu","9":"tag-actualites","10":"tag-eu","11":"tag-europe","12":"tag-fr","13":"tag-france","14":"tag-news","15":"tag-provence-alpes-cote-dazur","16":"tag-republique-francaise","17":"tag-toulon","18":"tag-urbanisme"},"share_on_mastodon":{"url":"https:\/\/pubeurope.com\/@fr\/114717500637281961","error":""},"_links":{"self":[{"href":"https:\/\/www.europesays.com\/fr\/wp-json\/wp\/v2\/posts\/191755","targetHints":{"allow":["GET"]}}],"collection":[{"href":"https:\/\/www.europesays.com\/fr\/wp-json\/wp\/v2\/posts"}],"about":[{"href":"https:\/\/www.europesays.com\/fr\/wp-json\/wp\/v2\/types\/post"}],"author":[{"embeddable":true,"href":"https:\/\/www.europesays.com\/fr\/wp-json\/wp\/v2\/users\/2"}],"replies":[{"embeddable":true,"href":"https:\/\/www.europesays.com\/fr\/wp-json\/wp\/v2\/comments?post=191755"}],"version-history":[{"count":0,"href":"https:\/\/www.europesays.com\/fr\/wp-json\/wp\/v2\/posts\/191755\/revisions"}],"wp:featuredmedia":[{"embeddable":true,"href":"https:\/\/www.europesays.com\/fr\/wp-json\/wp\/v2\/media\/191756"}],"wp:attachment":[{"href":"https:\/\/www.europesays.com\/fr\/wp-json\/wp\/v2\/media?parent=191755"}],"wp:term":[{"taxonomy":"category","embeddable":true,"href":"https:\/\/www.europesays.com\/fr\/wp-json\/wp\/v2\/categories?post=191755"},{"taxonomy":"post_tag","embeddable":true,"href":"https:\/\/www.europesays.com\/fr\/wp-json\/wp\/v2\/tags?post=191755"}],"curies":[{"name":"wp","href":"https:\/\/api.w.org\/{rel}","templated":true}]}}