{"id":191757,"date":"2025-06-20T20:08:14","date_gmt":"2025-06-20T20:08:14","guid":{"rendered":"https:\/\/www.europesays.com\/fr\/191757\/"},"modified":"2025-06-20T20:08:14","modified_gmt":"2025-06-20T20:08:14","slug":"cette-ecole-de-toulon-vieille-de-deux-siecles-renovee-dans-lesprit-ancien","status":"publish","type":"post","link":"https:\/\/www.europesays.com\/fr\/191757\/","title":{"rendered":"Cette \u00e9cole de Toulon vieille de deux si\u00e8cles r\u00e9nov\u00e9e dans \u00ab\u00a0l\u2019esprit ancien\u00a0\u00bb"},"content":{"rendered":"<p>\u00ab\u00a0On n\u2019a conserv\u00e9 que les murs et la charpente historiques. Sinon, on refait tout!\u00a0\u00bb Le chef de chantier, Fr\u00e9d\u00e9ric Boirin, et le directeur Eric Boyet, ont fait visiter \u00e0 la maire, Jos\u00e9e Massi, et son adjoint aux b\u00e2timents, Erick Mascaro, l\u2019\u00e9norme chantier de l\u2019\u00e9cole \u00e9l\u00e9mentaire St-Roch.<\/p>\n<p>Les travaux ont commenc\u00e9 en octobre dernier et pr\u00e8s de 9 millions d\u2019euros ont \u00e9t\u00e9 investis dans cette r\u00e9novation. Car il s\u2019agit d\u2019une des plus vieilles \u00e9coles de Toulon. Elle date de 1814.<\/p>\n<p>L\u2019op\u00e9ration se d\u00e9roule en deux parties: une premi\u00e8re qui porte sur l\u2019\u00e9cole basse dont le r\u00e9am\u00e9nagement s\u2019ach\u00e8vera en fin d\u2019ann\u00e9e. L\u2019autre concerne la r\u00e9habilitation de l\u2019\u00e9cole haute qui durera jusqu\u2019\u00e0 avril 2027. \u00ab\u00a0En attendant, quatre classes d\u2019\u00e9l\u00e8ves sont h\u00e9berg\u00e9es \u00e0 l\u2019\u00e9cole Andr\u00e9-Filippi\u00a0\u00bb, a pr\u00e9cis\u00e9 Jos\u00e9e Massi. \u00ab\u00a0Du co-enseignement est pratiqu\u00e9 pour les 9 autres classes qui ont \u00e9t\u00e9 relog\u00e9es dans l\u2019\u00e9cole haute\u00a0\u00bb, a ajout\u00e9 l\u2019adjoint Erick Mascaro.<\/p>\n<p>Cour v\u00e9g\u00e9talis\u00e9e<\/p>\n<p>\u00ab\u00a0\u00c0 la toute fin avril 2027, l\u2019\u00e9cole sera enti\u00e8rement pr\u00eate et r\u00e9nov\u00e9e\u00a0\u00bb, ont annonc\u00e9 les \u00e9quipes techniques. Chaque jour, une dizaine d\u2019ouvriers travaille sur le chantier et 16 entreprises locales participent aux travaux.<\/p>\n<p>\u00ab\u00a0Mais toute la ma\u00eetrise d\u2019\u0153uvre a \u00e9t\u00e9 pens\u00e9e et r\u00e9alis\u00e9e en interne\u00a0\u00bb, a pr\u00e9cis\u00e9 la maire. C\u2019est donc une \u00e9cole refaite \u00e0 neuf, mais tout en pr\u00e9servant son esprit ancien qui attend les enfants du quartier. En effet, ses \u00ab\u00a0marqueurs historiques\u00a0\u00bb sont conserv\u00e9s.<\/p>\n<p>La cour de l\u2019\u00e9cole va \u00e9galement \u00eatre enti\u00e8rement v\u00e9g\u00e9talis\u00e9e, comme c\u2019est le cas dans bon nombre d\u2019\u00e9tablissements toulonnais. Et un ascenseur va \u00eatre cr\u00e9\u00e9 pour faciliter les d\u00e9placements dans cet ensemble imposant. Enfin, les sols et les peintures vont \u00eatre refaits. Les menuiseries seront remplac\u00e9es par d\u2019autres en aluminium et les fen\u00eatres seront \u00e9quip\u00e9es de brise-soleil. Dehors, un parking pour v\u00e9los sera cr\u00e9\u00e9.<\/p>\n<p>Pr\u00e9sente hier, la directrice de l\u2019\u00e9cole, Patricia Barrachi, a annonc\u00e9 qu\u2019une visite pour les parents d\u2019\u00e9l\u00e8ves serait propos\u00e9e \u00e0 la rentr\u00e9e. D\u2019ici l\u00e0, les ouvriers vont travailler tout l\u2019\u00e9t\u00e9. Profitant de l\u2019absence des enfants pendant les vacances scolaires pour avancer le chantier.<\/p>\n","protected":false},"excerpt":{"rendered":"\u00ab\u00a0On n\u2019a conserv\u00e9 que les murs et la charpente historiques. Sinon, on refait tout!\u00a0\u00bb Le chef de chantier,&hellip;\n","protected":false},"author":2,"featured_media":191758,"comment_status":"","ping_status":"","sticky":false,"template":"","format":"standard","meta":{"footnotes":""},"categories":[9619],"tags":[1111,11,1777,674,1011,27,12,882,25,2310,3366],"class_list":{"0":"post-191757","1":"post","2":"type-post","3":"status-publish","4":"format-standard","5":"has-post-thumbnail","7":"category-toulon","8":"tag-actu","9":"tag-actualites","10":"tag-eu","11":"tag-europe","12":"tag-fr","13":"tag-france","14":"tag-news","15":"tag-provence-alpes-cote-dazur","16":"tag-republique-francaise","17":"tag-toulon","18":"tag-vie-locale"},"share_on_mastodon":{"url":"https:\/\/pubeurope.com\/@fr\/114717504518077187","error":""},"_links":{"self":[{"href":"https:\/\/www.europesays.com\/fr\/wp-json\/wp\/v2\/posts\/191757","targetHints":{"allow":["GET"]}}],"collection":[{"href":"https:\/\/www.europesays.com\/fr\/wp-json\/wp\/v2\/posts"}],"about":[{"href":"https:\/\/www.europesays.com\/fr\/wp-json\/wp\/v2\/types\/post"}],"author":[{"embeddable":true,"href":"https:\/\/www.europesays.com\/fr\/wp-json\/wp\/v2\/users\/2"}],"replies":[{"embeddable":true,"href":"https:\/\/www.europesays.com\/fr\/wp-json\/wp\/v2\/comments?post=191757"}],"version-history":[{"count":0,"href":"https:\/\/www.europesays.com\/fr\/wp-json\/wp\/v2\/posts\/191757\/revisions"}],"wp:featuredmedia":[{"embeddable":true,"href":"https:\/\/www.europesays.com\/fr\/wp-json\/wp\/v2\/media\/191758"}],"wp:attachment":[{"href":"https:\/\/www.europesays.com\/fr\/wp-json\/wp\/v2\/media?parent=191757"}],"wp:term":[{"taxonomy":"category","embeddable":true,"href":"https:\/\/www.europesays.com\/fr\/wp-json\/wp\/v2\/categories?post=191757"},{"taxonomy":"post_tag","embeddable":true,"href":"https:\/\/www.europesays.com\/fr\/wp-json\/wp\/v2\/tags?post=191757"}],"curies":[{"name":"wp","href":"https:\/\/api.w.org\/{rel}","templated":true}]}}