{"id":191761,"date":"2025-06-20T20:10:12","date_gmt":"2025-06-20T20:10:12","guid":{"rendered":"https:\/\/www.europesays.com\/fr\/191761\/"},"modified":"2025-06-20T20:10:12","modified_gmt":"2025-06-20T20:10:12","slug":"pres-de-montpellier-lunel-devoile-le-bilan-du-projet-metamorphose-avec-un-week-end-virtuose","status":"publish","type":"post","link":"https:\/\/www.europesays.com\/fr\/191761\/","title":{"rendered":"Pr\u00e8s de Montpellier. Lunel d\u00e9voile le bilan du projet M\u00e9tamorph&rsquo;Ose avec un week-end Virtu&rsquo;Ose"},"content":{"rendered":"<p>            Par<br \/>\n        <strong><br \/>\n            <a href=\"https:\/\/actu.fr\/auteur\/j-phan\" title=\"Consulter tous les articles de Jordan Phan\" target=\"_blank\" rel=\"noopener\">Jordan Phan<\/a><br \/>\n        <\/strong><\/p>\n<p>        Publi\u00e9 le<\/p>\n<p>            20 juin 2025 \u00e0 21h11        <\/p>\n<p>Les <strong>Lunellois<\/strong> l\u2019attendaient, le voil\u00e0. Le <strong>week-end inaugural Virtu\u2019Ose<\/strong> promet des <strong>animations<\/strong> et de la <strong>musique<\/strong> dans une atmosph\u00e8re conviviale pour c\u00e9l\u00e9brer cette nouvelle page qui se tourne, ce nouveau Lunel. <strong>Trois ann\u00e9es<\/strong> de transformation du centre historique pour <strong>trois jours<\/strong> de f\u00eate et de partage.<\/p>\n<p>    <a href=\"https:\/\/www.google.com\/maps\/embed?pb=!1m18!1m12!1m3!1d2885.6880814449505!2d4.131114876366254!3d43.67545657110101!2m3!1f0!2f0!3f0!3m2!1i1024!2i768!4f13.1!3m3!1m2!1s0x12b69e8ba93fb57b%3A0x5d0daf7a319641f5!2sPl.%20Martyrs%20de%20la%20R%C3%A9sistance%2C%2034400%20Lunel!5e0!3m2!1sfr!2sfr!4v1750430834627!5m2!1sfr!2sfr\" title=\"Ouvrie le lien\" target=\"_blank\" rel=\"noopener\">Cliquez ici pour visualiser le contenu<\/a><\/p>\n<p>La cit\u00e9 pescalune m\u00e9tamorphos\u00e9e<\/p>\n<p class=\" wall-content\"><strong>53 millions d\u2019euros<\/strong>. C\u2019est le <strong>budget<\/strong> pr\u00e9vu pour le projet jusqu\u2019\u00e0 <strong>2030<\/strong>. Et c\u2019est un peu <strong>moins de la moiti\u00e9<\/strong> qui a \u00e9t\u00e9 <strong>mobilis\u00e9e depuis 2020<\/strong>. <strong>Pierre Soujol<\/strong>, maire de Lunel et pr\u00e9sident de Lunel Agglo, qualifiait l\u2019objectif Lunel Ose de \u00ab\u00a0nouvel \u00e9tat d\u2019esprit de reconqu\u00eate\u00a0\u00bb en janvier 2021, apr\u00e8s avoir d\u00e9clar\u00e9 que \u00ab\u00a0c\u2019est plus qu\u2019un projet\u00a0\u00bb. Cinq ann\u00e9es apr\u00e8s, la ville s\u2019est bien transform\u00e9e : <strong>un c\u0153ur de ville pi\u00e9tonnis\u00e9, des fa\u00e7ades r\u00e9nov\u00e9es, des logements r\u00e9habilit\u00e9s, des art\u00e8res s\u00e9curis\u00e9es<\/strong>\u2026<\/p>\n<p class=\" wall-content\">Pour le reste et jusqu\u2019en 2030, l\u2019\u00e9quipe municipale a \u00e9tabli une feuille de route pour agir sur <strong>l\u2019habitat<\/strong> prioritairement, en passant par l\u2019espace public et le dynamisme \u00e9conomique. \u00ab\u00a0L\u2019habitat de qualit\u00e9 est le socle de la r\u00e9ussite de notre projet\u00a0\u00bb, souligne <strong>V\u00e9ronique Michel<\/strong>, \u00e9lue d\u00e9l\u00e9gu\u00e9e \u00e0 la Strat\u00e9gie urbaine, qui a fait de l\u2019habitat sa mission principale.<\/p>\n<p>Un week-end os\u00e9<\/p>\n<p class=\" wall-content\"><strong>Virtu\u2019Ose<\/strong> s\u2019est ouvert ce <strong>vendredi 20 juin<\/strong>\u00a02025 \u00e0 19h30 avec le <strong>discours inaugural<\/strong> de lancement des festivit\u00e9s sur la <strong>Place des Martyrs de la r\u00e9sistance<\/strong>, suivi d\u2019un <strong>concert des 40 ans<\/strong> de l\u2019\u00e9cole de musique de Lunel toute la soir\u00e9e. Le lendemain, la f\u00eate de la musique prendra place au centre de la ville avec des <strong>r\u00e9citals<\/strong> de l\u2019\u00e9cole de musique, une fanfare et une sieste musicale avec Martine Biard. Et pour cl\u00f4turer l\u2019\u00e9v\u00e9nement dimanche 22 juin, le <strong>nouveau march\u00e9<\/strong> arrive en centre-ville \u00e0 partir de 8h avec des <strong>animations musicales<\/strong> et des <strong>cadeaux \u00e0 gagner<\/strong>.\u00a0<\/p>\n<p>Vid\u00e9os : en ce moment sur Actu&gt; Retrouvez le programme complet du week-end inaugural Virtu\u2019Ose ici\u00a0<a href=\"https:\/\/www.lunel.com\/2025\/05\/23\/week-end-virtuose-le-programme-complet\/\" target=\"_blank\" rel=\"noopener\">lien<\/a><\/p>\n<p class=\" wall-content\">Suivez toute l\u2019actualit\u00e9 de vos villes et m\u00e9dias favoris en vous inscrivant \u00e0 <a href=\"https:\/\/moncompte.actu.fr\" title=\"D\u00e9couvez Mon Actu\" rel=\"nofollow noopener\" data-trk=\"{&quot;cta&quot;:{&quot;action&quot;:&quot;https:\\\/\\\/moncompte.actu.fr&quot;,&quot;category&quot;:&quot;mon compte&quot;,&quot;from&quot;:&quot;article footer&quot;,&quot;name&quot;:&quot;Mon actu&quot;,&quot;type&quot;:&quot;cta&quot;}}\" target=\"_blank\">Mon Actu<\/a>.<\/p>\n","protected":false},"excerpt":{"rendered":"Par Jordan Phan Publi\u00e9 le 20 juin 2025 \u00e0 21h11 Les Lunellois l\u2019attendaient, le voil\u00e0. Le week-end inaugural&hellip;\n","protected":false},"author":2,"featured_media":191762,"comment_status":"","ping_status":"","sticky":false,"template":"","format":"standard","meta":{"footnotes":""},"categories":[9599],"tags":[1111,11,1697,1777,674,25885,1011,27,1652,2208,12,2680,25],"class_list":{"0":"post-191761","1":"post","2":"type-post","3":"status-publish","4":"format-standard","5":"has-post-thumbnail","7":"category-montpellier","8":"tag-actu","9":"tag-actualites","10":"tag-concert","11":"tag-eu","12":"tag-europe","13":"tag-fete-de-la-musique","14":"tag-fr","15":"tag-france","16":"tag-loisirs-culture","17":"tag-montpellier","18":"tag-news","19":"tag-occitanie","20":"tag-republique-francaise"},"share_on_mastodon":{"url":"https:\/\/pubeurope.com\/@fr\/114717512417846284","error":""},"_links":{"self":[{"href":"https:\/\/www.europesays.com\/fr\/wp-json\/wp\/v2\/posts\/191761","targetHints":{"allow":["GET"]}}],"collection":[{"href":"https:\/\/www.europesays.com\/fr\/wp-json\/wp\/v2\/posts"}],"about":[{"href":"https:\/\/www.europesays.com\/fr\/wp-json\/wp\/v2\/types\/post"}],"author":[{"embeddable":true,"href":"https:\/\/www.europesays.com\/fr\/wp-json\/wp\/v2\/users\/2"}],"replies":[{"embeddable":true,"href":"https:\/\/www.europesays.com\/fr\/wp-json\/wp\/v2\/comments?post=191761"}],"version-history":[{"count":0,"href":"https:\/\/www.europesays.com\/fr\/wp-json\/wp\/v2\/posts\/191761\/revisions"}],"wp:featuredmedia":[{"embeddable":true,"href":"https:\/\/www.europesays.com\/fr\/wp-json\/wp\/v2\/media\/191762"}],"wp:attachment":[{"href":"https:\/\/www.europesays.com\/fr\/wp-json\/wp\/v2\/media?parent=191761"}],"wp:term":[{"taxonomy":"category","embeddable":true,"href":"https:\/\/www.europesays.com\/fr\/wp-json\/wp\/v2\/categories?post=191761"},{"taxonomy":"post_tag","embeddable":true,"href":"https:\/\/www.europesays.com\/fr\/wp-json\/wp\/v2\/tags?post=191761"}],"curies":[{"name":"wp","href":"https:\/\/api.w.org\/{rel}","templated":true}]}}