{"id":191765,"date":"2025-06-20T20:12:11","date_gmt":"2025-06-20T20:12:11","guid":{"rendered":"https:\/\/www.europesays.com\/fr\/191765\/"},"modified":"2025-06-20T20:12:11","modified_gmt":"2025-06-20T20:12:11","slug":"les-avocats-du-barreau-de-rouen-solidaires-avec-sonia-dahmani","status":"publish","type":"post","link":"https:\/\/www.europesays.com\/fr\/191765\/","title":{"rendered":"Les avocats du Barreau de Rouen solidaires avec Sonia Dahmani"},"content":{"rendered":"<p><strong>Les avocats du Barreau de Rouen se sont mobilis\u00e9s ce vendredi 20 juin 2025 devant le Palais de Justice de Rouen afin d\u2019exprimer leur solidarit\u00e9 avec leur cons\u0153ur tunisienne Sonia Dahmani.<\/strong><\/p>\n<p>L\u2019Ordre des avocats de Rouen, estime que la d\u00e9tention de Sonia Dahmani est injuste et injustifi\u00e9e : \u00ab Cette arrestation brutale reste \u00e0 tout jamais l\u2019illustration de la r\u00e9pression sans pr\u00e9c\u00e9dent des autorit\u00e9s politiques tunisiennes contre la profession d\u2019avocat et, plus g\u00e9n\u00e9ralement, contre la libert\u00e9 d\u2019expression et d\u2019opinion en Tunisie \u00bb, a comment\u00e9 l\u2019Ordre en rappelant les circonstances de l\u2019interpellation de Sonia Dahmani.<\/p>\n<p><img loading=\"lazy\" decoding=\"async\" width=\"1024\" height=\"768\" data-id=\"16818127\" src=\"https:\/\/www.europesays.com\/fr\/wp-content\/uploads\/2025\/06\/Dahmani-Rouen-1024x768.jpg\" alt=\"\" class=\"wp-image-16818127\"  \/><br \/>\n<img loading=\"lazy\" decoding=\"async\" width=\"1024\" height=\"768\" data-id=\"16818126\" src=\"https:\/\/www.europesays.com\/fr\/wp-content\/uploads\/2025\/06\/avocats-Rouen-1024x768.jpg\" alt=\"\" class=\"wp-image-16818126\"  \/><\/p>\n<p>Contre cet oubli, le Barreau de Rouen, qui a fait l\u2019ann\u00e9e derni\u00e8re de Me Dahmani l\u2019un de ses membres d\u2019honneur, se mobilise et ne cessera de se mobiliser jusqu\u2019\u00e0 ce notre cons\u0153ur retrouve la libert\u00e9 et la pl\u00e9nitude de ses droits. L\u2019avocat fran\u00e7ais jure le jour de sa prestation de serment d\u2019exercer ses fonctions avec dignit\u00e9, conscience, ind\u00e9pendance, probit\u00e9 et humanit\u00e9, lit-on dans le communiqu\u00e9 publi\u00e9 par l\u2019Ordre de Rouen.<\/p>\n<p>\u00ab Permettez-moi ici d\u2019avoir tout particuli\u00e8rement une pens\u00e9e pour Me Nasrin SOTOUDEH, avocate iranienne actuellement en d\u00e9tention qui est \u00e9galement membre d\u2019honneur de notre Barreau et pour le B\u00e2tonnier Kilani qui a d\u00fb quitter pr\u00e9cipitamment Tunis pour \u00e9chapper au sort r\u00e9serv\u00e9 \u00e0 Me Dahmabni (B\u00e2tonnier Kilani que nous avons eu l\u2019honneur de recevoir l\u2019ann\u00e9e derni\u00e8re lors de notre Universit\u00e9 d\u2019\u00c9t\u00e9) \u00bb, a indiqu\u00e9 le b\u00e2tonnier Franck Langlois.<\/p>\n<p>Et d\u2019ajouter : \u00ab Ramla Dahmani, je salue votre courage et je tiens ici, publiquement, \u00e0 vous dire que vous n\u2019\u00eates pas seule, que votre s\u0153ur n\u2019est pas seule. Faites-lui passer le message que les avocats rouennais sont derri\u00e8re elle, que les magistrats rouennais et leur PP sont derri\u00e8re elle et qu\u2019ils le resteront jusqu\u2019au jour o\u00f9 elle pourra r\u00e9int\u00e9grer notre famille \u00bb.<\/p>\n","protected":false},"excerpt":{"rendered":"Les avocats du Barreau de Rouen se sont mobilis\u00e9s ce vendredi 20 juin 2025 devant le Palais de&hellip;\n","protected":false},"author":2,"featured_media":191766,"comment_status":"","ping_status":"","sticky":false,"template":"","format":"standard","meta":{"footnotes":""},"categories":[9587],"tags":[1111,11,16658,33047,1777,674,1011,27,12,5161,5020,25,9590,33048,2028],"class_list":{"0":"post-191765","1":"post","2":"type-post","3":"status-publish","4":"format-standard","5":"has-post-thumbnail","7":"category-rouen","8":"tag-actu","9":"tag-actualites","10":"tag-avocats","11":"tag-barreau-de-rouen","12":"tag-eu","13":"tag-europe","14":"tag-fr","15":"tag-france","16":"tag-news","17":"tag-normandie","18":"tag-palais-de-justice","19":"tag-republique-francaise","20":"tag-rouen","21":"tag-sonia-dahmani","22":"tag-tunisie"},"share_on_mastodon":{"url":"https:\/\/pubeurope.com\/@fr\/114717520331393503","error":""},"_links":{"self":[{"href":"https:\/\/www.europesays.com\/fr\/wp-json\/wp\/v2\/posts\/191765","targetHints":{"allow":["GET"]}}],"collection":[{"href":"https:\/\/www.europesays.com\/fr\/wp-json\/wp\/v2\/posts"}],"about":[{"href":"https:\/\/www.europesays.com\/fr\/wp-json\/wp\/v2\/types\/post"}],"author":[{"embeddable":true,"href":"https:\/\/www.europesays.com\/fr\/wp-json\/wp\/v2\/users\/2"}],"replies":[{"embeddable":true,"href":"https:\/\/www.europesays.com\/fr\/wp-json\/wp\/v2\/comments?post=191765"}],"version-history":[{"count":0,"href":"https:\/\/www.europesays.com\/fr\/wp-json\/wp\/v2\/posts\/191765\/revisions"}],"wp:featuredmedia":[{"embeddable":true,"href":"https:\/\/www.europesays.com\/fr\/wp-json\/wp\/v2\/media\/191766"}],"wp:attachment":[{"href":"https:\/\/www.europesays.com\/fr\/wp-json\/wp\/v2\/media?parent=191765"}],"wp:term":[{"taxonomy":"category","embeddable":true,"href":"https:\/\/www.europesays.com\/fr\/wp-json\/wp\/v2\/categories?post=191765"},{"taxonomy":"post_tag","embeddable":true,"href":"https:\/\/www.europesays.com\/fr\/wp-json\/wp\/v2\/tags?post=191765"}],"curies":[{"name":"wp","href":"https:\/\/api.w.org\/{rel}","templated":true}]}}