{"id":191769,"date":"2025-06-20T20:14:15","date_gmt":"2025-06-20T20:14:15","guid":{"rendered":"https:\/\/www.europesays.com\/fr\/191769\/"},"modified":"2025-06-20T20:14:15","modified_gmt":"2025-06-20T20:14:15","slug":"echirolles-dj-momo-a-la-fete-de-la-musique-a-grenoble","status":"publish","type":"post","link":"https:\/\/www.europesays.com\/fr\/191769\/","title":{"rendered":"\u00c9chirolles. DJ Momo \u00e0 la F\u00eate de la musique \u00e0 Grenoble"},"content":{"rendered":"<p>Momo est un visage bien connu des \u00c9chirollois. C\u2019est lui qui vend, entre autres, Le Dauphin\u00e9 Lib\u00e9r\u00e9  \u00e0 la Maison de la presse situ\u00e9e au square des C\u00e8dres, juste \u00e0 c\u00f4t\u00e9 de la clinique du m\u00eame nom. Son autre visage est plus connu des amateurs de musique hip-hop et house, puisqu\u2019il est DJ depuis trois ans au sein du collectif \u201cUnder Gre\u201d.<\/p>\n<p>Dans le cadre de la F\u00eate de la musique, le public pourra retrouver Momo ce samedi 21\u00a0juin en soir\u00e9e sur la place aux Herbes, \u00e0 Grenoble.<\/p>\n","protected":false},"excerpt":{"rendered":"Momo est un visage bien connu des \u00c9chirollois. C\u2019est lui qui vend, entre autres, Le Dauphin\u00e9 Lib\u00e9r\u00e9 \u00e0&hellip;\n","protected":false},"author":2,"featured_media":191770,"comment_status":"","ping_status":"","sticky":false,"template":"","format":"standard","meta":{"footnotes":""},"categories":[9566],"tags":[1111,11,2430,1687,9852,9853,112,1777,674,1011,27,2731,873,12,25],"class_list":{"0":"post-191769","1":"post","2":"type-post","3":"status-publish","4":"format-standard","5":"has-post-thumbnail","7":"category-grenoble","8":"tag-actu","9":"tag-actualites","10":"tag-auvergne-rhone-alpes","11":"tag-culture-loisirs","12":"tag-echirolles","13":"tag-echirolles-bassin","14":"tag-edition-grenoble-agglomeration","15":"tag-eu","16":"tag-europe","17":"tag-fr","18":"tag-france","19":"tag-grenoble","20":"tag-musique","21":"tag-news","22":"tag-republique-francaise"},"share_on_mastodon":{"url":"https:\/\/pubeurope.com\/@fr\/114717528163698867","error":""},"_links":{"self":[{"href":"https:\/\/www.europesays.com\/fr\/wp-json\/wp\/v2\/posts\/191769","targetHints":{"allow":["GET"]}}],"collection":[{"href":"https:\/\/www.europesays.com\/fr\/wp-json\/wp\/v2\/posts"}],"about":[{"href":"https:\/\/www.europesays.com\/fr\/wp-json\/wp\/v2\/types\/post"}],"author":[{"embeddable":true,"href":"https:\/\/www.europesays.com\/fr\/wp-json\/wp\/v2\/users\/2"}],"replies":[{"embeddable":true,"href":"https:\/\/www.europesays.com\/fr\/wp-json\/wp\/v2\/comments?post=191769"}],"version-history":[{"count":0,"href":"https:\/\/www.europesays.com\/fr\/wp-json\/wp\/v2\/posts\/191769\/revisions"}],"wp:featuredmedia":[{"embeddable":true,"href":"https:\/\/www.europesays.com\/fr\/wp-json\/wp\/v2\/media\/191770"}],"wp:attachment":[{"href":"https:\/\/www.europesays.com\/fr\/wp-json\/wp\/v2\/media?parent=191769"}],"wp:term":[{"taxonomy":"category","embeddable":true,"href":"https:\/\/www.europesays.com\/fr\/wp-json\/wp\/v2\/categories?post=191769"},{"taxonomy":"post_tag","embeddable":true,"href":"https:\/\/www.europesays.com\/fr\/wp-json\/wp\/v2\/tags?post=191769"}],"curies":[{"name":"wp","href":"https:\/\/api.w.org\/{rel}","templated":true}]}}