{"id":191775,"date":"2025-06-20T20:17:10","date_gmt":"2025-06-20T20:17:10","guid":{"rendered":"https:\/\/www.europesays.com\/fr\/191775\/"},"modified":"2025-06-20T20:17:10","modified_gmt":"2025-06-20T20:17:10","slug":"hotellerie-restauration-changement-de-presidence-au-cefppa-adrien-zeller-a-illkirch-graffenstaden-2","status":"publish","type":"post","link":"https:\/\/www.europesays.com\/fr\/191775\/","title":{"rendered":"H\u00f4tellerie-restauration. Changement de pr\u00e9sidence au CEFPPA Adrien-Zeller \u00e0 Illkirch-Graffenstaden"},"content":{"rendered":"<p>Fran\u00e7ois Golla, chef de l\u2019h\u00f4tel-restaurant Au B\u0153uf Rouge (Niederschaeffolsheim) et vice-pr\u00e9sident au sein de l\u2019UMIH 67, a \u00e9t\u00e9 \u00e9lu pr\u00e9sident du CEFPPA Adrien-Zeller. Le centre de formation par alternance de l\u2019industrie h\u00f4teli\u00e8re d\u2019Illkirch-Graffenstaden accueille chaque ann\u00e9e 800 apprentis et signataires de contrats de professionnalisation. Fran\u00e7ois Golla succ\u00e8de \u00e0 Roger Sengel, pr\u00e9sident pendant 26 ans, chef du restaurant Le Romain (Strasbourg) et de la winstub Le Clou (Strasbourg). Il s\u2019engage notamment pour la poursuite du chantier immobilier et le d\u00e9veloppement des effectifs et de la qualit\u00e9 dans cet \u00e9tablissement cog\u00e9r\u00e9 par la Chambre de commerce et d\u2019industrie de Strasbourg, le Groupement des h\u00f4teliers-restaurateurs du Bas-Rhin et l\u2019\u00c9ducation nationale.<\/p>\n","protected":false},"excerpt":{"rendered":"Fran\u00e7ois Golla, chef de l\u2019h\u00f4tel-restaurant Au B\u0153uf Rouge (Niederschaeffolsheim) et vice-pr\u00e9sident au sein de l\u2019UMIH 67, a \u00e9t\u00e9&hellip;\n","protected":false},"author":2,"featured_media":191776,"comment_status":"","ping_status":"","sticky":false,"template":"","format":"standard","meta":{"footnotes":""},"categories":[2820],"tags":[1111,11,2389,2649,1057,1777,674,1011,27,775,12,25,640],"class_list":{"0":"post-191775","1":"post","2":"type-post","3":"status-publish","4":"format-standard","5":"has-post-thumbnail","7":"category-strasbourg","8":"tag-actu","9":"tag-actualites","10":"tag-alsace","11":"tag-bas-rhin","12":"tag-education","13":"tag-eu","14":"tag-europe","15":"tag-fr","16":"tag-france","17":"tag-grand-est","18":"tag-news","19":"tag-republique-francaise","20":"tag-strasbourg"},"share_on_mastodon":{"url":"https:\/\/pubeurope.com\/@fr\/114717540056496221","error":""},"_links":{"self":[{"href":"https:\/\/www.europesays.com\/fr\/wp-json\/wp\/v2\/posts\/191775","targetHints":{"allow":["GET"]}}],"collection":[{"href":"https:\/\/www.europesays.com\/fr\/wp-json\/wp\/v2\/posts"}],"about":[{"href":"https:\/\/www.europesays.com\/fr\/wp-json\/wp\/v2\/types\/post"}],"author":[{"embeddable":true,"href":"https:\/\/www.europesays.com\/fr\/wp-json\/wp\/v2\/users\/2"}],"replies":[{"embeddable":true,"href":"https:\/\/www.europesays.com\/fr\/wp-json\/wp\/v2\/comments?post=191775"}],"version-history":[{"count":0,"href":"https:\/\/www.europesays.com\/fr\/wp-json\/wp\/v2\/posts\/191775\/revisions"}],"wp:featuredmedia":[{"embeddable":true,"href":"https:\/\/www.europesays.com\/fr\/wp-json\/wp\/v2\/media\/191776"}],"wp:attachment":[{"href":"https:\/\/www.europesays.com\/fr\/wp-json\/wp\/v2\/media?parent=191775"}],"wp:term":[{"taxonomy":"category","embeddable":true,"href":"https:\/\/www.europesays.com\/fr\/wp-json\/wp\/v2\/categories?post=191775"},{"taxonomy":"post_tag","embeddable":true,"href":"https:\/\/www.europesays.com\/fr\/wp-json\/wp\/v2\/tags?post=191775"}],"curies":[{"name":"wp","href":"https:\/\/api.w.org\/{rel}","templated":true}]}}