{"id":191794,"date":"2025-06-20T20:25:08","date_gmt":"2025-06-20T20:25:08","guid":{"rendered":"https:\/\/www.europesays.com\/fr\/191794\/"},"modified":"2025-06-20T20:25:08","modified_gmt":"2025-06-20T20:25:08","slug":"pres-de-toulouse-de-grandes-marques-de-vetement-sont-totalement-bradees-dans-ce-centre-commercial","status":"publish","type":"post","link":"https:\/\/www.europesays.com\/fr\/191794\/","title":{"rendered":"Pr\u00e8s de Toulouse. De grandes marques de v\u00eatement sont totalement brad\u00e9es dans ce centre commercial"},"content":{"rendered":"<p>            Par<br \/>\n        <strong><br \/>\n            <a href=\"https:\/\/actu.fr\/auteur\/ancelin-emeryhenriot\" title=\"Consulter tous les articles de Ancelin Emery-Henriot\" rel=\"nofollow noopener\" target=\"_blank\">Ancelin Emery-Henriot<\/a><br \/>\n        <\/strong><\/p>\n<p>        Publi\u00e9 le<\/p>\n<p>            20 juin 2025 \u00e0 20h00        <\/p>\n<p>Ralph Lauren, Tommy Hilfiger, Reiko, Jott\u2026 Ces marques peuvent faire <strong>r\u00eaver<\/strong>, elles sont toutes disponibles \u00e0 la Galerie Espace Fenouillet, pr\u00e8s de <a href=\"https:\/\/actu.fr\/toulouse\/\" rel=\"nofollow noopener\" target=\"_blank\">Toulouse<\/a>. Et \u00e0 prix cass\u00e9s qui plus est. En effet, c\u2019est <strong>une vente \u00e9ph\u00e9m\u00e8re<\/strong> \u201cexceptionnelle\u201d qui a d\u00e9but\u00e9 ce mercredi 18\u00a0juin 2025 dans le centre commercial. Organis\u00e9e par <strong>LF Destock<\/strong>, elle durera jusqu\u2019au 28\u00a0juin.<\/p>\n<p>Une entreprise habitu\u00e9e au d\u00e9stockage<\/p>\n<p class=\" wall-content\">Des op\u00e9rations que l\u2019entreprise est habitu\u00e9e \u00e0 faire. En effet, cette derni\u00e8re est sp\u00e9cialis\u00e9e dans la vente de<strong> pi\u00e8ces neuves \u00e0 prix r\u00e9duits<\/strong>. Elle brade r\u00e9guli\u00e8rement des v\u00eatements de marque, le tout, dans des centres commerciaux aux <strong>quatre coins<\/strong> de la France. Elle est pourtant toute jeune, fond\u00e9e en avril dernier. L\u2019op\u00e9ration en cours est malgr\u00e9 tout la sixi\u00e8me en deux mois.<\/p>\n<p class=\" wall-content\">\u00c0 cette occasion, LF Destock a lanc\u00e9 <strong>un concours<\/strong> sur ses r\u00e9seaux sociaux. \u00c0 la cl\u00e9\u2009: un bon d\u2019achat de 50\u00a0\u20ac \u00e0 d\u00e9penser dans la boutique. Tirage au sort le 24\u00a0juin.<\/p>\n<p><strong>Infos Pratiques\u2009:<\/strong><br \/>Galerie Espace Fenouillet, 19 Rue des Usines<\/p>\n<p class=\" wall-content\">Suivez toute l\u2019actualit\u00e9 de vos villes et m\u00e9dias favoris en vous inscrivant \u00e0 <a href=\"https:\/\/moncompte.actu.fr\" title=\"D\u00e9couvez Mon Actu\" rel=\"nofollow noopener\" data-trk=\"{&quot;cta&quot;:{&quot;action&quot;:&quot;https:\\\/\\\/moncompte.actu.fr&quot;,&quot;category&quot;:&quot;mon compte&quot;,&quot;from&quot;:&quot;article footer&quot;,&quot;name&quot;:&quot;Mon actu&quot;,&quot;type&quot;:&quot;cta&quot;}}\" target=\"_blank\">Mon Actu<\/a>.<\/p>\n<ul class=\"ac-article-tag wall-content\">\n<li><a href=\"https:\/\/actu.fr\/tag\/soldes\" data-trk=\"{&quot;cta&quot;:{&quot;action&quot;:&quot;Soldes&quot;,&quot;category&quot;:&quot;tag&quot;,&quot;from&quot;:&quot;article footer&quot;,&quot;name&quot;:&quot;Soldes&quot;,&quot;type&quot;:&quot;cta&quot;}}\" rel=\"nofollow noopener\" target=\"_blank\">#Soldes<\/a><\/li>\n<li><a href=\"https:\/\/actu.fr\/tag\/sortir-a-toulouse\" data-trk=\"{&quot;cta&quot;:{&quot;action&quot;:&quot;Sortir \\u00e0 Toulouse&quot;,&quot;category&quot;:&quot;tag&quot;,&quot;from&quot;:&quot;article footer&quot;,&quot;name&quot;:&quot;Sortir \\u00e0 Toulouse&quot;,&quot;type&quot;:&quot;cta&quot;}}\" rel=\"nofollow noopener\" target=\"_blank\">#Sortir \u00e0 Toulouse<\/a><\/li>\n<\/ul>\n","protected":false},"excerpt":{"rendered":"Par Ancelin Emery-Henriot Publi\u00e9 le 20 juin 2025 \u00e0 20h00 Ralph Lauren, Tommy Hilfiger, Reiko, Jott\u2026 Ces marques&hellip;\n","protected":false},"author":2,"featured_media":191795,"comment_status":"","ping_status":"","sticky":false,"template":"","format":"standard","meta":{"footnotes":""},"categories":[2816],"tags":[1111,11,1777,674,1011,27,1652,12,2680,25,11772,1341,2312],"class_list":{"0":"post-191794","1":"post","2":"type-post","3":"status-publish","4":"format-standard","5":"has-post-thumbnail","7":"category-toulouse","8":"tag-actu","9":"tag-actualites","10":"tag-eu","11":"tag-europe","12":"tag-fr","13":"tag-france","14":"tag-loisirs-culture","15":"tag-news","16":"tag-occitanie","17":"tag-republique-francaise","18":"tag-soldes","19":"tag-sortir-a-toulouse","20":"tag-toulouse"},"share_on_mastodon":{"url":"https:\/\/pubeurope.com\/@fr\/114717571518876420","error":""},"_links":{"self":[{"href":"https:\/\/www.europesays.com\/fr\/wp-json\/wp\/v2\/posts\/191794","targetHints":{"allow":["GET"]}}],"collection":[{"href":"https:\/\/www.europesays.com\/fr\/wp-json\/wp\/v2\/posts"}],"about":[{"href":"https:\/\/www.europesays.com\/fr\/wp-json\/wp\/v2\/types\/post"}],"author":[{"embeddable":true,"href":"https:\/\/www.europesays.com\/fr\/wp-json\/wp\/v2\/users\/2"}],"replies":[{"embeddable":true,"href":"https:\/\/www.europesays.com\/fr\/wp-json\/wp\/v2\/comments?post=191794"}],"version-history":[{"count":0,"href":"https:\/\/www.europesays.com\/fr\/wp-json\/wp\/v2\/posts\/191794\/revisions"}],"wp:featuredmedia":[{"embeddable":true,"href":"https:\/\/www.europesays.com\/fr\/wp-json\/wp\/v2\/media\/191795"}],"wp:attachment":[{"href":"https:\/\/www.europesays.com\/fr\/wp-json\/wp\/v2\/media?parent=191794"}],"wp:term":[{"taxonomy":"category","embeddable":true,"href":"https:\/\/www.europesays.com\/fr\/wp-json\/wp\/v2\/categories?post=191794"},{"taxonomy":"post_tag","embeddable":true,"href":"https:\/\/www.europesays.com\/fr\/wp-json\/wp\/v2\/tags?post=191794"}],"curies":[{"name":"wp","href":"https:\/\/api.w.org\/{rel}","templated":true}]}}