{"id":191800,"date":"2025-06-20T20:34:09","date_gmt":"2025-06-20T20:34:09","guid":{"rendered":"https:\/\/www.europesays.com\/fr\/191800\/"},"modified":"2025-06-20T20:34:09","modified_gmt":"2025-06-20T20:34:09","slug":"le-rn-vote-pour-la-droite-sabstient-massivement-au-conseil-municipal-de-marseille","status":"publish","type":"post","link":"https:\/\/www.europesays.com\/fr\/191800\/","title":{"rendered":"le RN vote pour, la droite s&rsquo;abstient massivement au conseil municipal de Marseille"},"content":{"rendered":"<p>Le conflit isra\u00e9lo-palestinien n\u2019en finit pas de s\u2019inviter dans la politique locale. Ce vendredi 20\u00a0juin, la d\u00e9lib\u00e9ration portant sur une subvention de 100\u00a0000\u00a0euros \u00e0 l\u2019Unicef pour une \u00ab\u00a0aide humanitaire d\u2019urgence \u00e0 la population civile de Gaza\u00a0\u00bb a r\u00e9v\u00e9l\u00e9 les clivages et alliances potentielles \u00e0 l\u2019\u0153uvre au sein de l\u2019h\u00e9micycle. Le RN a vot\u00e9 pour\u00a0; la droite a choisi massivement de ne pas participer au vote\u00a0; les \u00e9cologistes ont soutenu la d\u00e9lib\u00e9ration tout en prenant soin de se diff\u00e9rencier de Beno\u00eet Payan.<\/p>\n<p>\u00ab\u00a0D\u00e8s le 7\u00a0octobre et le pogrom perp\u00e9tr\u00e9 par le Hamas, la ville a apport\u00e9 son soutien total \u00e0 la population civile d\u2019Isra\u00ebl et nous avons condamn\u00e9 avec la plus grande fermet\u00e9 ces attaques inadmissibles, rappelle en pr\u00e9ambule Beno\u00eet Payan, le maire (DVG). Depuis le 7\u00a0octobre, une guerre asym\u00e9trique s\u2019est engag\u00e9e sur le territoire de Gaza qui a conduit de nombreux pays, dont la France, \u00e0 d\u00e9noncer les crimes perp\u00e9tr\u00e9s \u00e0 Gaza. Que le Hamas soit \u00e9radiqu\u00e9, c\u2019est normal, mais s\u2019en prendre \u00e0 des civils, c\u2019est au-del\u00e0 de l\u2019acceptable. C\u2019est pour cela que j\u2019ai souhait\u00e9 cette aide exceptionnelle pour l\u2019Unicef.\u00a0\u00bb<\/p>\n<p>\u00ab\u00a0C\u2019est notre humanit\u00e9 qui est convoqu\u00e9e, ce n\u2019est ni de droite, ni de gauche\u00a0\u00bb<\/p>\n<p>Alors que les prises de position de <a href=\"https:\/\/www.laprovence.com\/article\/region\/24209438752891\/conflit-israelo-palestinien-renaud-muselier-attaque-dominique-de-villepin-sur-fond-dheritage-gaulliste\" target=\"_blank\" rel=\"noopener\">Dominique de Villepin<\/a> le 18\u00a0juin aux c\u00f4t\u00e9s de Beno\u00eet Payan ont d\u00e9clench\u00e9 les foudres de <a href=\"https:\/\/www.laprovence.com\/article\/region\/7807826540944214\/conflit-israelo-palestinien-villepin-botte-en-touche-face-a-muselier-vassal-sen-mele\" target=\"_blank\" rel=\"noopener\">Renaud Muselier<\/a>, suivies de celles de Martine Vassal, le maire a tent\u00e9 d\u2019appeler les uns aux autres \u00e0 ne pas faire de \u00ab\u00a0r\u00e9cup\u00e9ration \u00e0 des fins politiques\u00a0\u00bb, arguant\u00a0: \u00ab\u00a0C\u2019est notre humanit\u00e9 qui est convoqu\u00e9e, ce n\u2019est ni de droite, ni de gauche. Nous n\u2019avons pas le droit d\u2019importer ici ce conflit.\u00a0\u00bb Un v\u0153u pieux. Dans la droite ligne des d\u00e9clarations du pr\u00e9sident du Conseil r\u00e9gional (Renaissance) et de la pr\u00e9sidente de la M\u00e9tropole et du Conseil d\u00e9partemental (DVD), les \u00e9lus des groupes Une volont\u00e9 pour Marseille et Ensemble pour les Marseillais se sont prudemment abstenus, \u00e0 l\u2019exception de Atia Hayat, Lionel Royer Perrault, Aurore Bruna, Emmanuelle Charafe, Anne-Marie d\u2019Estienne d&rsquo;Orves et Jean-Yves Sayag qui ont vot\u00e9 pour.<\/p>\n","protected":false},"excerpt":{"rendered":"Le conflit isra\u00e9lo-palestinien n\u2019en finit pas de s\u2019inviter dans la politique locale. Ce vendredi 20\u00a0juin, la d\u00e9lib\u00e9ration portant&hellip;\n","protected":false},"author":2,"featured_media":191801,"comment_status":"","ping_status":"","sticky":false,"template":"","format":"standard","meta":{"footnotes":""},"categories":[2814],"tags":[17,1111,11,4526,33049,6592,1777,674,1011,27,665,884,12,471,882,16,25,33050,5995],"class_list":{"0":"post-191800","1":"post","2":"type-post","3":"status-publish","4":"format-standard","5":"has-post-thumbnail","7":"category-marseille","8":"tag-17","9":"tag-actu","10":"tag-actualites","11":"tag-aide","12":"tag-durgence","13":"tag-droite","14":"tag-eu","15":"tag-europe","16":"tag-fr","17":"tag-france","18":"tag-gaza","19":"tag-marseille","20":"tag-news","21":"tag-pour","22":"tag-provence-alpes-cote-dazur","23":"tag-region","24":"tag-republique-francaise","25":"tag-sabstient","26":"tag-vote"},"share_on_mastodon":{"url":"https:\/\/pubeurope.com\/@fr\/114717607205460928","error":""},"_links":{"self":[{"href":"https:\/\/www.europesays.com\/fr\/wp-json\/wp\/v2\/posts\/191800","targetHints":{"allow":["GET"]}}],"collection":[{"href":"https:\/\/www.europesays.com\/fr\/wp-json\/wp\/v2\/posts"}],"about":[{"href":"https:\/\/www.europesays.com\/fr\/wp-json\/wp\/v2\/types\/post"}],"author":[{"embeddable":true,"href":"https:\/\/www.europesays.com\/fr\/wp-json\/wp\/v2\/users\/2"}],"replies":[{"embeddable":true,"href":"https:\/\/www.europesays.com\/fr\/wp-json\/wp\/v2\/comments?post=191800"}],"version-history":[{"count":0,"href":"https:\/\/www.europesays.com\/fr\/wp-json\/wp\/v2\/posts\/191800\/revisions"}],"wp:featuredmedia":[{"embeddable":true,"href":"https:\/\/www.europesays.com\/fr\/wp-json\/wp\/v2\/media\/191801"}],"wp:attachment":[{"href":"https:\/\/www.europesays.com\/fr\/wp-json\/wp\/v2\/media?parent=191800"}],"wp:term":[{"taxonomy":"category","embeddable":true,"href":"https:\/\/www.europesays.com\/fr\/wp-json\/wp\/v2\/categories?post=191800"},{"taxonomy":"post_tag","embeddable":true,"href":"https:\/\/www.europesays.com\/fr\/wp-json\/wp\/v2\/tags?post=191800"}],"curies":[{"name":"wp","href":"https:\/\/api.w.org\/{rel}","templated":true}]}}