{"id":191805,"date":"2025-06-20T20:37:12","date_gmt":"2025-06-20T20:37:12","guid":{"rendered":"https:\/\/www.europesays.com\/fr\/191805\/"},"modified":"2025-06-20T20:37:12","modified_gmt":"2025-06-20T20:37:12","slug":"fete-de-la-musique-2025-a-lyon-le-programme-par-arrondissement","status":"publish","type":"post","link":"https:\/\/www.europesays.com\/fr\/191805\/","title":{"rendered":"F\u00eate de la musique 2025 \u00e0 Lyon : le programme par arrondissement"},"content":{"rendered":"<p>Que vous soyez un amateur de techno, de folk, d&rsquo;open air ou de musique du monde, la <strong>f\u00eate de la musique 2025 \u00e0 Lyon<\/strong> est pour vous ! Nous avons s\u00e9lectionn\u00e9 les concerts les plus prometteurs pour cette journ\u00e9e du <strong>21 juin 2025<\/strong>, qui marquera aussi le d\u00e9but de l&rsquo;\u00e9t\u00e9 <a href=\"https:\/\/mesinfos.fr\/auvergne-rhone-alpes\/alerte-meteo-le-rhone-passe-en-vigilance-orange-canicule-224903.html\" rel=\"noopener nofollow\" target=\"_blank\">(attention \u00e0 l&rsquo;alerte canicule en cours<\/a>). Horaires, groupes, style de musique : <strong>voici nos coups de c\u0153ur dans chaque arrondissement<\/strong>. <\/p>\n<p>Le programme de la f\u00eate de la musique 2025 \u00e0 Lyon par arrondissement <img decoding=\"async\" alt=\"\" class=\"img-size-limited\" data-zoomable=\"\" loading=\"lazy\" src=\"https:\/\/www.europesays.com\/fr\/wp-content\/uploads\/2025\/06\/fete-de-la-musique-lyon-credit-sb.jpg\"\/> \u00a9 S. Borg pour Tout Lyon &#8211; La f\u00eate de la musique est un rendez-vous incontournable de l&rsquo;\u00e9t\u00e9 \u00e0 Lyon. 1er arrondissement de Lyon : electronic open air 100 % gratuit \u00e0 Croix Rousse <\/p>\n<p>Apr\u00e8s une premi\u00e8re \u00e9dition 2024 sur la place Louis-Pradel, <strong>Koloka records<\/strong> organise cette ann\u00e9e un <strong>open-air<\/strong> (house\/tech-house) pour la <strong>f\u00eate de la musique le samedi 21 juin 2025<\/strong> place Tabareau \u00e0 Lyon, en plein centre de la <strong>Croix Rousse<\/strong> de 16h \u00e0 00h.\u00a0L\u2019\u00e9v\u00e9nement est gratuit.\u00a0 <\/p>\n<blockquote class=\"instagram-media\" data-instgrm-captioned=\"\" data-instgrm-permalink=\"https:\/\/www.instagram.com\/p\/DKuIY8osq-U\/?utm_source=ig_embed&amp;utm_campaign=loading\" data-instgrm-version=\"14\" data-uniformized=\"true\" style=\"background:#fff;border:0;border-radius:3px;box-shadow:0 0 1px 0 rgba(0,0,0,.5),0 1px 10px 0 rgba(0,0,0,.15);margin:1px;max-width:540px;min-width:326px;padding:0;width:calc(100% - 2px)\"><\/blockquote>\n<p>\u00a0 <\/p>\n<p>2e arrondissement de Lyon : une f\u00eate de la musique \u00e0 hauteur d\u2019enfant au March\u00e9-Gare <\/p>\n<p>Les <strong>enfants <\/strong>pourront eux aussi profiter de la f\u00eate de la musique samedi dans le March\u00e9 Gare. <a href=\"https:\/\/marchegare.fr\/agenda\/meme-pas-cap\" rel=\"nofollow noopener\" target=\"_blank\">La 5e \u00e9dition de M\u00eame pas cap<\/a> revient avec au programme : des ateliers de s\u00e9rigraphie et de cr\u00e9ations de badges, spectacles, blindtest, bibliobus, bar \u00e0 sirops\u2026\u00a0Un \u00e9v\u00e9nement original, <strong>gratuit<\/strong> et ouvert aux enfants et \u00e0 leurs parents.\u00a0<\/p>\n<p>  3e arrondissement de Lyon : Westfield La Part-Dieu c\u00e9l\u00e8bre la musique br\u00e9silienne\u00a0 <\/p>\n<p>En l&rsquo;honneur du Br\u00e9sil &#8211; pays \u00e0 l&rsquo;honneur cette ann\u00e9e &#8211; le centre commercial <strong>Westfield La Part-Dieu<\/strong> accueillera samedi 21 juin \u00e0 partir de 14h, <strong>Bloco de Lyon<\/strong>, une troupe de musiciens et danseurs br\u00e9siliens sur la place centrale. Les chor\u00e9graphes emm\u00e8neront par la suite les visiteurs sur le parvis de l\u2019Auditorium-Orchestre national de Lyon d\u00e8s 14h15 pour assister \u00e0 une <strong>grande f\u00eate br\u00e9silienne<\/strong> avec plus de 100 percussionnistes et 20 danseuses. <\/p>\n<p><strong>4e arrondissement de Lyon : de la folk sur l&rsquo;esplanade du Gros-Caillou<\/strong> <\/p>\n<p>De 17h45 \u00e0 minuit samedi, l&rsquo;esplanade du Gros-Caillou proposera une <strong>sc\u00e8ne folk\u00a0lyonnaise<\/strong> avec quatre groupes au programme : La Cadenc\u00e9e, Les Cerclassiens, Duo Cailini, Elektruka. A noter \u00e9galement les <strong>six espaces musicaux<\/strong> r\u00e9partis tout le long du boulevard de la Croix-Rousse. <\/p>\n<p>5e arrondissement de Lyon : une sc\u00e8ne musicale sur la place Saint-Jean <\/p>\n<p>\u00c0 l\u2019initiative de la maison de la jeunesse et de la culture du Vieux Lyon, la <strong>place Saint-Jean<\/strong> accueillera de 16h30 \u00e0 23h30 trois groupes de la r\u00e9gion lyonnaise (Manta, Resto Basket et Arkange) ainsi que des talents amateurs de l\u2019\u00e9cole de musique.\u00a0<\/p>\n<blockquote class=\"instagram-media\" data-instgrm-captioned=\"\" data-instgrm-permalink=\"https:\/\/www.instagram.com\/p\/DKhtdyAsRqS\/?utm_source=ig_embed&amp;utm_campaign=loading\" data-instgrm-version=\"14\" data-uniformized=\"true\" style=\"background:#fff;border:0;border-radius:3px;box-shadow:0 0 1px 0 rgba(0,0,0,.5),0 1px 10px 0 rgba(0,0,0,.15);margin:1px;max-width:540px;min-width:326px;padding:0;width:calc(100% - 2px)\"><\/blockquote>\n<p>  6e arrondissement de Lyon : la f\u00eate de la musique, un jour en avance ! <\/p>\n<p>La place du G\u00e9n\u00e9ral Brosset s&rsquo;anime d\u00e8s le vendredi 20 juin, avec une programmation \u00e9clectique : rock, jazz, musique br\u00e9silienne, DJ set ann\u00e9es 80 et 90 , musiques et danses traditionnelles polyn\u00e9siennes&#8230; Les habitants ne risquent pas de s&rsquo;ennuyer jusqu&rsquo;\u00e0 23h30 ! <\/p>\n<p>7e arrondissement de Lyon : la halle Tony-Garnier accueille un open-air g\u00e9ant et gratuit\u00a0 <\/p>\n<p>Entre <strong>orchestre grandiose et DJ set<\/strong> en plein air, la <strong>halle Tony-Garnier<\/strong> offre aux lyonnais une soir\u00e9e m\u00e9morable pour la f\u00eate de la musique et le tout <strong>100 % gratuit<\/strong>. <\/p>\n<p>Au programme\u00a0: un DJ-set m\u00ealant trance, bounce et hard house de 15h30 \u00e0 23h. \u00c0 l\u2019int\u00e9rieur de la halle, ce seront deux orchestres in\u00e9dits qui joueront \u00e0 15h et \u00e0 16h30. 100 batteuses et batteurs vont jouer ensemble, un pari in\u00e9dit pour cet orchestre hors du commun, <a href=\"https:\/\/mesinfos.fr\/auvergne-rhone-alpes\/nuits-de-fourviere-2025-voici-les-concerts-a-voir-a-lyon-cet-ete-218109.html\" rel=\"nofollow noopener\" target=\"_blank\">\u00e0 d\u00e9couvrir dans le cadre des Nuits de Fourvi\u00e8re<\/a>. Attention, l\u2019acc\u00e8s pour l\u2019orchestre est uniquement possible <a href=\"https:\/\/indiv.themisweb.fr\/0033\/fListeManifs.aspx?idstructure=0033\" rel=\"noopener nofollow\" target=\"_blank\">sur r\u00e9servation<\/a>. <\/p>\n<blockquote class=\"instagram-media\" data-instgrm-captioned=\"\" data-instgrm-permalink=\"https:\/\/www.instagram.com\/p\/DLCuTe-tfu0\/?utm_source=ig_embed&amp;utm_campaign=loading\" data-instgrm-version=\"14\" data-uniformized=\"true\" style=\"background:#fff;border:0;border-radius:3px;box-shadow:0 0 1px 0 rgba(0,0,0,.5),0 1px 10px 0 rgba(0,0,0,.15);margin:1px;max-width:540px;min-width:326px;padding:0;width:calc(100% - 2px)\"><\/blockquote>\n<p>\u00a0 <\/p>\n<p>8e arrondissement de Lyon : l&rsquo;esprit chorale s&#8217;empare de la ville <\/p>\n<p>La place Ambroise-Courtois s&rsquo;anime pour la f\u00eate de la musique d\u00e8s 15h avec la chorale <strong>M\u00e9li-M\u00e9lo 2.0 <\/strong>d\u00e9ambulera dans les rues autour de la place. Trois autres groupes lui succ\u00e9deront jusqu&rsquo;apr\u00e8s 20h30, dans un esprit funk, hip-hop et vari\u00e9t\u00e9 ! Par ailleurs, les habitants sont invit\u00e9s \u00e0 monter sur sc\u00e8ne \u00e0 l&rsquo;occasion des animations pr\u00e9vues toute la journ\u00e9e au jardin du Corps exp\u00e9ditionnaire fran\u00e7ais en Italie (<a href=\"https:\/\/www.lyon.fr\/evenement\/concert\/fete-de-la-musique-du-8e-arrondissement\" rel=\"noopener nofollow\" target=\"_blank\">programme en ligne<\/a>).<\/p>\n<p>  9e arrondissement de Lyon : une f\u00eate de la musique jama\u00efcaine <\/p>\n<p>La <strong>musique jama\u00efcaine<\/strong> prend place dans la programmation de la f\u00eate de la musique samedi. De 11h \u00e0 minuit, plusieurs artistes <strong>reggae <\/strong>se succ\u00e9deront place Jean-Jaur\u00e8s.\u00a0<\/p>\n<p><script async src=\"\/\/www.instagram.com\/embed.js\"><\/script><\/p>\n","protected":false},"excerpt":{"rendered":"Que vous soyez un amateur de techno, de folk, d&rsquo;open air ou de musique du monde, la f\u00eate&hellip;\n","protected":false},"author":2,"featured_media":191806,"comment_status":"","ping_status":"","sticky":false,"template":"","format":"standard","meta":{"footnotes":""},"categories":[1889],"tags":[1111,11,2430,1777,674,1011,27,32350,2428,12,14813,25],"class_list":{"0":"post-191805","1":"post","2":"type-post","3":"status-publish","4":"format-standard","5":"has-post-thumbnail","7":"category-lyon","8":"tag-actu","9":"tag-actualites","10":"tag-auvergne-rhone-alpes","11":"tag-eu","12":"tag-europe","13":"tag-fr","14":"tag-france","15":"tag-fu00eate-de-la-musique","16":"tag-lyon","17":"tag-news","18":"tag-open-air","19":"tag-republique-francaise"},"share_on_mastodon":{"url":"https:\/\/pubeurope.com\/@fr\/114717618788233572","error":""},"_links":{"self":[{"href":"https:\/\/www.europesays.com\/fr\/wp-json\/wp\/v2\/posts\/191805","targetHints":{"allow":["GET"]}}],"collection":[{"href":"https:\/\/www.europesays.com\/fr\/wp-json\/wp\/v2\/posts"}],"about":[{"href":"https:\/\/www.europesays.com\/fr\/wp-json\/wp\/v2\/types\/post"}],"author":[{"embeddable":true,"href":"https:\/\/www.europesays.com\/fr\/wp-json\/wp\/v2\/users\/2"}],"replies":[{"embeddable":true,"href":"https:\/\/www.europesays.com\/fr\/wp-json\/wp\/v2\/comments?post=191805"}],"version-history":[{"count":0,"href":"https:\/\/www.europesays.com\/fr\/wp-json\/wp\/v2\/posts\/191805\/revisions"}],"wp:featuredmedia":[{"embeddable":true,"href":"https:\/\/www.europesays.com\/fr\/wp-json\/wp\/v2\/media\/191806"}],"wp:attachment":[{"href":"https:\/\/www.europesays.com\/fr\/wp-json\/wp\/v2\/media?parent=191805"}],"wp:term":[{"taxonomy":"category","embeddable":true,"href":"https:\/\/www.europesays.com\/fr\/wp-json\/wp\/v2\/categories?post=191805"},{"taxonomy":"post_tag","embeddable":true,"href":"https:\/\/www.europesays.com\/fr\/wp-json\/wp\/v2\/tags?post=191805"}],"curies":[{"name":"wp","href":"https:\/\/api.w.org\/{rel}","templated":true}]}}