{"id":191811,"date":"2025-06-20T20:40:16","date_gmt":"2025-06-20T20:40:16","guid":{"rendered":"https:\/\/www.europesays.com\/fr\/191811\/"},"modified":"2025-06-20T20:40:16","modified_gmt":"2025-06-20T20:40:16","slug":"la-superstar-nba-kevin-durant-renforce-son-engagement-a-paris-et-devient-actionnaire-minoritaire-du-club","status":"publish","type":"post","link":"https:\/\/www.europesays.com\/fr\/191811\/","title":{"rendered":"la superstar NBA Kevin Durant renforce son engagement \u00e0 Paris et devient actionnaire minoritaire du club"},"content":{"rendered":"<p>\u00c0 bient\u00f4t 37 ans, le quadruple champion olympique investit directement au Paris-SG, avec la perspective d\u2019un r\u00f4le dans une potentielle franchise au sein de la NBA Europe.<\/p>\n<p class=\"fig-paragraph\">Kevin Durant et le PSG, une affaire qui marche. Et m\u00eame tr\u00e8s bien. Amateur de football,\u00a0<a href=\"http:\/\/www.lefigaro.fr\/sports\/jeux-olympiques\/jo-basket-star-des-parquets-kevin-durant-en-visite-au-campus-psg-20240805\" data-fig-type=\"NewsFlash\" data-gtm-custom-categorie=\"navigation\" data-gtm-custom-action=\"crossclick\" data-gtm-custom-label=\"Contextuel\" data-gtm-event=\"customEventSPE\" data-fig-domain=\"LEFIGARO\" target=\"_blank\" rel=\"noopener\">le basketteur star de 36 ans s\u2019est d\u00e9j\u00e0 rapproch\u00e9 du club de la capitale par le pass\u00e9<\/a>, investissant quelques millions d\u2019euros \u00abpar l\u2019interm\u00e9diaire de sa soci\u00e9t\u00e9 Boardroom Sports Holdings, LLC, via Arctos Partners\u00bb, l\u2019an dernier. On avait vu \u00abKD\u00bb parader au Campus PSG de Poissy ou au Parc des Princes ces derniers mois. En d\u00e9but de semaine, le joueur de Phoenix a fait une apparition \u00e0\u00a0<a href=\"http:\/\/www.lefigaro.fr\/sports\/football\/coupe-du-monde\/coupe-du-monde-des-clubs-pourquoi-le-psg-tient-tant-a-cette-competition-qui-fait-grincer-des-dents-20250615\" data-fig-type=\"NewsFlash\" data-gtm-custom-categorie=\"navigation\" data-gtm-custom-action=\"crossclick\" data-gtm-custom-label=\"Contextuel\" data-gtm-event=\"customEventSPE\" data-fig-domain=\"LEFIGARO\" target=\"_blank\" rel=\"noopener\">la PSG House de Los Angeles, en marge de la Coupe du monde des clubs<\/a>, et le club a d\u00e9voil\u00e9 \u00abune collection capsule c\u00e9l\u00e9brant le voyage transatlantique de Washington D.C. \u00e0 Paris\u00bb. Cette fois, l\u2019union prend une nouvelle tournure. QSI annonce ce vendredi \u00abun accord d\u2019investissement et de partenariat strat\u00e9gique\u00bb avec Kevin Durant.<\/p>\n<p class=\"fig-paragraph\">\u00abCe partenariat pr\u00e9voit que Durant \u2013 via Boardroom \u2013 acquiert une participation minoritaire directe au sein du Club\u00bb, pr\u00e9cise-t-on dans un communiqu\u00e9, annon\u00e7ant que, \u00abplus t\u00f4t cette semaine, Qatar Sports Investments et Boardroom Sports Holdings ont sign\u00e9 un accord d\u2019achat d\u2019actions et de partenariat strat\u00e9gique, officialisant l\u2019entr\u00e9e directe de Durant en tant qu\u2019actionnaire minoritaire du PSG\u00bb. Il est ainsi question \u00abd\u2019une large s\u00e9rie d\u2019initiatives commerciales, d\u2019investissement et de production de contenu. Durant accompagnera \u00e9galement le club dans sa strat\u00e9gie de diversification et de croissance sur les plans sportif et commercial &#8211; y compris le cod\u00e9veloppement de marchandises et de contenu m\u00e9diatique original ; en d\u00e9veloppant la strat\u00e9gie du club aux \u00c9tats-Unis et sur d\u2019autres march\u00e9s internationaux ; en soutenant PSG for Communities ; et en apportant son expertise sur la strat\u00e9gie multisport du PSG, notamment concernant des projets futurs dans le domaine du basket-ball\u00bb. Ce dernier point est essentiel.<\/p>\n<p>Au \u00abc\u0153ur\u00bb du projet parisien en vue de la NBA Europe<\/p>\n<p class=\"fig-paragraph\">Rappel des faits\u00a0:\u00a0<a href=\"http:\/\/www.lefigaro.fr\/sports\/basket\/nba-europe-le-projet-est-une-menace-selon-l-euroligue-mais-reste-ouverte-au-dialogue-20250408\" data-fig-type=\"NewsFlash\" data-gtm-custom-categorie=\"navigation\" data-gtm-custom-action=\"crossclick\" data-gtm-custom-label=\"Contextuel\" data-gtm-event=\"customEventSPE\" data-fig-domain=\"LEFIGARO\" target=\"_blank\" rel=\"noopener\">la NBA envisage de cr\u00e9er une ligue en Europe<\/a>. Et comme Le Figaro l\u2019avait r\u00e9v\u00e9l\u00e9 en exclusivit\u00e9,\u00a0<a href=\"http:\/\/www.lefigaro.fr\/sports\/basket\/nba\/nba-europe-qsi-interesse-par-le-projet-20250326\" data-fig-type=\"NewsFlash\" data-gtm-custom-categorie=\"navigation\" data-gtm-custom-action=\"crossclick\" data-gtm-custom-label=\"Contextuel\" data-gtm-event=\"customEventSPE\" data-fig-domain=\"LEFIGARO\" target=\"_blank\" rel=\"noopener\">l\u2019Association a sollicit\u00e9 QSI afin de cr\u00e9er une franchise au sein de cette potentielle future ligue<\/a>. Quel r\u00f4le pour Durant au sein de cette probable future \u00e9quipe parisienne\u00a0? Rien n\u2019est grav\u00e9 dans le marbre, pas de titre ou de r\u00f4le d\u00e9finit \u00e0 date. D\u2019ailleurs, tout d\u00e9pend aussi des plans de la NBA. Une chose est s\u00fbre\u00a0: \u00abKD\u00bb serait \u00abau c\u0153ur du projet pour nous\u00bb, souffle une source au Figaro, qualifiant l\u2019int\u00e9ress\u00e9 \u00abd\u2019expert\u00bb.<\/p>\n<p class=\"fig-paragraph\">Le terme n\u2019est \u00e9videmment pas usurp\u00e9, sachant que Kevin Durant, deux fois champion NBA et quatre fois champion olympique, vient de boucler sa 16e saison au sein de la NBA (1123 matchs en saison r\u00e9guli\u00e8re). Lequel Durant est toujours au sommet de son art avec 26,6 points, 6 rebonds et 5,2 passes d\u00e9cisives. Son avenir est d\u2019ailleurs incertain\u00a0: sous contrat pour 54,7 M$ en 2025-26,\u00a0<a href=\"http:\/\/www.lefigaro.fr\/sports\/basket\/nba\/nba-cinq-franchises-sur-les-rangs-pour-durant-dont-les-spurs-de-wembanyama-20250612\" data-fig-type=\"NewsFlash\" data-gtm-custom-categorie=\"navigation\" data-gtm-custom-action=\"crossclick\" data-gtm-custom-label=\"Contextuel\" data-gtm-event=\"customEventSPE\" data-fig-domain=\"LEFIGARO\" target=\"_blank\" rel=\"noopener\">il devrait tr\u00e8s probablement \u00eatre \u00e9chang\u00e9 dans les prochaines semaines<\/a>. ESPN citait Houston, Miami, Minnesota, New York et les Spurs de Victor Wembanyama sur les rangs pour l\u2019accueillir, The Athletic croyant savoir que San Antonio, les Rockets et le Heat avaient la pr\u00e9f\u00e9rence du joueur.<\/p>\n<p class=\"fig-paragraph\">Pour ce qui est de l\u2019engagement de Kevin Durant au PSG, c\u2019est s\u00fbr. La part acquise par la superstar de bient\u00f4t 37 ans n\u2019a pas \u00e9t\u00e9 r\u00e9v\u00e9l\u00e9e officiellement mais elle serait relativement faible. Rien \u00e0 voir avec\u00a0<a href=\"http:\/\/www.lefigaro.fr\/sports\/football\/ligue-1\/psg-le-fonds-americain-arctos-partners-prend-une-participation-minoritaire-au-capital-20231207\" data-fig-type=\"NewsFlash\" data-gtm-custom-categorie=\"navigation\" data-gtm-custom-action=\"crossclick\" data-gtm-custom-label=\"Contextuel\" data-gtm-event=\"customEventSPE\" data-fig-domain=\"LEFIGARO\" target=\"_blank\" rel=\"noopener\">Actos par exemple (jusqu\u2019\u00e0 12,5%)<\/a>. Selon nos informations, elle se chiffre \u00e0 quelques millions d\u2019euros.<\/p>\n<blockquote class=\"fig-quote&#10;    \">\n<p class=\"fig-quote__text\">C\u2019est un honneur de s\u2019associer \u00e0 QSI et d\u2019\u00eatre actionnaire du Paris Saint-Germain \u2013 un club et une ville qui me tiennent profond\u00e9ment \u00e0 c\u0153ur.<\/p>\n<p>            Kevin Durant\n    <\/p><\/blockquote>\n<p class=\"fig-paragraph\">\u00abQSI est heureux d\u2019accueillir Kevin Durant en tant qu\u2019actionnaire direct du Paris Saint-Germain et partenaire strat\u00e9gique de notre groupe. Nous cherchons continuellement \u00e0 faire \u00e9voluer le Club et notre portefeuille global gr\u00e2ce \u00e0 des partenariats \u00e0 fort impact qui apportent une valeur strat\u00e9gique, de l\u2019innovation et des perspectives internationales. Avec Kevin, nous sommes impatients de d\u00e9velopper des initiatives ambitieuses qui stimuleront la croissance mondiale continue du Paris Saint-Germain et de QSI\u00bb, a d\u00e9clar\u00e9 Nasser Al-Khela\u00effi. \u00abC\u2019est un honneur de s\u2019associer \u00e0 QSI et d\u2019\u00eatre actionnaire du Paris Saint-Germain \u2013 un club et une ville qui me tiennent profond\u00e9ment \u00e0 c\u0153ur. Ce club a de grands projets et j\u2019ai h\u00e2te de participer \u00e0 la prochaine phase de croissance et d\u2019explorer de nouvelles opportunit\u00e9s d\u2019investissement avec QSI\u00bb, glisse quant \u00e0 lui Kevin Durant, plus proche que jamais de Paris.<\/p>\n<p class=\"fig-paragraph\"><strong>\u00c0 VOIR AUSSI &#8211; <\/strong>Paris SG\u00a0: quand Presnel Kimpembe et Nuno Mendes rendent visite aux Los Angeles Lakers<\/p>\n","protected":false},"excerpt":{"rendered":"\u00c0 bient\u00f4t 37 ans, le quadruple champion olympique investit directement au Paris-SG, avec la perspective d\u2019un r\u00f4le dans&hellip;\n","protected":false},"author":2,"featured_media":191812,"comment_status":"","ping_status":"","sticky":false,"template":"","format":"standard","meta":{"footnotes":""},"categories":[1888],"tags":[1111,1928,11,1927,454,69,448,83,451,64,1777,450,449,674,1011,27,452,33036,453,66,446,447,2182,12,1926,626,1925,70,93,25,455],"class_list":{"0":"post-191811","1":"post","2":"type-post","3":"status-publish","4":"format-standard","5":"has-post-thumbnail","7":"category-paris","8":"tag-actu","9":"tag-actu-paris","10":"tag-actualites","11":"tag-actualites-paris","12":"tag-ballon-dor","13":"tag-bundesliga","14":"tag-champions-league","15":"tag-coupe-de-france","16":"tag-coupe-du-monde","17":"tag-equipe-de-france","18":"tag-eu","19":"tag-euro","20":"tag-europa-league","21":"tag-europe","22":"tag-fr","23":"tag-france","24":"tag-italie","25":"tag-kevin-durant","26":"tag-liga","27":"tag-ligue-1","28":"tag-ligue-2","29":"tag-ligue-des-champions","30":"tag-nba","31":"tag-news","32":"tag-news-paris","33":"tag-paris","34":"tag-paris-news","35":"tag-premier-league","36":"tag-psg","37":"tag-republique-francaise","38":"tag-uefa"},"share_on_mastodon":{"url":"https:\/\/pubeurope.com\/@fr\/114717630349081808","error":""},"_links":{"self":[{"href":"https:\/\/www.europesays.com\/fr\/wp-json\/wp\/v2\/posts\/191811","targetHints":{"allow":["GET"]}}],"collection":[{"href":"https:\/\/www.europesays.com\/fr\/wp-json\/wp\/v2\/posts"}],"about":[{"href":"https:\/\/www.europesays.com\/fr\/wp-json\/wp\/v2\/types\/post"}],"author":[{"embeddable":true,"href":"https:\/\/www.europesays.com\/fr\/wp-json\/wp\/v2\/users\/2"}],"replies":[{"embeddable":true,"href":"https:\/\/www.europesays.com\/fr\/wp-json\/wp\/v2\/comments?post=191811"}],"version-history":[{"count":0,"href":"https:\/\/www.europesays.com\/fr\/wp-json\/wp\/v2\/posts\/191811\/revisions"}],"wp:featuredmedia":[{"embeddable":true,"href":"https:\/\/www.europesays.com\/fr\/wp-json\/wp\/v2\/media\/191812"}],"wp:attachment":[{"href":"https:\/\/www.europesays.com\/fr\/wp-json\/wp\/v2\/media?parent=191811"}],"wp:term":[{"taxonomy":"category","embeddable":true,"href":"https:\/\/www.europesays.com\/fr\/wp-json\/wp\/v2\/categories?post=191811"},{"taxonomy":"post_tag","embeddable":true,"href":"https:\/\/www.europesays.com\/fr\/wp-json\/wp\/v2\/tags?post=191811"}],"curies":[{"name":"wp","href":"https:\/\/api.w.org\/{rel}","templated":true}]}}