{"id":191813,"date":"2025-06-20T20:41:15","date_gmt":"2025-06-20T20:41:15","guid":{"rendered":"https:\/\/www.europesays.com\/fr\/191813\/"},"modified":"2025-06-20T20:41:15","modified_gmt":"2025-06-20T20:41:15","slug":"vague-de-chaleur-leau-de-la-seine-pour-rafraichir-paris-journal-de-20-heures","status":"publish","type":"post","link":"https:\/\/www.europesays.com\/fr\/191813\/","title":{"rendered":"Vague de chaleur : l&rsquo;eau de la Seine pour rafra\u00eechir Paris &#8211; Journal de 20 heures"},"content":{"rendered":"<p id=\"descriptionPanel\" aria-labelledby=\"descriptionArrow\" aria-expanded=\"false\" class=\"mr-2 line-clamp-2 pr-2.5 text-secondary overflow-visible\">Ce vendredi 20 juin, \u00e0 Paris, il a fait jusqu&rsquo;\u00e0 32 \u00b0C. Mais la capitale a un atout de taille face \u00e0 ces grosses chaleurs : son fleuve. La Seine est un r\u00e9servoir de fra\u00eecheur dont plusieurs centaines de b\u00e2timents profitent. Un syst\u00e8me bien plus vertueux qu&rsquo;une climatisation classique. Le dispositif permettrait de faire baisser la temp\u00e9rature d\u2019un degr\u00e9 en centre-ville. Un r\u00e9seau complexe de 90 kilom\u00e8tres de tuyaux. Le gestionnaire le promet, l\u2019op\u00e9ration est sans danger pour le fleuve.<\/p>\n<p>TF1 | Reportage D. DE ARAUJO, J.P. H\u00c9QUETTE<\/p>\n<p><a class=\"shrink-0\" href=\"https:\/\/www.tf1.fr\/tf1\/jt-20h\" target=\"_blank\" rel=\"noopener\"><img decoding=\"async\" src=\"https:\/\/www.europesays.com\/fr\/wp-content\/uploads\/2025\/04\/program-card-portrait-1-jt20h-btcb-f6f521-4e55c9-0@1x.jpg\" width=\"138\" height=\"184\" alt=\"\" loading=\"eager\" fetchpriority=\"auto\" class=\"aspect-[3\/4] h-24 w-auto rounded-3px\" aria-hidden=\"true\"\/><\/a><\/p>\n","protected":false},"excerpt":{"rendered":"Ce vendredi 20 juin, \u00e0 Paris, il a fait jusqu&rsquo;\u00e0 32 \u00b0C. Mais la capitale a un atout&hellip;\n","protected":false},"author":2,"featured_media":191814,"comment_status":"","ping_status":"","sticky":false,"template":"","format":"standard","meta":{"footnotes":""},"categories":[1888],"tags":[1111,1928,11,1927,1777,674,3483,3697,1011,27,3699,3698,12,1926,626,1925,25,3701,3702,3700],"class_list":{"0":"post-191813","1":"post","2":"type-post","3":"status-publish","4":"format-standard","5":"has-post-thumbnail","7":"category-paris","8":"tag-actu","9":"tag-actu-paris","10":"tag-actualites","11":"tag-actualites-paris","12":"tag-eu","13":"tag-europe","14":"tag-extrait","15":"tag-extrait-journal-de-20-heures","16":"tag-fr","17":"tag-france","18":"tag-journal-de-20-heures","19":"tag-journal-de-20-heures-extrait","20":"tag-news","21":"tag-news-paris","22":"tag-paris","23":"tag-paris-news","24":"tag-republique-francaise","25":"tag-streaming-journal-de-20-heures","26":"tag-video-en-streaming-journal-de-20-heures","27":"tag-video-journal-de-20-heures"},"share_on_mastodon":{"url":"https:\/\/pubeurope.com\/@fr\/114717634465427003","error":""},"_links":{"self":[{"href":"https:\/\/www.europesays.com\/fr\/wp-json\/wp\/v2\/posts\/191813","targetHints":{"allow":["GET"]}}],"collection":[{"href":"https:\/\/www.europesays.com\/fr\/wp-json\/wp\/v2\/posts"}],"about":[{"href":"https:\/\/www.europesays.com\/fr\/wp-json\/wp\/v2\/types\/post"}],"author":[{"embeddable":true,"href":"https:\/\/www.europesays.com\/fr\/wp-json\/wp\/v2\/users\/2"}],"replies":[{"embeddable":true,"href":"https:\/\/www.europesays.com\/fr\/wp-json\/wp\/v2\/comments?post=191813"}],"version-history":[{"count":0,"href":"https:\/\/www.europesays.com\/fr\/wp-json\/wp\/v2\/posts\/191813\/revisions"}],"wp:featuredmedia":[{"embeddable":true,"href":"https:\/\/www.europesays.com\/fr\/wp-json\/wp\/v2\/media\/191814"}],"wp:attachment":[{"href":"https:\/\/www.europesays.com\/fr\/wp-json\/wp\/v2\/media?parent=191813"}],"wp:term":[{"taxonomy":"category","embeddable":true,"href":"https:\/\/www.europesays.com\/fr\/wp-json\/wp\/v2\/categories?post=191813"},{"taxonomy":"post_tag","embeddable":true,"href":"https:\/\/www.europesays.com\/fr\/wp-json\/wp\/v2\/tags?post=191813"}],"curies":[{"name":"wp","href":"https:\/\/api.w.org\/{rel}","templated":true}]}}