{"id":191821,"date":"2025-06-20T20:45:28","date_gmt":"2025-06-20T20:45:28","guid":{"rendered":"https:\/\/www.europesays.com\/fr\/191821\/"},"modified":"2025-06-20T20:45:28","modified_gmt":"2025-06-20T20:45:28","slug":"vladimir-poutine-se-dit-pret-a-rencontrer-volodymyr-zelensky-a-la-fin-des-negociations","status":"publish","type":"post","link":"https:\/\/www.europesays.com\/fr\/191821\/","title":{"rendered":"Vladimir Poutine se dit pr\u00eat \u00e0 rencontrer Volodymyr Zelensky \u00e0 la fin des n\u00e9gociations"},"content":{"rendered":"<p><strong>LE POINT SUR LA SITUATION<\/strong> &#8211; Ce jeudi, \u00e0 Saint-P\u00e9tersbourg, le dirigeant russe a notamment affirm\u00e9 que l\u2019arm\u00e9e de son pays avan\u00e7ait \u00abtous les jours\u00bb sur la ligne de front en Ukraine.<\/p>\n<p class=\"fig-paragraph\"><a href=\"http:\/\/www.lefigaro.fr\/international\/conflit-israel-iran-vladimir-poutine-offre-ses-services-de-mediateurs-pour-mieux-poursuivre-sa-guerre-en-ukraine-20250615\" data-fig-type=\"Article\" data-gtm-custom-categorie=\"navigation\" data-gtm-custom-action=\"crossclick\" data-gtm-custom-label=\"Contextuel\" data-gtm-event=\"customEventSPE\" data-fig-domain=\"LEFIGARO\" rel=\"nofollow noopener\" target=\"_blank\">Vladimir Poutine<\/a>\u00a0a indiqu\u00e9 jeudi \u00e0 Saint-P\u00e9tersbourg \u00eatre \u00abpr\u00eat\u00bb \u00e0 rencontrer son homologue ukrainien\u00a0<a href=\"http:\/\/www.lefigaro.fr\/international\/guerre-en-ukraine-volodymyr-zelensky-appelle-les-etats-unis-a-changer-de-ton-avec-la-russie-20250614\" data-fig-type=\"NewsFlash\" data-gtm-custom-categorie=\"navigation\" data-gtm-custom-action=\"crossclick\" data-gtm-custom-label=\"Contextuel\" data-gtm-event=\"customEventSPE\" data-fig-domain=\"LEFIGARO\" rel=\"nofollow noopener\" target=\"_blank\">Volodymyr Zelensky<\/a>\u00a0\u00e0 la fin des n\u00e9gociations.<\/p>\n<p class=\"fig-paragraph\">Il a par ailleurs affirm\u00e9 que l\u2019arm\u00e9e russe avan\u00e7ait \u00abtous les jours\u00bb sur la ligne de front en Ukraine.<\/p>\n<p class=\"fig-paragraph\"><a href=\"http:\/\/www.lefigaro.fr\/international\/guerre-en-ukraine-kiev-a-recu-1245-nouvelles-depouilles-de-soldats-ukrainiens-20250616\" data-fig-type=\"NewsFlash\" data-gtm-custom-categorie=\"navigation\" data-gtm-custom-action=\"crossclick\" data-gtm-custom-label=\"Contextuel\" data-gtm-event=\"customEventSPE\" data-fig-domain=\"LEFIGARO\" rel=\"nofollow noopener\" target=\"_blank\">Kiev<\/a>\u00a0a de son c\u00f4t\u00e9 reproch\u00e9 \u00e0\u00a0<a href=\"http:\/\/www.lefigaro.fr\/international\/guerre-en-ukraine-moscou-affirme-avoir-conquis-un-nouveau-village-dans-la-region-de-soumy-20250618\" data-fig-type=\"NewsFlash\" data-gtm-custom-categorie=\"navigation\" data-gtm-custom-action=\"crossclick\" data-gtm-custom-label=\"Contextuel\" data-gtm-event=\"customEventSPE\" data-fig-domain=\"LEFIGARO\" rel=\"nofollow noopener\" target=\"_blank\">Moscou<\/a>\u00a0de refuser depuis cent jours les appels au cessez-le-feu.<\/p>\n<p class=\"fig-paragraph\">Le Figaro fait le point sur la situation.<\/p>\n<p>\u00abJe suis pr\u00eat \u00e0 rencontrer tout le monde, m\u00eame Zelensky\u00bb, assure Poutine<\/p>\n<p class=\"fig-paragraph\">Vladimir Poutine\u00a0a d\u00e9clar\u00e9 ce jeudi \u00eatre \u00abpr\u00eat\u00bb \u00e0 rencontrer son homologue ukrainien\u00a0Volodymyr Zelensky\u00a0uniquement dans le cadre de la \u00abderni\u00e8re \u00e9tape\u00bb des n\u00e9gociations entre\u00a0Moscou et Kiev, apr\u00e8s plus de trois ans d\u2019assaut \u00e0 grande \u00e9chelle des forces russes chez son voisin. \u00abJe suis m\u00eame pr\u00eat \u00e0 rencontrer [Volodymyr Zelensky], mais seulement si c\u2019est la derni\u00e8re \u00e9tape\u00bb des pourparlers, a dit le pr\u00e9sident russe lors d\u2019un \u00e9change avec des repr\u00e9sentants d\u2019agences de presse \u00e9trang\u00e8res, dont l\u2019AFP.<\/p>\n<p class=\"fig-paragraph\">Mais il a de nouveau mis en doute la l\u00e9gitimit\u00e9 de Volodymyr Zelensky, dont le mandat a officiellement expir\u00e9 en mai 2024. Kiev n\u2019a pas pu organiser d\u2019\u00e9lection pr\u00e9sidentielle du fait de l\u2019assaut russe et la mise en place de la loi martiale. \u00abJe suis pr\u00eat \u00e0 rencontrer tout le monde, m\u00eame Zelensky. L\u00e0 n\u2019est pas la question. Si l\u2019\u00c9tat ukrainien fait confiance \u00e0 une personne en particulier pour mener des n\u00e9gociations, mon Dieu, cela peut \u00eatre Zelensky\u00bb, a dit le chef de l\u2019\u00c9tat russe lors de cette table ronde organis\u00e9e \u00e0 Saint-P\u00e9tersbourg. \u00abPeu importe qui n\u00e9gocie, m\u00eame si c\u2019est le chef actuel du r\u00e9gime\u00bb.<\/p>\n<p class=\"fig-paragraph\">Il a \u00e9galement estim\u00e9 qu\u2019il fallait \u00abtrouver une solution qui, non seulement mette fin au conflit actuel, mais qui cr\u00e9e \u00e9galement les conditions n\u00e9cessaires pour \u00e9viter que de telles situations ne se reproduisent \u00e0 long terme\u00bb. Deux rounds de pourparlers entre Russes et Ukrainiens\u00a0<a href=\"http:\/\/www.lefigaro.fr\/international\/pourparlers-a-istanbul-pas-de-treve-en-vue-mais-un-nouvel-echange-de-prisonniers-entre-kiev-et-moscou-20250602\" data-fig-type=\"Article\" data-gtm-custom-categorie=\"navigation\" data-gtm-custom-action=\"crossclick\" data-gtm-custom-label=\"Contextuel\" data-gtm-event=\"customEventSPE\" data-fig-domain=\"LEFIGARO\" rel=\"nofollow noopener\" target=\"_blank\">ont eu lieu \u00e0 Istanbul<\/a>, mais n\u2019ont d\u00e9bouch\u00e9 sur aucun progr\u00e8s vers un cessez-le-feu dans ce conflit qui a fait des dizaines de milliers de morts et de bless\u00e9s. Moscou demande notamment \u00e0 Kiev le retrait de ses forces de quatre r\u00e9gions dont Moscou revendique l\u2019annexion, la renonciation de l\u2019Ukraine \u00e0 int\u00e9grer\u00a0<a href=\"http:\/\/www.lefigaro.fr\/international\/poutine-affirme-que-le-rearmement-de-l-otan-n-est-pas-une-menace-pour-la-russie-20250618\" data-fig-type=\"NewsFlash\" data-gtm-custom-categorie=\"navigation\" data-gtm-custom-action=\"crossclick\" data-gtm-custom-label=\"Contextuel\" data-gtm-event=\"customEventSPE\" data-fig-domain=\"LEFIGARO\" rel=\"nofollow noopener\" target=\"_blank\">l\u2019Otan\u00a0<\/a>et la limitation de la taille de son arm\u00e9e.<\/p>\n<p class=\"fig-body-link\">\n            \u00c0 lire aussi<br \/>\n        <a class=\"fig-body-link__link fig-premium-mark\" href=\"http:\/\/www.lefigaro.fr\/international\/l-ukraine-grande-perdante-d-un-g7-domine-par-la-guerre-au-moyen-orient-20250617\" data-fig-type=\"Article\" data-gtm-custom-categorie=\"navigation\" data-gtm-custom-action=\"crossclick\" data-gtm-custom-label=\"Contextuel\" data-gtm-event=\"customEventSPE\" data-fig-domain=\"LEFIGARO\" rel=\"nofollow noopener\" target=\"_blank\">L\u2019Ukraine, grande perdante d\u2019un G7 domin\u00e9 par la guerre au Moyen-Orient<br \/>\n    <\/a>\n<\/p>\n<p>L\u2019arm\u00e9e russe avance \u00abtous les jours\u00bb en Ukraine, selon Poutine<\/p>\n<p class=\"fig-paragraph\">Le pr\u00e9sident russe Vladimir Poutine a par ailleurs affirm\u00e9 que l\u2019arm\u00e9e russe avan\u00e7ait \u00abtous les jours\u00bb sur la ligne de front en Ukraine, plus de trois ans apr\u00e8s l\u2019assaut \u00e0 grande \u00e9chelle lanc\u00e9 par Moscou contre son voisin.<\/p>\n<p class=\"fig-paragraph\">\u00abNos troupes progressent sur toute la ligne de contact. Chaque jour, [les avanc\u00e9es] sont plus ou moins importantes, mais elles avancent tous les jours\u00bb, a d\u00e9clar\u00e9 Vladimir Poutine, lors d\u2019un \u00e9change avec des repr\u00e9sentants d\u2019agences de presse \u00e9trang\u00e8res, dont l\u2019AFP, \u00e0 Saint-P\u00e9tersbourg.<\/p>\n<p><strong>L\u2019Ukraine reproche \u00e0 la Russie de rejeter les appels au cessez-le-feu depuis cent jours<\/strong><\/p>\n<p class=\"fig-paragraph\">L\u2019Ukraine a reproch\u00e9 jeudi \u00e0 la Russie de refuser depuis cent jours les appels au cessez-le-feu, lanc\u00e9s \u00e0 l\u2019initiative des \u00c9tats-Unis, pour mettre fin \u00e0 trois ann\u00e9es de guerre.<\/p>\n<p class=\"fig-paragraph\">\u00abCela fait exactement cent jours que l\u2019Ukraine a accept\u00e9 sans condition la proposition de paix des \u00c9tats-Unis pour un cessez-le-feu total, l\u2019arr\u00eat des tueries et l\u2019ouverture d\u2019un v\u00e9ritable processus de paix. Et cela fait exactement cent jours que la Russie rejette cette premi\u00e8re \u00e9tape fondamentale vers la paix\u00bb, a d\u00e9clar\u00e9 le ministre des Affaires \u00e9trang\u00e8res Andri\u00ef Sybiga dans un communiqu\u00e9.<\/p>\n<p>Une mise en garde sur la livraison de missiles Taurus<\/p>\n<p class=\"fig-paragraph\">Une \u00e9ventuelle livraison de\u00a0<a href=\"http:\/\/www.lefigaro.fr\/flash-eco\/une-eventuelle-livraison-de-missiles-allemands-taurus-a-kiev-ruinerait-completement-les-relations-avec-berlin-20250619\" data-fig-type=\"NewsFlash\" data-gtm-custom-categorie=\"navigation\" data-gtm-custom-action=\"crossclick\" data-gtm-custom-label=\"Contextuel\" data-gtm-event=\"customEventSPE\" data-fig-domain=\"LEFIGARO\" rel=\"nofollow noopener\" target=\"_blank\">missiles longue port\u00e9e Taurus<\/a>\u00a0\u00e0 l\u2019Ukraine \u00abruinerait compl\u00e8tement\u00bb les relations entre Moscou et Berlin, a ensuite averti le pr\u00e9sident russe Vladimir Poutine.<\/p>\n<p class=\"fig-paragraph\">\u00abTout le monde sait bien que si cela se produit, cela n\u2019aura aucune incidence sur le d\u00e9roulement des hostilit\u00e9s. (&#8230;) Mais cela ruinera compl\u00e8tement nos relations\u00bb, a d\u00e9clar\u00e9 Vladimir Poutine, lors d\u2019un \u00e9change avec des repr\u00e9sentants d\u2019agences de presse \u00e9trang\u00e8res, dont l\u2019AFP, \u00e0 Saint-P\u00e9tersbourg. Berlin refuse pour l\u2019instant de livrer ces missiles de croisi\u00e8re d\u2019une port\u00e9e de plus de 500 kilom\u00e8tres r\u00e9clam\u00e9s par Kiev.<\/p>\n","protected":false},"excerpt":{"rendered":"LE POINT SUR LA SITUATION &#8211; Ce jeudi, \u00e0 Saint-P\u00e9tersbourg, le dirigeant russe a notamment affirm\u00e9 que l\u2019arm\u00e9e&hellip;\n","protected":false},"author":2,"featured_media":191822,"comment_status":"","ping_status":"","sticky":false,"template":"","format":"standard","meta":{"footnotes":""},"categories":[1590],"tags":[259,11,260,1777,674,131,14,261,12,262,220,135,134],"class_list":{"0":"post-191821","1":"post","2":"type-post","3":"status-publish","4":"format-standard","5":"has-post-thumbnail","7":"category-ukraine","8":"tag-actualite-internationale","9":"tag-actualites","10":"tag-affaires-etrangeres","11":"tag-eu","12":"tag-europe","13":"tag-guerre-en-ukraine","14":"tag-international","15":"tag-ministere-des-affaires-etrangeres","16":"tag-news","17":"tag-politique-etrangere","18":"tag-ukraine","19":"tag-vladimir-poutine","20":"tag-volodymyr-zelensky"},"share_on_mastodon":{"url":"https:\/\/pubeurope.com\/@fr\/114717650028467990","error":""},"_links":{"self":[{"href":"https:\/\/www.europesays.com\/fr\/wp-json\/wp\/v2\/posts\/191821","targetHints":{"allow":["GET"]}}],"collection":[{"href":"https:\/\/www.europesays.com\/fr\/wp-json\/wp\/v2\/posts"}],"about":[{"href":"https:\/\/www.europesays.com\/fr\/wp-json\/wp\/v2\/types\/post"}],"author":[{"embeddable":true,"href":"https:\/\/www.europesays.com\/fr\/wp-json\/wp\/v2\/users\/2"}],"replies":[{"embeddable":true,"href":"https:\/\/www.europesays.com\/fr\/wp-json\/wp\/v2\/comments?post=191821"}],"version-history":[{"count":0,"href":"https:\/\/www.europesays.com\/fr\/wp-json\/wp\/v2\/posts\/191821\/revisions"}],"wp:featuredmedia":[{"embeddable":true,"href":"https:\/\/www.europesays.com\/fr\/wp-json\/wp\/v2\/media\/191822"}],"wp:attachment":[{"href":"https:\/\/www.europesays.com\/fr\/wp-json\/wp\/v2\/media?parent=191821"}],"wp:term":[{"taxonomy":"category","embeddable":true,"href":"https:\/\/www.europesays.com\/fr\/wp-json\/wp\/v2\/categories?post=191821"},{"taxonomy":"post_tag","embeddable":true,"href":"https:\/\/www.europesays.com\/fr\/wp-json\/wp\/v2\/tags?post=191821"}],"curies":[{"name":"wp","href":"https:\/\/api.w.org\/{rel}","templated":true}]}}