{"id":191840,"date":"2025-06-20T20:55:09","date_gmt":"2025-06-20T20:55:09","guid":{"rendered":"https:\/\/www.europesays.com\/fr\/191840\/"},"modified":"2025-06-20T20:55:09","modified_gmt":"2025-06-20T20:55:09","slug":"lalterna-stade-poitevin-soffre-un-renfort-geant","status":"publish","type":"post","link":"https:\/\/www.europesays.com\/fr\/191840\/","title":{"rendered":"l&rsquo;Alterna Stade Poitevin s&rsquo;offre un renfort g\u00e9ant"},"content":{"rendered":"<p>Caract\u00e8re et physique. C\u2019est le plan de C\u00e9dric Enard pour renforcer l\u2019Alterna Stade Poitevin lors de cette intersaison. Et le manager g\u00e9n\u00e9ral stadiste suit son programme \u00e0 la lettre. Apr\u00e8s l\u2019explosif et \u00e9nergique r\u00e9ceptionneur-attaquant Tom Picard la semaine pass\u00e9e, le club poitevin a officialis\u00e9, ce vendredi, l\u2019arriv\u00e9e de Lukas Maase pour une saison. Du tr\u00e8s lourd et surtout du tr\u00e8s haut, culminant \u00e0 2,14\u00a0m. \u00ab\u00a0On avait envie de recruter ce profil de joueur car on souhaitait rajouter un peu de densit\u00e9 physique au centre\u00a0\u00bb, glisse C\u00e9dric Enard&#8230;. <\/p>\n<p>    Cet article a \u00e9t\u00e9 tronqu\u00e9. Abonnez-vous pour lire l&rsquo;article complet sur notre site.<\/p>\n<p style=\"margin: 0 !important; padding: 0 !important; font-size: 12px !important;\">Cet article a \u00e9t\u00e9 tronqu\u00e9. Abonnez-vous pour lire l&rsquo;article complet.<\/p>\n<p>    <a href=\"https:\/\/www.lanouvellerepublique.fr\/abonnements\" style=\"display: inline-block; margin-top: 5px !important; padding: 6px 12px !important; background: #cb1c27; color: white; text-decoration: none; border-radius: 4px; font-size: 12px !important;\" target=\"_blank\" rel=\"noopener\"><br \/>\n      S&rsquo;abonner<br \/>\n    <\/a><\/p>\n","protected":false},"excerpt":{"rendered":"Caract\u00e8re et physique. C\u2019est le plan de C\u00e9dric Enard pour renforcer l\u2019Alterna Stade Poitevin lors de cette intersaison.&hellip;\n","protected":false},"author":2,"featured_media":191841,"comment_status":"","ping_status":"","sticky":false,"template":"","format":"standard","meta":{"footnotes":""},"categories":[1417],"tags":[1392,1654,1011,27,1655,1653,60,1584,1470,1469],"class_list":{"0":"post-191840","1":"post","2":"type-post","3":"status-publish","4":"format-standard","5":"has-post-thumbnail","7":"category-volley","8":"tag-a-la-une-local","9":"tag-alterna-stade-poitevin-volley-ball","10":"tag-fr","11":"tag-france","12":"tag-ligue-a","13":"tag-poitiers","14":"tag-sports","15":"tag-vienne","16":"tag-volley","17":"tag-volleyball"},"share_on_mastodon":{"url":"https:\/\/pubeurope.com\/@fr\/114717689391834690","error":""},"_links":{"self":[{"href":"https:\/\/www.europesays.com\/fr\/wp-json\/wp\/v2\/posts\/191840","targetHints":{"allow":["GET"]}}],"collection":[{"href":"https:\/\/www.europesays.com\/fr\/wp-json\/wp\/v2\/posts"}],"about":[{"href":"https:\/\/www.europesays.com\/fr\/wp-json\/wp\/v2\/types\/post"}],"author":[{"embeddable":true,"href":"https:\/\/www.europesays.com\/fr\/wp-json\/wp\/v2\/users\/2"}],"replies":[{"embeddable":true,"href":"https:\/\/www.europesays.com\/fr\/wp-json\/wp\/v2\/comments?post=191840"}],"version-history":[{"count":0,"href":"https:\/\/www.europesays.com\/fr\/wp-json\/wp\/v2\/posts\/191840\/revisions"}],"wp:featuredmedia":[{"embeddable":true,"href":"https:\/\/www.europesays.com\/fr\/wp-json\/wp\/v2\/media\/191841"}],"wp:attachment":[{"href":"https:\/\/www.europesays.com\/fr\/wp-json\/wp\/v2\/media?parent=191840"}],"wp:term":[{"taxonomy":"category","embeddable":true,"href":"https:\/\/www.europesays.com\/fr\/wp-json\/wp\/v2\/categories?post=191840"},{"taxonomy":"post_tag","embeddable":true,"href":"https:\/\/www.europesays.com\/fr\/wp-json\/wp\/v2\/tags?post=191840"}],"curies":[{"name":"wp","href":"https:\/\/api.w.org\/{rel}","templated":true}]}}