{"id":191844,"date":"2025-06-20T20:57:09","date_gmt":"2025-06-20T20:57:09","guid":{"rendered":"https:\/\/www.europesays.com\/fr\/191844\/"},"modified":"2025-06-20T20:57:09","modified_gmt":"2025-06-20T20:57:09","slug":"alcaraz-se-debarrasse-de-rinderknech-au-queens","status":"publish","type":"post","link":"https:\/\/www.europesays.com\/fr\/191844\/","title":{"rendered":"Alcaraz se d\u00e9barrasse de Rinderknech au Queen&rsquo;s"},"content":{"rendered":"<p>L\u2019Espagnol a battu le Fran\u00e7ais Arthur Rinderknech (7-5, 6-4) et rejoint le dernier carr\u00e9 du tournoi.<\/p>\n<p class=\"fig-paragraph\">L&rsquo;Espagnol\u00a0<a href=\"http:\/\/www.lefigaro.fr\/sports\/tennis\/roland-garros\/carlos-alcaraz-flamboyant-symbole-de-la-nouvelle-ere-du-tennis-20250609\" data-fig-type=\"Article\" data-gtm-custom-categorie=\"navigation\" data-gtm-custom-action=\"crossclick\" data-gtm-custom-label=\"Contextuel\" data-gtm-event=\"customEventSPE\" data-fig-domain=\"LEFIGARO\" rel=\"nofollow noopener\" target=\"_blank\">Carlos Alcaraz<\/a>\u00a0n&rsquo;a pas trembl\u00e9 vendredi \u00e0 Londres pour \u00e9liminer le lucky loser fran\u00e7ais Arthur Rinderknech (7-5, 6-4) et se qualifier pour les demi-finales du Queen&rsquo;s, \u00e0 dix jours de Wimbledon o\u00f9 il d\u00e9fendra sa double couronne. Le num\u00e9ro deux mondial a obtenu sa 40e victoire cette saison, la seizi\u00e8me d&rsquo;affil\u00e9e, en 1h20 face au Fran\u00e7ais de 29 ans, \u00e9limin\u00e9 en qualifications puis rep\u00each\u00e9 dans le tableau principal, o\u00f9 il a pass\u00e9 deux tours.<\/p>\n<p class=\"fig-paragraph\">La marche \u00e9tait trop haute vendredi pour le 80e mondial, qui a n\u00e9anmoins fait douter l&rsquo;Espagnol gr\u00e2ce \u00e0 son jeu de service, puissant et pr\u00e9cis, et qu&rsquo;il n&rsquo;a abandonn\u00e9 qu&rsquo;\u00e0 deux reprises dans la rencontre.<\/p>\n<p class=\"fig-paragraph\">Apr\u00e8s un jeu blanc et deux points gagn\u00e9s, le Varois s&rsquo;est m\u00eame retrouv\u00e9 \u00e0 deux points du gain de la premi\u00e8re manche (5-4, 0-30). Mais Alcaraz s&rsquo;est rebell\u00e9, a conserv\u00e9 son engagement puis break\u00e9 dans la foul\u00e9e. Le crack de 22 ans, r\u00e9cent vainqueur de Roland-Garros, a remport\u00e9 le premier set sur un dernier coup droit gagnant, qu&rsquo;il a accompagn\u00e9 d&rsquo;un \u00abVamos\u00bb sonore, comme soulag\u00e9.<\/p>\n<p class=\"fig-paragraph\">Dans la seconde manche, un seul break pour passer \u00e0 3-2 a suffi \u00e0 l&rsquo;Espagnol, qualifi\u00e9 pour la 39e demi-finale de sa jeune carri\u00e8re. Il affrontera son compatriote Roberto Bautista ou le Danois Holger Rune, oppos\u00e9s vendredi en fin de journ\u00e9e.<\/p>\n","protected":false},"excerpt":{"rendered":"L\u2019Espagnol a battu le Fran\u00e7ais Arthur Rinderknech (7-5, 6-4) et rejoint le dernier carr\u00e9 du tournoi. L&rsquo;Espagnol\u00a0Carlos Alcaraz\u00a0n&rsquo;a&hellip;\n","protected":false},"author":2,"featured_media":191845,"comment_status":"","ping_status":"","sticky":false,"template":"","format":"standard","meta":{"footnotes":""},"categories":[1415],"tags":[47,4169,525,7779,1981,4178,4179,1011,27,1114,3996,4177,4176,4174,4175,1980,4171,60,1467,4172,4173,4170],"class_list":{"0":"post-191844","1":"post","2":"type-post","3":"status-publish","4":"format-standard","5":"has-post-thumbnail","7":"category-tennis","8":"tag-actualite","9":"tag-atp","10":"tag-calendrier","11":"tag-carlos-alcaraz","12":"tag-classement","13":"tag-coupe-davis","14":"tag-fed-cup","15":"tag-fr","16":"tag-france","17":"tag-infos","18":"tag-jeux-olympiques","19":"tag-masters-1000","20":"tag-masters-500","21":"tag-masters-series","22":"tag-open-daustralie","23":"tag-resultats","24":"tag-roland-garros","25":"tag-sports","26":"tag-tennis","27":"tag-us-open","28":"tag-wimbledon","29":"tag-wta"},"share_on_mastodon":{"url":"https:\/\/pubeurope.com\/@fr\/114717697173715105","error":""},"_links":{"self":[{"href":"https:\/\/www.europesays.com\/fr\/wp-json\/wp\/v2\/posts\/191844","targetHints":{"allow":["GET"]}}],"collection":[{"href":"https:\/\/www.europesays.com\/fr\/wp-json\/wp\/v2\/posts"}],"about":[{"href":"https:\/\/www.europesays.com\/fr\/wp-json\/wp\/v2\/types\/post"}],"author":[{"embeddable":true,"href":"https:\/\/www.europesays.com\/fr\/wp-json\/wp\/v2\/users\/2"}],"replies":[{"embeddable":true,"href":"https:\/\/www.europesays.com\/fr\/wp-json\/wp\/v2\/comments?post=191844"}],"version-history":[{"count":0,"href":"https:\/\/www.europesays.com\/fr\/wp-json\/wp\/v2\/posts\/191844\/revisions"}],"wp:featuredmedia":[{"embeddable":true,"href":"https:\/\/www.europesays.com\/fr\/wp-json\/wp\/v2\/media\/191845"}],"wp:attachment":[{"href":"https:\/\/www.europesays.com\/fr\/wp-json\/wp\/v2\/media?parent=191844"}],"wp:term":[{"taxonomy":"category","embeddable":true,"href":"https:\/\/www.europesays.com\/fr\/wp-json\/wp\/v2\/categories?post=191844"},{"taxonomy":"post_tag","embeddable":true,"href":"https:\/\/www.europesays.com\/fr\/wp-json\/wp\/v2\/tags?post=191844"}],"curies":[{"name":"wp","href":"https:\/\/api.w.org\/{rel}","templated":true}]}}