{"id":191858,"date":"2025-06-20T21:05:16","date_gmt":"2025-06-20T21:05:16","guid":{"rendered":"https:\/\/www.europesays.com\/fr\/191858\/"},"modified":"2025-06-20T21:05:16","modified_gmt":"2025-06-20T21:05:16","slug":"voyage-romanesque-entre-lhistoire-et-le-style","status":"publish","type":"post","link":"https:\/\/www.europesays.com\/fr\/191858\/","title":{"rendered":"voyage romanesque entre l\u2019histoire et le style"},"content":{"rendered":"<p>Parmi les six laur\u00e9ats du prix Robl\u00e8s 2025, prix d\u00e9cern\u00e9 par les lecteurs \u00e0 un premier roman, la moiti\u00e9 sont des universitaires. Historiens et sp\u00e9cialistes litt\u00e9raires, ils \u00ab\u00a0enseignent ce qui est vrai\u00a0\u00bb, a soulign\u00e9 Matthieu Garrigou-Lagrange, \u00e0 l\u2019heure des d\u00e9bats ce vendredi 20\u00a0juin \u00e0 la halle aux grains. Car avant de d\u00e9voiler aux 457 lecteurs qui ont particip\u00e9 aux comit\u00e9s de lecture, et \u00e0 tous les autres, qui est l\u2019\u00e9lu, il est de coutume de d\u00e9couvrir en chair et en os qui sont ces auteurs peu connus et ce qu\u2019ils ont \u00e0 dire de leur tout premier roman. Mais cette ann\u00e9e est celle de l\u2019innovation. Deux d\u00e9bats leur ont \u00e9t\u00e9 propos\u00e9s\u00a0: la part de l\u2019histoire et celle du style&#8230;. <\/p>\n<p>    Cet article a \u00e9t\u00e9 tronqu\u00e9. Abonnez-vous pour lire l&rsquo;article complet sur notre site.<\/p>\n<p style=\"margin: 0 !important; padding: 0 !important; font-size: 12px !important;\">Cet article a \u00e9t\u00e9 tronqu\u00e9. Abonnez-vous pour lire l&rsquo;article complet.<\/p>\n<p>    <a href=\"https:\/\/www.lanouvellerepublique.fr\/abonnements\" style=\"display: inline-block; margin-top: 5px !important; padding: 6px 12px !important; background: #cb1c27; color: white; text-decoration: none; border-radius: 4px; font-size: 12px !important;\" target=\"_blank\" rel=\"noopener\"><br \/>\n      S&rsquo;abonner<br \/>\n    <\/a><\/p>\n","protected":false},"excerpt":{"rendered":"Parmi les six laur\u00e9ats du prix Robl\u00e8s 2025, prix d\u00e9cern\u00e9 par les lecteurs \u00e0 un premier roman, la&hellip;\n","protected":false},"author":2,"featured_media":191859,"comment_status":"","ping_status":"","sticky":false,"template":"","format":"standard","meta":{"footnotes":""},"categories":[1357],"tags":[1392,3469,1379,58,59,1011,27,1380,4368,1393,30553],"class_list":{"0":"post-191858","1":"post","2":"type-post","3":"status-publish","4":"format-standard","5":"has-post-thumbnail","7":"category-livres","8":"tag-a-la-une-local","9":"tag-blois","10":"tag-books","11":"tag-divertissement","12":"tag-entertainment","13":"tag-fr","14":"tag-france","15":"tag-livres","16":"tag-loir-et-cher","17":"tag-loisirs","18":"tag-prix-robles"},"share_on_mastodon":{"url":"https:\/\/pubeurope.com\/@fr\/114717728981467290","error":""},"_links":{"self":[{"href":"https:\/\/www.europesays.com\/fr\/wp-json\/wp\/v2\/posts\/191858","targetHints":{"allow":["GET"]}}],"collection":[{"href":"https:\/\/www.europesays.com\/fr\/wp-json\/wp\/v2\/posts"}],"about":[{"href":"https:\/\/www.europesays.com\/fr\/wp-json\/wp\/v2\/types\/post"}],"author":[{"embeddable":true,"href":"https:\/\/www.europesays.com\/fr\/wp-json\/wp\/v2\/users\/2"}],"replies":[{"embeddable":true,"href":"https:\/\/www.europesays.com\/fr\/wp-json\/wp\/v2\/comments?post=191858"}],"version-history":[{"count":0,"href":"https:\/\/www.europesays.com\/fr\/wp-json\/wp\/v2\/posts\/191858\/revisions"}],"wp:featuredmedia":[{"embeddable":true,"href":"https:\/\/www.europesays.com\/fr\/wp-json\/wp\/v2\/media\/191859"}],"wp:attachment":[{"href":"https:\/\/www.europesays.com\/fr\/wp-json\/wp\/v2\/media?parent=191858"}],"wp:term":[{"taxonomy":"category","embeddable":true,"href":"https:\/\/www.europesays.com\/fr\/wp-json\/wp\/v2\/categories?post=191858"},{"taxonomy":"post_tag","embeddable":true,"href":"https:\/\/www.europesays.com\/fr\/wp-json\/wp\/v2\/tags?post=191858"}],"curies":[{"name":"wp","href":"https:\/\/api.w.org\/{rel}","templated":true}]}}