{"id":191860,"date":"2025-06-20T21:06:26","date_gmt":"2025-06-20T21:06:26","guid":{"rendered":"https:\/\/www.europesays.com\/fr\/191860\/"},"modified":"2025-06-20T21:06:26","modified_gmt":"2025-06-20T21:06:26","slug":"qui-etait-la-star-internationale-cachee-sous-le-costume-de-la-grenouille","status":"publish","type":"post","link":"https:\/\/www.europesays.com\/fr\/191860\/","title":{"rendered":"Qui \u00e9tait la star internationale cach\u00e9e sous le costume de la Grenouille ?"},"content":{"rendered":"<p>Ce vendredi 20 juin, une troisi\u00e8me star internationale a enflamm\u00e9 le plateau de Mask Singer sur TF1 dans le costume de la Grenouille lors de la demi-finale. De qui s&rsquo;agit-il ? T\u00e9l\u00e9-Loisirs vous en dit plus !<\/p>\n<p>Le 2 mai dernier, TF1 donnait le coup d&rsquo;envoi de la septi\u00e8me saison in\u00e9dite de Mask Singer. Depuis le d\u00e9but de la comp\u00e9tition, plusieurs personnalit\u00e9s ont \u00e9t\u00e9 d\u00e9masqu\u00e9es. Ainsi, lors du tout premier prime, c&rsquo;est <a href=\"https:\/\/www.programme-tv.net\/biographie\/3513-sebastien-patrick\/\" data-link-people=\"93319026-8768-4b9c-babe-1b46b4c58c03\" target=\"_blank\" rel=\"noopener\"><b>Patrick S\u00e9bastien<\/b><\/a> qui a \u00e9t\u00e9 \u00e9limin\u00e9, lui qui \u00e9tait dissimul\u00e9 sous <a href=\"https:\/\/www.programme-tv.net\/news\/tv\/378064-mask-singer-2025-quelle-celebrite-se-cachait-sous-le-costume-du-rhinoceros-et-a-quitte-lemission-ce-vendredi-2-mai\/\" data-api-deeplink=\"teleloisirs:\/\/news\/378064\" target=\"_blank\" rel=\"noopener\"><b>le Rhino<\/b><\/a>. La semaine suivante, <a href=\"https:\/\/www.programme-tv.net\/biographie\/210910-rolles-helene\/\" data-link-people=\"632d694d-f1e6-4ca2-b437-c9db4a27e9a3\" target=\"_blank\" rel=\"noopener\"><b>H\u00e9l\u00e8ne Roll\u00e8s<\/b><\/a> des <a href=\"https:\/\/www.programme-tv.net\/news\/people\/375723-je-lai-enfin-trouve-elsa-esnoult-les-mysteres-de-l-amour-en-couple-elle-devoile-pour-la-premiere-fois-le-visage-de-son-compagnon\/\" data-api-deeplink=\"teleloisirs:\/\/news\/375723\" target=\"_blank\" rel=\"noopener\">Myst\u00e8res de l&rsquo;amour<\/a> a connu le m\u00eame sort, d\u00e9masqu\u00e9e sous le costume du <a href=\"https:\/\/www.programme-tv.net\/news\/tv\/378654-helene-rolles-le-bolide-elimine-de-mask-singer-j-ai-cache-ma-participation-a-mes-enfants-pour-leur-faire-une-surprise\/\" data-api-deeplink=\"teleloisirs:\/\/news\/378654\" target=\"_blank\" rel=\"noopener\"><b>Bolide<\/b><\/a>. Il y a ensuite eu <a href=\"https:\/\/www.programme-tv.net\/biographie\/376374-janssens-jeanfi\/\" data-link-people=\"4e41782f-4cdf-49da-8b16-9c5974414bd9\" target=\"_blank\" rel=\"noopener\"><b>Jeanfi Janssens<\/b><\/a> (L&rsquo;Autruche), <b>Marie-Ange Nardi<\/b> (<a href=\"https:\/\/www.programme-tv.net\/news\/tv\/379756-marie-ange-nardi-la-dame-de-coeur-revient-sur-sa-crise-de-panique-dans-mask-singer-il-n-y-avait-pas-assez-d-oxygene-qui-entrait\/\" data-api-deeplink=\"teleloisirs:\/\/news\/379756\" target=\"_blank\" rel=\"noopener\">La Dame de coeur<\/a>), <a href=\"https:\/\/www.programme-tv.net\/biographie\/11989-candeloro-philippe\/\" data-link-people=\"183a1a34-bfe1-4c02-86b0-3af5afac6780\" target=\"_blank\" rel=\"noopener\"><b>Philippe Candeloro<\/b><\/a> (Le Fraisier), <b>Romane Dicko<\/b> (<a href=\"https:\/\/www.programme-tv.net\/news\/tv\/378498-mask-singer-qui-se-cache-derriere-le-panda-roux-nos-pronostics\/\" data-api-deeplink=\"teleloisirs:\/\/news\/378498\" target=\"_blank\" rel=\"noopener\">Le Panda Roux<\/a>), <a href=\"https:\/\/www.programme-tv.net\/biographie\/204221-gregorio-michael\/\" data-link-people=\"abf704ba-bde6-4c91-a604-8b2a96a77c9c\" target=\"_blank\" rel=\"noopener\"><b>Micha\u00ebl Gregorio<\/b><\/a> (<a href=\"https:\/\/www.programme-tv.net\/news\/tv\/380743-il-ny-avait-rien-de-truque-michael-gregorio-la-porcelaine-dans-mask-singer-repond-aux-rumeurs-de-triche\/\" data-api-deeplink=\"teleloisirs:\/\/news\/380743\" target=\"_blank\" rel=\"noopener\">La Porcelaine<\/a>), <b>LeBouseuh <\/b>(Le Brocoli) et<b> <\/b><a href=\"https:\/\/www.programme-tv.net\/biographie\/418021-sargue-damien\/\" data-link-people=\"d9e8de19-6ba8-4c8a-a4bb-c35e067161af\" target=\"_blank\" rel=\"noopener\"><b>Damien Sargue<\/b><\/a><b> <\/b>(Le Bison). \u00c0 ce stade de la comp\u00e9tition, ils sont encore quatre personnages \u00e0 concourir : <b>La Vache, la Girafe, le Cygne et le Chaton<\/b>.<\/p>\n<p><b>Mask Singer <\/b><b>2025\u00a0: quels sont les indices pour trouver l&rsquo;identit\u00e9 de la Grenouille ?<\/b><\/p>\n<p><a href=\"https:\/\/www.programme-tv.net\/news\/people\/356143-je-serais-tres-emballe-laurent-ournac-camping-paradis-se-confie-sur-son-souhait-de-se-lancer-dans-une-nouvelle-aventure-deux-ans-apres-mask-singer\/\" data-api-deeplink=\"teleloisirs:\/\/news\/356143\" target=\"_blank\" rel=\"noopener\">L&rsquo;aventure Mask Singer<\/a> a aussi \u00e9t\u00e9 marqu\u00e9e par la participation de stars internationales. Apr\u00e8s les d\u00e9masquages du chanteur <b>Shaggy<\/b>, cach\u00e9 sous le costume du <a href=\"https:\/\/www.programme-tv.net\/news\/tv\/378586-exclu-ces-gars-sont-fantastiques-shaggy-le-cyclope-dans-mask-singer-nousrevele-avec-qui-il-s-est-particulierement-bien-entendu-dans-les-coulisses\/\" data-api-deeplink=\"teleloisirs:\/\/news\/378586\" target=\"_blank\" rel=\"noopener\">Cyclope<\/a> et celui de <b>La Toya Jackson<\/b> en <a href=\"https:\/\/www.programme-tv.net\/news\/tv\/379102-exclu-en-coulisses-quand-j-ai-vu-donald-trump-la-toya-jackson-l-imperatrice-dans-mask-singer-surprise-de-decouvrir-le-president-dans-son-portrait\/\" data-api-deeplink=\"teleloisirs:\/\/news\/379102\" target=\"_blank\" rel=\"noopener\">Imp\u00e9ratrice<\/a>, une troisi\u00e8me star internationale a d\u00e9barqu\u00e9 dans la comp\u00e9tition lors du prime sp\u00e9cial Las Vegas diffus\u00e9 ce vendredi 20 juin 2025 sur TF1. Il s&rsquo;agit de <b>la Grenouille<\/b> qui d\u00e8s son arriv\u00e9e sur le plateau a fait sensation aupr\u00e8s du jury. Juste avant de d\u00e9couvrir sa performance, les enqu\u00eateurs ont pu d\u00e9couvrir le magn\u00e9to indices avec, tout d&rsquo;abord, trois indices importants la concernant \u00e0 savoir :<b> plateaux, cultes et famille<\/b>. Ensuite, la Grenouille s&rsquo;est confi\u00e9e, retra\u00e7ant sa carri\u00e8re. \u00ab\u00a0Vous avez pu suivre mes aventures et quelles aventures ! Je sais que pour certains d&rsquo;entre vous, je suis une petite madeleine de Proust. J&rsquo;\u00e9tais l\u00e0 pour vos d\u00eeners devant la t\u00e9l\u00e9 ou ces fins de journ\u00e9es chez vos grands-parents apr\u00e8s l&rsquo;\u00e9cole. Je sais que je vous ai accompagn\u00e9 et je le fais toujours\u00a0\u00bb, a-t-elle fait savoir. Dans un deuxi\u00e8me magn\u00e9to, elle a indiqu\u00e9 que <b>son nom \u00e9tait associ\u00e9 \u00e0 l&rsquo;une des audiences record historique de la t\u00e9l\u00e9vision am\u00e9ricaine<\/b>. Et de pr\u00e9ciser : \u00ab\u00a0Ce n&rsquo;est ni pour mon r\u00f4le dans Grey&rsquo;s Anatomy ni pour celui dans NCIS. Et je fais partie des rares personnes \u00e0 pouvoir dire : je suis morte, je suis revenue et je vais plut\u00f4t bien\u00a0\u00bb. Un casque a aussi \u00e9t\u00e9 d\u00e9voil\u00e9 sur le grand \u00e9cran du plateau de l&rsquo;\u00e9mission.<\/p>\n<p>                        <b>Mask Singer <\/b><b>2025\u00a0: Quelle est la troisi\u00e8me star internationale r\u00e9v\u00e9l\u00e9e ce vendredi 20 juin et qui se cachait sous le costume de la Grenouille ?<\/b><\/p>\n<p>La Grenouille a ensuite chant\u00e9 le titre You Can Leave Your Hat on de <a href=\"https:\/\/www.programme-tv.net\/biographie\/47567-cocker-joe\/\" data-link-people=\"5cf0505b-5ec6-4dbc-b46d-25cd18d4642b\" target=\"_blank\" rel=\"noopener\">Joe Cocker<\/a>. Chantal Ladesou a voulu savoir s&rsquo;il \u00e9tait com\u00e9dien ou sportif, ce \u00e0 quoi il a r\u00e9pondu : \u00ab\u00a0Les deux\u00a0\u00bb. Quant \u00e0 Laurent Ruquier, il a directement trouv\u00e9 son identit\u00e9 ! En effet, <b>il l&rsquo;a kabuk\u00e9, remportant un quatri\u00e8me prono d&rsquo;or<\/b>. Si les suspicions se sont port\u00e9es sur <a href=\"https:\/\/www.programme-tv.net\/biographie\/8081-selleck-tom\/\" data-link-people=\"e0ba59d5-a159-4c35-9b96-76254603a222\" target=\"_blank\" rel=\"noopener\"><b>Tom Selleck<\/b><\/a> ou encore <a href=\"https:\/\/www.programme-tv.net\/biographie\/2414-norris-chuck\/\" data-link-people=\"22e24130-8a28-4f47-ae48-4491dfcc30f4\" target=\"_blank\" rel=\"noopener\"><b>Chuck Norris<\/b><\/a>, c&rsquo;est finalement <a href=\"https:\/\/www.programme-tv.net\/biographie\/638-duffy-patrick\/\" data-link-people=\"dff2d40e-08e0-44c7-a85e-217427c56473\" target=\"_blank\" rel=\"noopener\"><b>Patrick Duffy<\/b><\/a><b> <\/b>(Notre belle famille, Dallas)<b> <\/b>qui se cachait sous le costume de la Grenouille !<\/p>\n<p><img decoding=\"async\" src=\"https:\/\/www.europesays.com\/fr\/wp-content\/uploads\/2025\/06\/1750453586_311_thumbnail.jpg\" alt=\"\" data-id=\"\"\/>Mask Singer &#8211; TF1<\/p>\n","protected":false},"excerpt":{"rendered":"Ce vendredi 20 juin, une troisi\u00e8me star internationale a enflamm\u00e9 le plateau de Mask Singer sur TF1 dans&hellip;\n","protected":false},"author":2,"featured_media":191861,"comment_status":"","ping_status":"","sticky":false,"template":"","format":"standard","meta":{"footnotes":""},"categories":[1356],"tags":[193,6788,244,58,59,3483,1011,27,6787,1759,5983,20089,20090,252,199,1364,6789],"class_list":{"0":"post-191860","1":"post","2":"type-post","3":"status-publish","4":"format-standard","5":"has-post-thumbnail","7":"category-television","8":"tag-camille-combal","9":"tag-chantal-ladesou","10":"tag-commentaire","11":"tag-divertissement","12":"tag-entertainment","13":"tag-extrait","14":"tag-fr","15":"tag-france","16":"tag-kev-adams","17":"tag-laurent-ruquier","18":"tag-mask-singer","19":"tag-mask-singer-e02-1098788676","20":"tag-mask-singer-40573405","21":"tag-television","22":"tag-tf1","23":"tag-tv","24":"tag-u00c9lodie-poux"},"share_on_mastodon":{"url":"https:\/\/pubeurope.com\/@fr\/114717733010898723","error":""},"_links":{"self":[{"href":"https:\/\/www.europesays.com\/fr\/wp-json\/wp\/v2\/posts\/191860","targetHints":{"allow":["GET"]}}],"collection":[{"href":"https:\/\/www.europesays.com\/fr\/wp-json\/wp\/v2\/posts"}],"about":[{"href":"https:\/\/www.europesays.com\/fr\/wp-json\/wp\/v2\/types\/post"}],"author":[{"embeddable":true,"href":"https:\/\/www.europesays.com\/fr\/wp-json\/wp\/v2\/users\/2"}],"replies":[{"embeddable":true,"href":"https:\/\/www.europesays.com\/fr\/wp-json\/wp\/v2\/comments?post=191860"}],"version-history":[{"count":0,"href":"https:\/\/www.europesays.com\/fr\/wp-json\/wp\/v2\/posts\/191860\/revisions"}],"wp:featuredmedia":[{"embeddable":true,"href":"https:\/\/www.europesays.com\/fr\/wp-json\/wp\/v2\/media\/191861"}],"wp:attachment":[{"href":"https:\/\/www.europesays.com\/fr\/wp-json\/wp\/v2\/media?parent=191860"}],"wp:term":[{"taxonomy":"category","embeddable":true,"href":"https:\/\/www.europesays.com\/fr\/wp-json\/wp\/v2\/categories?post=191860"},{"taxonomy":"post_tag","embeddable":true,"href":"https:\/\/www.europesays.com\/fr\/wp-json\/wp\/v2\/tags?post=191860"}],"curies":[{"name":"wp","href":"https:\/\/api.w.org\/{rel}","templated":true}]}}