{"id":191872,"date":"2025-06-20T21:12:11","date_gmt":"2025-06-20T21:12:11","guid":{"rendered":"https:\/\/www.europesays.com\/fr\/191872\/"},"modified":"2025-06-20T21:12:11","modified_gmt":"2025-06-20T21:12:11","slug":"le-nom-et-lecusson-de-la-premiere-mission-de-sophie-adenot-devoiles-par-lagence-spatiale-europeenne-actualites","status":"publish","type":"post","link":"https:\/\/www.europesays.com\/fr\/191872\/","title":{"rendered":"Le nom et l\u2019\u00e9cusson de la premi\u00e8re mission de Sophie Adenot d\u00e9voil\u00e9s par l\u2019Agence spatiale europ\u00e9enne : Actualit\u00e9s"},"content":{"rendered":"<p class=\"lead \"><strong>Lors du salon a\u00e9ronautique du Bourget, vendredi 20 juin, l\u2019Agence spatiale europ\u00e9enne a d\u00e9voil\u00e9 le nom ainsi que l\u2019\u00e9cusson de la premi\u00e8re mission de l\u2019astronaute fran\u00e7aise Sophie Adenot, comme le rapporte Ouest-France.<\/strong><\/p>\n<p class=\"lead \">Dans le cadre de la 55e \u00e9dition du salon du Bourget, l\u2019Agence spatiale europ\u00e9enne a rendu public le nom et l\u2019\u00e9cusson de la mission de l\u2019astronaute Sophie Adenot qui la conduira jusqu\u2019\u00e0 la Station spatiale internationale (ISS), comme le rapporte <a href=\"https:\/\/www.ouest-france.fr\/sciences\/espace\/lagence-spatiale-europeenne-devoile-le-nom-de-la-premiere-mission-spatiale-de-sophie-adenot-4576947a-4deb-11f0-8eae-d079c596ca40\" target=\"_blank\" rel=\"nofollow noopener\">Ouest-France<\/a>. <\/p>\n<p class=\"lead \">La Fran\u00e7aise fait partie des cinq astronautes retenus en 2022 lors de la derni\u00e8re promotion de l\u2019Agence spatiale europ\u00e9enne. Apr\u00e8s avoir termin\u00e9 sa formation de base au printemps 2024, elle a \u00e9t\u00e9 affect\u00e9e \u00e0 sa premi\u00e8re mission qui aura lieu en 2026 aux c\u00f4t\u00e9s de son coll\u00e8gue Rapha\u00ebl Li\u00e9gois. Le nom de cette mission sera \u03b5psilon. Son r\u00f4le sera de r\u00e9aliser de nombreuses exp\u00e9riences scientifiques, de mener des recherches m\u00e9dicales et de contribuer \u00e0 la maintenance de la station.<\/p>\n<p>                                                                                                Un nom et un \u00e9cusson avec une port\u00e9e symbolique<\/p>\n<p class=\"lead \">En math\u00e9matiques, la lettre \u03b5 d\u00e9signe de petits nombres. Ainsi, le nom de la mission \u201c\u03b5psilon\u201d rappelle la contribution de \u201ctous les r\u00f4les modestes mais porteurs de sens\u201d.<\/p>\n<p class=\"lead \">\u201cLe nom de la mission, \u03b5psilon, ainsi que le patch associ\u00e9, refl\u00e8tent le pouvoir des petites contributions qui ont cependant un grand impact, ou comment une multitude de petits \u00e9l\u00e9ments s\u2019unissent pour cr\u00e9er un tout\u201d, indique le communiqu\u00e9 de l\u2019Agence spatiale europ\u00e9enne.<\/p>\n<p class=\"lead \">Pour l\u2019\u00e9cusson, celui-ci repr\u00e9sente un colibri sur un fond \u00e9toil\u00e9. Un petit oiseau qui joue pourtant le r\u00f4le essentiel de pollinisateur pour de nombreuses plantes dans la jungle. \u201cAutour de l\u2019\u00e9cusson figure un anneau de petits points, symbolisant les nombreuses contributions discr\u00e8tes qui permettent de r\u00e9aliser de grandes choses\u201d, indique le communiqu\u00e9.<\/p>\n<p class=\"small font-weight-bold text-gray3 \"> publi\u00e9 le 20 juin \u00e0 19h52, Arnaud Enjourbault, 6Medias<\/p>\n<p>                             Partager<\/p>\n","protected":false},"excerpt":{"rendered":"Lors du salon a\u00e9ronautique du Bourget, vendredi 20 juin, l\u2019Agence spatiale europ\u00e9enne a d\u00e9voil\u00e9 le nom ainsi que&hellip;\n","protected":false},"author":2,"featured_media":191873,"comment_status":"","ping_status":"","sticky":false,"template":"","format":"standard","meta":{"footnotes":""},"categories":[7],"tags":[1011,27,43,40,41,39,42,44],"class_list":{"0":"post-191872","1":"post","2":"type-post","3":"status-publish","4":"format-standard","5":"has-post-thumbnail","7":"category-sciences-et-technologies","8":"tag-fr","9":"tag-france","10":"tag-science","11":"tag-science-and-technology","12":"tag-sciences","13":"tag-sciences-et-technologies","14":"tag-technologies","15":"tag-technology"},"share_on_mastodon":{"url":"https:\/\/pubeurope.com\/@fr\/114717756297428673","error":""},"_links":{"self":[{"href":"https:\/\/www.europesays.com\/fr\/wp-json\/wp\/v2\/posts\/191872","targetHints":{"allow":["GET"]}}],"collection":[{"href":"https:\/\/www.europesays.com\/fr\/wp-json\/wp\/v2\/posts"}],"about":[{"href":"https:\/\/www.europesays.com\/fr\/wp-json\/wp\/v2\/types\/post"}],"author":[{"embeddable":true,"href":"https:\/\/www.europesays.com\/fr\/wp-json\/wp\/v2\/users\/2"}],"replies":[{"embeddable":true,"href":"https:\/\/www.europesays.com\/fr\/wp-json\/wp\/v2\/comments?post=191872"}],"version-history":[{"count":0,"href":"https:\/\/www.europesays.com\/fr\/wp-json\/wp\/v2\/posts\/191872\/revisions"}],"wp:featuredmedia":[{"embeddable":true,"href":"https:\/\/www.europesays.com\/fr\/wp-json\/wp\/v2\/media\/191873"}],"wp:attachment":[{"href":"https:\/\/www.europesays.com\/fr\/wp-json\/wp\/v2\/media?parent=191872"}],"wp:term":[{"taxonomy":"category","embeddable":true,"href":"https:\/\/www.europesays.com\/fr\/wp-json\/wp\/v2\/categories?post=191872"},{"taxonomy":"post_tag","embeddable":true,"href":"https:\/\/www.europesays.com\/fr\/wp-json\/wp\/v2\/tags?post=191872"}],"curies":[{"name":"wp","href":"https:\/\/api.w.org\/{rel}","templated":true}]}}