{"id":191876,"date":"2025-06-20T21:14:11","date_gmt":"2025-06-20T21:14:11","guid":{"rendered":"https:\/\/www.europesays.com\/fr\/191876\/"},"modified":"2025-06-20T21:14:11","modified_gmt":"2025-06-20T21:14:11","slug":"sous-le-feu-de-liran-des-arabes-israeliens-nont-pas-acces-aux-abris","status":"publish","type":"post","link":"https:\/\/www.europesays.com\/fr\/191876\/","title":{"rendered":"sous le feu de l\u2019Iran, des Arabes isra\u00e9liens n\u2019ont pas acc\u00e8s aux abris"},"content":{"rendered":"\n<p>\u201cQuand les missiles iraniens ont commenc\u00e9 \u00e0 pleuvoir sur Isra\u00ebl, beaucoup d\u2019habitants se sont d\u00e9p\u00each\u00e9s de se mettre \u00e0 couvert. Les sir\u00e8nes ont retenti \u00e0 travers le pays pendant que les gens se pr\u00e9cipitaient vers les abris antia\u00e9riens. Mais pour certains Arabes isra\u00e9liens \u2013 2 millions de personnes, soit environ 21\u00a0% de la population \u2013 les portes ont \u00e9t\u00e9 ferm\u00e9es. Pas par la force des explosions ou par des ennemis, mais par leurs propres voisins et concitoyens.\u201d<\/p>\n<p><a href=\"https:\/\/www.aljazeera.com\/news\/2025\/6\/17\/not-for-you-israeli-shelters-exclude-palestinians-as-bombs-rain-down\" target=\"_blank\" rel=\"noopener\">Comme <strong>Al-Jazeera<\/strong><\/a><strong>,<\/strong> plusieurs m\u00e9dias relaient des t\u00e9moignages d\u2019Arabes isra\u00e9liens affirmant s\u2019\u00eatre vu refuser l\u2019acc\u00e8s \u00e0 des bunkers depuis le <a href=\"https:\/\/www.courrierinternational.com\/article\/bombardements-l-iran-riposte-aux-attaques-israeliennes-l-etat-hebreu-promet-de-poursuivre-ses-frappes_232012\" target=\"_blank\" rel=\"noopener\">d\u00e9but des bombardements iraniens il y a une semaine<\/a>.<\/p>\n<p>Interrog\u00e9e par le site qatari, Samar Al-Rashed, une m\u00e8re c\u00e9libataire de 29\u00a0ans vivant dans une r\u00e9sidence peupl\u00e9e essentiellement de Juifs pr\u00e8s d\u2019Acre, explique que sa petite fille de 5\u00a0ans et elle ont \u00e9t\u00e9 refoul\u00e9es par un voisin, dans la nuit du vendredi\u00a013\u00a0au samedi 14\u00a0juin. Ce dernier les aurait entendues parler en arabe et aurait claqu\u00e9 la porte apr\u00e8s leur avoir lanc\u00e9 ces simples mots\u00a0: \u201cPas pour vous\u00a0!\u201d<\/p>\n<p> P\u00e9nurie d\u2019abris collectifs <\/p>\n<p><a class=\"ithalc\" data-ithal=\"lien_externe\" data-ithalc=\"[nav_article]\" target=\"_blank\" href=\"https:\/\/www.middleeasteye.net\/news\/palestinians-jaffa-denied-access-bomb-shelter-israeli-neighbours\" rel=\"noopener\"><strong>Middle East Eye<\/strong> rassemble<\/a> aussi un certain nombre de t\u00e9moignages. Des habitants musulmans de Jaffa racontent s\u2019\u00eatre r\u00e9fugi\u00e9s \u00e0 plusieurs reprises dans un <\/p>\n","protected":false},"excerpt":{"rendered":"\u201cQuand les missiles iraniens ont commenc\u00e9 \u00e0 pleuvoir sur Isra\u00ebl, beaucoup d\u2019habitants se sont d\u00e9p\u00each\u00e9s de se mettre&hellip;\n","protected":false},"author":2,"featured_media":191877,"comment_status":"","ping_status":"","sticky":false,"template":"","format":"standard","meta":{"footnotes":""},"categories":[5],"tags":[11,1011,27,1892,32216,14,16785,3257,12,32215,28],"class_list":{"0":"post-191876","1":"post","2":"type-post","3":"status-publish","4":"format-standard","5":"has-post-thumbnail","7":"category-international","8":"tag-actualites","9":"tag-fr","10":"tag-france","11":"tag-gu00e9opolitique","12":"tag-guerre-israu00ebl-iran","13":"tag-international","14":"tag-israu00ebl","15":"tag-moyen-orient","16":"tag-news","17":"tag-tensions-iran-israu00ebl","18":"tag-world"},"share_on_mastodon":{"url":"https:\/\/pubeurope.com\/@fr\/114717764032524738","error":""},"_links":{"self":[{"href":"https:\/\/www.europesays.com\/fr\/wp-json\/wp\/v2\/posts\/191876","targetHints":{"allow":["GET"]}}],"collection":[{"href":"https:\/\/www.europesays.com\/fr\/wp-json\/wp\/v2\/posts"}],"about":[{"href":"https:\/\/www.europesays.com\/fr\/wp-json\/wp\/v2\/types\/post"}],"author":[{"embeddable":true,"href":"https:\/\/www.europesays.com\/fr\/wp-json\/wp\/v2\/users\/2"}],"replies":[{"embeddable":true,"href":"https:\/\/www.europesays.com\/fr\/wp-json\/wp\/v2\/comments?post=191876"}],"version-history":[{"count":0,"href":"https:\/\/www.europesays.com\/fr\/wp-json\/wp\/v2\/posts\/191876\/revisions"}],"wp:featuredmedia":[{"embeddable":true,"href":"https:\/\/www.europesays.com\/fr\/wp-json\/wp\/v2\/media\/191877"}],"wp:attachment":[{"href":"https:\/\/www.europesays.com\/fr\/wp-json\/wp\/v2\/media?parent=191876"}],"wp:term":[{"taxonomy":"category","embeddable":true,"href":"https:\/\/www.europesays.com\/fr\/wp-json\/wp\/v2\/categories?post=191876"},{"taxonomy":"post_tag","embeddable":true,"href":"https:\/\/www.europesays.com\/fr\/wp-json\/wp\/v2\/tags?post=191876"}],"curies":[{"name":"wp","href":"https:\/\/api.w.org\/{rel}","templated":true}]}}