{"id":191882,"date":"2025-06-20T21:17:18","date_gmt":"2025-06-20T21:17:18","guid":{"rendered":"https:\/\/www.europesays.com\/fr\/191882\/"},"modified":"2025-06-20T21:17:18","modified_gmt":"2025-06-20T21:17:18","slug":"lagenda-du-week-end-vos-sorties-des-21-22-juin-2025","status":"publish","type":"post","link":"https:\/\/www.europesays.com\/fr\/191882\/","title":{"rendered":"L&rsquo;AGENDA DU WEEK-END : VOS SORTIES DES 21 &#038; 22 JUIN 2025"},"content":{"rendered":"<p>Entre bi\u00e8res artisanales, chasses aux bonnes affaires, cin\u00e9ma, cr\u00e9ations artistiques, d\u00e9fis sportifs, plaisirs litt\u00e9raires et f\u00eate de la musique, voici vos rendez-vous incontournables pour tous les go\u00fbts.<\/p>\n<p><strong>13 JOURS, 13 NUITS : AVANT-PREMIERE AU MEGARAMA JEAN-JAUR\u00c8S\u00a0<\/strong><\/p>\n<p>Ce week-end, cin\u00e9ma fran\u00e7ais s\u2019empare d\u2019un \u00e9pisode dramatique de l\u2019histoire r\u00e9cente avec \u00ab\u00a013 jours, 13 nuits\u00a0\u00bb, un thriller intense qui nous plonge au c\u0153ur des derniers moments chaotiques de la pr\u00e9sence occidentale en Afghanistan. Plus d\u2019info <a href=\"http:\/\/13 JOURS, 13 NUITS : AVANT-PREMIERE AU MEGARAMA JEAN-JAUR\u00c8S\u00a0  Le cin\u00e9ma fran\u00e7ais s'empare d'un \u00e9pisode dramatique de l'histoire r\u00e9cente avec &quot;13 jours, 13 nuits&quot;, un thriller intense qui nous plonge au c\u0153ur des derniers moments chaotiques de la pr\u00e9sence occidentale en Afghanistan.\" target=\"_blank\" rel=\"noreferrer noopener\">ICI<\/a>.<\/p>\n<p>LES BRASSEURS FONT LEUR SHOW<\/p>\n<p><strong>La Moisson des Brasseurs \u2013 14\u00e8me \u00e9dition<\/strong>\u00a0Vendredi 21 et samedi 22 juin<\/p>\n<p>L\u2019\u00e9v\u00e9nement phare des amateurs de bi\u00e8re artisanale revient pour sa quatorzi\u00e8me \u00e9dition ! Cette ann\u00e9e, la Brasserie du Sornin de Pouilly-sous-Charlieu repr\u00e9sente fi\u00e8rement les couleurs lig\u00e9riennes en ouvrant ses portes au public.<\/p>\n<ul class=\"wp-block-list\">\n<li><strong>Vendredi<\/strong>\u00a0: 14h \u00e0 17h<\/li>\n<li><strong>Samedi<\/strong>\u00a0: 9h \u00e0 12h<\/li>\n<\/ul>\n<p>L\u2019occasion parfaite de rencontrer les ma\u00eetres-brasseurs de la r\u00e9gion et de d\u00e9couvrir leurs secrets de fabrication. D\u00e9gustation et convivialit\u00e9 garanties ! Plus d\u2019info <a href=\"https:\/\/42info.fr\/la-moisson-des-brasseurs-fait-mousser-les-brasseurs-du-sornin\/\" target=\"_blank\" rel=\"noreferrer noopener nofollow\">ICI<\/a>.<\/p>\n<p>BRADERIE D\u2019\u00c9T\u00c9 : L\u2019HEURE DES BONNES AFFAIRES<\/p>\n<p><strong>Braderie d\u2019\u00e9t\u00e9 de Saint-Chamond<\/strong>\u00a0Vendredi 21 et samedi 22 juin \u2013 9h \u00e0 19h<\/p>\n<p>La rue de la R\u00e9publique se transforme en paradis du shopping avec son cort\u00e8ge de promotions exclusives. Partant de la place Dorian, l\u2019animation s\u2019\u00e9tendra dans les rues perpendiculaires pour deux journ\u00e9es de chasse aux tr\u00e9sors urbains.<\/p>\n<p>Parfait pour d\u00e9nicher la perle rare tout en profitant de l\u2019ambiance festive du centre-ville ! Plus d\u2019info <a href=\"https:\/\/42info.fr\/saint-chamond-en-mode-soldes-la-rue-de-la-republique-devient-un-grand-bazar\/\" target=\"_blank\" rel=\"noreferrer noopener nofollow\">ICI<\/a>.<\/p>\n<p>VOYAGE LITT\u00c9RAIRE \u00c0 MONTBRISON<\/p>\n<p><strong>7\u00e8me Salon du livre \u00ab\u00a0Lisons \u00e0 Montbrison\u00a0\u00bb<\/strong>\u00a0Samedi 22 juin \u2013 10h \u00e0 18h\u00a0Salle de l\u2019Orangerie<\/p>\n<p>Bibliophiles, cette journ\u00e9e est faite pour vous ! Romans, BD, science-fiction, polars, r\u00e9cits de voyage\u2026 tous les genres litt\u00e9raires se donnent rendez-vous dans un cadre chaleureux.<\/p>\n<p>L\u2019occasion de rencontrer des auteurs, d\u00e9couvrir de nouveaux talents et enrichir sa biblioth\u00e8que personnelle. Plus d\u2019info <a href=\"https:\/\/42info.fr\/montbrison-se-transforme-en-bibliotheque-geante-les-livres-envahissent-lorangerie\/\" target=\"_blank\" rel=\"noreferrer noopener nofollow\">ICI<\/a>.<\/p>\n<p>QUAND L\u2019ENCRE PREND VIE<\/p>\n<p><strong>Salon et march\u00e9 \u00ab\u00a0Faire Impression 2025\u00a0\u00bb<\/strong>\u00a0Samedi 22 et dimanche 23 juin \u2013 10h \u00e0 19h\u00a0Bourse du travail, Saint-\u00c9tienne<\/p>\n<p>Les M\u00e9cr\u00e9encres c\u00e9l\u00e8brent l\u2019art de l\u2019encre et de l\u2019illustration dans un \u00e9v\u00e9nement unique. S\u00e9rigraphes, illustrateurs et artistes de tous horizons exposent leurs cr\u00e9ations et partagent leur passion.<\/p>\n<p><strong>Bonus<\/strong>\u00a0: Participez \u00e0 un atelier s\u00e9rigraphie pour repartir avec votre propre cr\u00e9ation ! Plus d\u2019info <a href=\"https:\/\/42info.fr\/saint-etienne-plonge-dans-lencre-la-bourse-du-travail-devient-atelier-geant\/\" target=\"_blank\" rel=\"noreferrer noopener nofollow\">ICI<\/a>.<\/p>\n<p>D\u00c9FIS VERTICAUX POUR TOUS<\/p>\n<p><strong>Journ\u00e9e portes ouvertes Climb Up<\/strong>\u00a0Dimanche 23 juin\u00a0Saint-\u00c9tienne<\/p>\n<p>L\u2019escalade n\u2019aura plus de secrets pour vous ! La salle Climb Up ouvre grand ses portes pour initier petits et grands aux joies de la grimpe.<\/p>\n<p>Au menu :<\/p>\n<ul class=\"wp-block-list\">\n<li>Parcours aventure<\/li>\n<li>Initiation escalade de voies<\/li>\n<li>Acc\u00e8s libre au bloc<\/li>\n<\/ul>\n<p>Une journ\u00e9e parfaite pour d\u00e9couvrir ce sport accessible \u00e0 tous les niveaux. Plus d\u2019info <a href=\"https:\/\/42info.fr\/quand-saint-etienne-se-hisse-au-sommet-avec-louverture-de-climp-up-complexe-descalade\/\" target=\"_blank\" rel=\"noreferrer noopener nofollow\">ICI<\/a>.<\/p>\n<p>F\u00caTE DE LA MUSIQUE \u00c0 SAINT-\u00c9TIENNE<\/p>\n<p>La capitale du design s\u2019appr\u00eate \u00e0 r\u00e9sonner de mille m\u00e9lodies ! Saint-\u00c9tienne accueille une nouvelle fois sa traditionnelle c\u00e9l\u00e9bration musicale avec un programme qui fait la part belle \u00e0 la diversit\u00e9 artistique. Cette ann\u00e9e encore, la ville transforme ses rues en v\u00e9ritable sc\u00e8ne \u00e0 ciel ouvert.<\/p>\n<p>L\u2019\u00e9v\u00e9nement rassemble une quarantaine de groupes et artistes pr\u00eats \u00e0 enflammer les diff\u00e9rents quartiers st\u00e9phanois. Cette programmation \u00e9clectique refl\u00e8te la richesse culturelle locale et invite chaque habitant \u00e0 d\u00e9couvrir de nouveaux horizons sonores. Plus d\u2019info <a href=\"https:\/\/42info.fr\/saint-etienne-fait-vibrer-ses-paves-la-fete-de-la-musique-debarque-avec-ses-surprises\/\" target=\"_blank\" rel=\"noreferrer noopener nofollow\">ICI<\/a>.<\/p>\n<p>F\u00caTE DE LA MUSIQUE \u00c0 ROANNE<\/p>\n<p>Alain Chamfort en vedette au bord de l\u2019eau<\/p>\n<p>La sous-pr\u00e9fecture lig\u00e9rienne sort le grand jeu pour c\u00e9l\u00e9brer la musique avec panache. La sc\u00e8ne principale, majestueusement install\u00e9e en bordure de Loire, accueillera notamment le dandy de la chanson fran\u00e7aise, promettant une soir\u00e9e m\u00e9morable dans un cadre idyllique.<\/p>\n<p>Mais l\u2019\u00e9v\u00e9nement ne se limite pas \u00e0 cette t\u00eate d\u2019affiche prestigieuse. Roanne a vu les choses en grand en diss\u00e9minant la f\u00eate musicale aux quatre coins du centre-ville, cr\u00e9ant un v\u00e9ritable parcours sonore pour tous les go\u00fbts et tous les \u00e2ges.<\/p>\n<p>Le parvis Saint-Michel r\u00e9sonne de m\u00e9lodies vari\u00e9es<\/p>\n<p>D\u00e8s 14h30, l\u2019artiste local Julien Turpin donnera le ton avec un marathon musical de deux heures, naviguant entre vari\u00e9t\u00e9s contemporaines, pop-rock \u00e9nergique et p\u00e9pites r\u00e9tro. Le relais sera ensuite pris par le Shoho Trio \u00e0 16h30, formation qui excelle dans l\u2019art de r\u00e9concilier les g\u00e9n\u00e9rations autour d\u2019un r\u00e9pertoire savamment dos\u00e9.<\/p>\n<p>L\u2019orchestre \u00ab\u00a0Tous dans le vent\u00a0\u00bb cl\u00f4turera cette premi\u00e8re \u00e9tape \u00e0 16h30 \u00e9galement, d\u00e9ployant la puissance de ses cinquante musiciens amateurs dans un spectacle qui promet d\u2019\u00eatre grandiose. La soir\u00e9e se terminera en beaut\u00e9 avec Black Market \u00e0 18h30, groupe roannais qui rendra hommage aux monuments du hard rock.<\/p>\n<p>La place du march\u00e9 devient sc\u00e8ne ouverte<\/p>\n<p>Ce lieu embl\u00e9matique du commerce roannais accueillera une programmation particuli\u00e8rement \u00e9clectique. Ambre, prodige de 13 ans, ouvrira les festivit\u00e9s \u00e0 14 heures avec ses compositions personnelles et ses reprises soigneusement choisies.<\/p>\n<p>Harry P. apportera ensuite une couleur urbaine avec son dancehall et ses sonorit\u00e9s afro-trap \u00e0 15h30, avant qu\u2019Ojama n\u2019offre une exp\u00e9rience musicale surprenante m\u00e9langeant pop-rock occidental et esth\u00e9tique nippone \u00e0 16h30.<\/p>\n<p>Les Expandables fermeront cette programmation \u00e0 18 heures en revisitant les l\u00e9gendes du rock, de Jimi Hendrix aux ma\u00eetres de Led Zeppelin.<\/p>\n<p>Le kiosque des Promenades cultive la diversit\u00e9<\/p>\n<p>Ce petit \u00e9crin musical proposera une palette artistique particuli\u00e8rement riche. AL.K.RA lancera les hostilit\u00e9s \u00e0 14 heures avec ses compositions punk acoustiques, suivi par l\u2019octuor Trad\u2019n\u2019Zik qui embarquera les auditeurs dans un voyage musical plan\u00e9taire \u00e0 15 heures.<\/p>\n<p>Amber prendra le relais \u00e0 17 heures avec ses textes engag\u00e9s et sinc\u00e8res, abordant des th\u00e9matiques contemporaines fortes. La soir\u00e9e se conclura par une succession de DJ sets orchestr\u00e9e par Yosh, S\u00e9bastien Vrodler, Drix-C, Macks et PLADZ, transformant le kiosque en v\u00e9ritable piste de danse sous les \u00e9toiles.<\/p>\n<p>Une f\u00eate \u00e0 la hauteur de l\u2019ambition roannaise<\/p>\n<p>Cette \u00e9dition 2025 de la F\u00eate de la musique confirme la volont\u00e9 de Roanne de proposer un \u00e9v\u00e9nement populaire et qualitatif, m\u00ealant talents confirm\u00e9s et jeunes pousses locales dans un festival urbain \u00e0 taille humaine.<\/p>\n<p>F\u00eate de la musique 2025 \u2013 Roanne\u00a0Quatre sc\u00e8nes : Bords de Loire, Parvis Saint-Michel, Place du march\u00e9, Kiosque place des Promenades\u00a0Programme complet de 14h \u00e0 22h. Plus d\u2019info <a href=\"https:\/\/42info.fr\/le-grand-show-de-la-fete-de-la-musique-approche-a-roanne\/\" target=\"_blank\" rel=\"noreferrer noopener nofollow\">ICI<\/a>.<\/p>\n","protected":false},"excerpt":{"rendered":"Entre bi\u00e8res artisanales, chasses aux bonnes affaires, cin\u00e9ma, cr\u00e9ations artistiques, d\u00e9fis sportifs, plaisirs litt\u00e9raires et f\u00eate de la&hellip;\n","protected":false},"author":2,"featured_media":39010,"comment_status":"","ping_status":"","sticky":false,"template":"","format":"standard","meta":{"footnotes":""},"categories":[9653],"tags":[1111,11,4763,2430,650,1777,674,1011,27,3367,7357,873,12,25,9838,9669,4001,4251],"class_list":{"0":"post-191882","1":"post","2":"type-post","3":"status-publish","4":"format-standard","5":"has-post-thumbnail","7":"category-saint-etienne","8":"tag-actu","9":"tag-actualites","10":"tag-agenda","11":"tag-auvergne-rhone-alpes","12":"tag-cinema","13":"tag-eu","14":"tag-europe","15":"tag-fr","16":"tag-france","17":"tag-loire","18":"tag-montbrison","19":"tag-musique","20":"tag-news","21":"tag-republique-francaise","22":"tag-roanne","23":"tag-saint-chamond","24":"tag-saint-etienne","25":"tag-sortir"},"share_on_mastodon":{"url":"https:\/\/pubeurope.com\/@fr\/114717775924327632","error":""},"_links":{"self":[{"href":"https:\/\/www.europesays.com\/fr\/wp-json\/wp\/v2\/posts\/191882","targetHints":{"allow":["GET"]}}],"collection":[{"href":"https:\/\/www.europesays.com\/fr\/wp-json\/wp\/v2\/posts"}],"about":[{"href":"https:\/\/www.europesays.com\/fr\/wp-json\/wp\/v2\/types\/post"}],"author":[{"embeddable":true,"href":"https:\/\/www.europesays.com\/fr\/wp-json\/wp\/v2\/users\/2"}],"replies":[{"embeddable":true,"href":"https:\/\/www.europesays.com\/fr\/wp-json\/wp\/v2\/comments?post=191882"}],"version-history":[{"count":0,"href":"https:\/\/www.europesays.com\/fr\/wp-json\/wp\/v2\/posts\/191882\/revisions"}],"wp:featuredmedia":[{"embeddable":true,"href":"https:\/\/www.europesays.com\/fr\/wp-json\/wp\/v2\/media\/39010"}],"wp:attachment":[{"href":"https:\/\/www.europesays.com\/fr\/wp-json\/wp\/v2\/media?parent=191882"}],"wp:term":[{"taxonomy":"category","embeddable":true,"href":"https:\/\/www.europesays.com\/fr\/wp-json\/wp\/v2\/categories?post=191882"},{"taxonomy":"post_tag","embeddable":true,"href":"https:\/\/www.europesays.com\/fr\/wp-json\/wp\/v2\/tags?post=191882"}],"curies":[{"name":"wp","href":"https:\/\/api.w.org\/{rel}","templated":true}]}}