{"id":191883,"date":"2025-06-20T21:18:26","date_gmt":"2025-06-20T21:18:26","guid":{"rendered":"https:\/\/www.europesays.com\/fr\/191883\/"},"modified":"2025-06-20T21:18:26","modified_gmt":"2025-06-20T21:18:26","slug":"saint-etienne-lofficier-de-police-apercoit-une-course-poursuite-a-pied-et-stoppe-le-fuyard","status":"publish","type":"post","link":"https:\/\/www.europesays.com\/fr\/191883\/","title":{"rendered":"Saint-Etienne. L\u2019officier de police aper\u00e7oit une course-poursuite \u00e0 pied et stoppe le fuyard"},"content":{"rendered":"<p>C\u2019est un refus d\u2019obtemp\u00e9rer inhabituel auquel ont fait face les unit\u00e9s de police municipale et police nationale ce mardi 17\u00a0juin, vers 16 heures. \u00ab\u00a0Mais c\u2019est encore un refus d\u2019obtemp\u00e9rer de trop\u00a0\u00bb, souffle cet agent de police exp\u00e9riment\u00e9.<\/p>\n<p>Des membres de la Brigade anticriminalit\u00e9 sont en patrouille dans le secteur de la rue Antoine-Durafour \u00e0 Saint-Etienne quand ils aper\u00e7oivent des policiers municipaux qui souhaitent proc\u00e9der au contr\u00f4le d\u2019un jeune homme sur une trottinette avec des \u00e9couteurs dans les oreilles.<\/p>\n<p>  Deux jours d\u2019ITT pour l\u2019agent renvers\u00e9<\/p>\n<p>Alors qu\u2019un agent met pied \u00e0 terre en lui indiquant par le geste de s\u2019arr\u00eater, le pilote du deux-roues refuse de se soumettre et le percute de plein fouet. Le fonctionnaire chute lourdement au sol et se verra prescrire deux jours d\u2019incapacit\u00e9 totale de travail. L\u2019individu tombe \u00e9galement mais parvient \u00e0 prendre la fuite \u00e0 pied. Les policiers de la BAC le prennent alors en chasse \u00e0 pied en direction du cours Fauriel puis jusqu\u2019au cours Gustave-Nadaud.<\/p>\n<p>  Il circulait sur un engin d\u00e9brid\u00e9<\/p>\n<p>C\u2019est l\u00e0 qu\u2019un officier de police du commissariat central de Saint-Etienne, de passage dans le secteur par pure co\u00efncidence, voit la course-poursuite. Ayant reconnu ses coll\u00e8gues aux basques du fuyard et n\u2019\u00e9coutant que son courage, ce dernier d\u00e9cide d\u2019intervenir pour stopper le jeune homme. \u00c2g\u00e9 de 23 ans et habitant Saint-Etienne, le mis en cause a finalement pu \u00eatre interpell\u00e9 et plac\u00e9 en garde \u00e0 vue avant d\u2019\u00eatre pr\u00e9sent\u00e9 \u00e0 un magistrat ce jeudi 19 juin au cours de la matin\u00e9e.<\/p>\n<p>Il sera prochainement convoqu\u00e9 devant les services de la justice pour refus d\u2019obtemp\u00e9rer, conduite sous l\u2019emprise de stup\u00e9fiants, vitesse excessive sur un v\u00e9hicule transform\u00e9 et port d\u2019un dispositif pouvant diffuser du son.<\/p>\n","protected":false},"excerpt":{"rendered":"C\u2019est un refus d\u2019obtemp\u00e9rer inhabituel auquel ont fait face les unit\u00e9s de police municipale et police nationale ce&hellip;\n","protected":false},"author":2,"featured_media":191884,"comment_status":"","ping_status":"","sticky":false,"template":"","format":"standard","meta":{"footnotes":""},"categories":[9653],"tags":[1111,11,2430,271,272,7539,1777,674,274,1011,27,3367,12,25,4001,7538,104,2803],"class_list":{"0":"post-191883","1":"post","2":"type-post","3":"status-publish","4":"format-standard","5":"has-post-thumbnail","7":"category-saint-etienne","8":"tag-actu","9":"tag-actualites","10":"tag-auvergne-rhone-alpes","11":"tag-crime","12":"tag-delit-et-contravention","13":"tag-edition-loire-sud","14":"tag-eu","15":"tag-europe","16":"tag-faits-divers-justice","17":"tag-fr","18":"tag-france","19":"tag-loire","20":"tag-news","21":"tag-republique-francaise","22":"tag-saint-etienne","23":"tag-saint-etienne-ville","24":"tag-societe","25":"tag-transport"},"share_on_mastodon":{"url":"https:\/\/pubeurope.com\/@fr\/114717779802999346","error":""},"_links":{"self":[{"href":"https:\/\/www.europesays.com\/fr\/wp-json\/wp\/v2\/posts\/191883","targetHints":{"allow":["GET"]}}],"collection":[{"href":"https:\/\/www.europesays.com\/fr\/wp-json\/wp\/v2\/posts"}],"about":[{"href":"https:\/\/www.europesays.com\/fr\/wp-json\/wp\/v2\/types\/post"}],"author":[{"embeddable":true,"href":"https:\/\/www.europesays.com\/fr\/wp-json\/wp\/v2\/users\/2"}],"replies":[{"embeddable":true,"href":"https:\/\/www.europesays.com\/fr\/wp-json\/wp\/v2\/comments?post=191883"}],"version-history":[{"count":0,"href":"https:\/\/www.europesays.com\/fr\/wp-json\/wp\/v2\/posts\/191883\/revisions"}],"wp:featuredmedia":[{"embeddable":true,"href":"https:\/\/www.europesays.com\/fr\/wp-json\/wp\/v2\/media\/191884"}],"wp:attachment":[{"href":"https:\/\/www.europesays.com\/fr\/wp-json\/wp\/v2\/media?parent=191883"}],"wp:term":[{"taxonomy":"category","embeddable":true,"href":"https:\/\/www.europesays.com\/fr\/wp-json\/wp\/v2\/categories?post=191883"},{"taxonomy":"post_tag","embeddable":true,"href":"https:\/\/www.europesays.com\/fr\/wp-json\/wp\/v2\/tags?post=191883"}],"curies":[{"name":"wp","href":"https:\/\/api.w.org\/{rel}","templated":true}]}}