{"id":191885,"date":"2025-06-20T21:19:11","date_gmt":"2025-06-20T21:19:11","guid":{"rendered":"https:\/\/www.europesays.com\/fr\/191885\/"},"modified":"2025-06-20T21:19:11","modified_gmt":"2025-06-20T21:19:11","slug":"cerville-kermesse-reussie-au-rpi","status":"publish","type":"post","link":"https:\/\/www.europesays.com\/fr\/191885\/","title":{"rendered":"Cerville. Kermesse r\u00e9ussie au RPI"},"content":{"rendered":"<p>Un apr\u00e8s-midi festif s\u2019est d\u00e9roul\u00e9 le 14\u00a0juin \u00e0 l\u2019\u00e9cole des Hauts-Vergers lors de la troisi\u00e8me kermesse du regroupement p\u00e9dagogique intercommunal de la Bouzule. Environ 276 \u00e9l\u00e8ves des \u00e9coles de Champenoux et Cerville ont particip\u00e9. \u00ab\u00a0C\u2019est un temps fort r\u00e9unissant les enfants et leurs familles\u00a0\u00bb, souligne Laura Reppert, membre de l\u2019\u00e9quipe organisatrice. Les attractions, fabriqu\u00e9es par une dizaine de b\u00e9n\u00e9voles, \u00e9taient majoritairement gratuites. La recette de la buvette permettra d\u2019acheter du mat\u00e9riel\u00a0: \u00ab\u00a0une sono, des ballons, des cerceaux.\u00a0\u00bb<\/p>\n","protected":false},"excerpt":{"rendered":"Un apr\u00e8s-midi festif s\u2019est d\u00e9roul\u00e9 le 14\u00a0juin \u00e0 l\u2019\u00e9cole des Hauts-Vergers lors de la troisi\u00e8me kermesse du regroupement&hellip;\n","protected":false},"author":2,"featured_media":191886,"comment_status":"","ping_status":"","sticky":false,"template":"","format":"standard","meta":{"footnotes":""},"categories":[9635],"tags":[1111,11,12080,23783,1704,1057,1777,674,1011,27,775,10425,1702,12,25,104,1631],"class_list":{"0":"post-191885","1":"post","2":"type-post","3":"status-publish","4":"format-standard","5":"has-post-thumbnail","7":"category-nancy","8":"tag-actu","9":"tag-actualites","10":"tag-cc-de-seille-et-grand-couronne-54b","11":"tag-cerville","12":"tag-edition-nancy-et-agglomeration","13":"tag-education","14":"tag-eu","15":"tag-europe","16":"tag-fr","17":"tag-france","18":"tag-grand-est","19":"tag-maternelle-elementaire","20":"tag-nancy","21":"tag-news","22":"tag-republique-francaise","23":"tag-societe","24":"tag-vie-associative"},"share_on_mastodon":{"url":"https:\/\/pubeurope.com\/@fr\/114717783684667708","error":""},"_links":{"self":[{"href":"https:\/\/www.europesays.com\/fr\/wp-json\/wp\/v2\/posts\/191885","targetHints":{"allow":["GET"]}}],"collection":[{"href":"https:\/\/www.europesays.com\/fr\/wp-json\/wp\/v2\/posts"}],"about":[{"href":"https:\/\/www.europesays.com\/fr\/wp-json\/wp\/v2\/types\/post"}],"author":[{"embeddable":true,"href":"https:\/\/www.europesays.com\/fr\/wp-json\/wp\/v2\/users\/2"}],"replies":[{"embeddable":true,"href":"https:\/\/www.europesays.com\/fr\/wp-json\/wp\/v2\/comments?post=191885"}],"version-history":[{"count":0,"href":"https:\/\/www.europesays.com\/fr\/wp-json\/wp\/v2\/posts\/191885\/revisions"}],"wp:featuredmedia":[{"embeddable":true,"href":"https:\/\/www.europesays.com\/fr\/wp-json\/wp\/v2\/media\/191886"}],"wp:attachment":[{"href":"https:\/\/www.europesays.com\/fr\/wp-json\/wp\/v2\/media?parent=191885"}],"wp:term":[{"taxonomy":"category","embeddable":true,"href":"https:\/\/www.europesays.com\/fr\/wp-json\/wp\/v2\/categories?post=191885"},{"taxonomy":"post_tag","embeddable":true,"href":"https:\/\/www.europesays.com\/fr\/wp-json\/wp\/v2\/tags?post=191885"}],"curies":[{"name":"wp","href":"https:\/\/api.w.org\/{rel}","templated":true}]}}